{"id":108087,"date":"2017-02-01T20:46:47","date_gmt":"2017-02-01T22:46:47","guid":{"rendered":"http:\/\/aconteceunovale.com.br\/portal\/?p=108087"},"modified":"2017-02-01T20:46:47","modified_gmt":"2017-02-01T22:46:47","slug":"carreta-carregada-de-gesso-pega-fogo-no-norte-de-minas","status":"publish","type":"post","link":"https:\/\/aconteceunovale.com.br\/portal\/?p=108087","title":{"rendered":"Carreta carregada de gesso pega fogo no Norte de Minas"},"content":{"rendered":"<p>Uma carreta carregada de gesso pegou fogo na BR-251, em Fruta de Leite (Norte de Minas), na manh\u00e3 desta quarta-feira (01\/02\/2017). O Condutor, de 48 anos, n\u00e3o ficou ferido e disse aos agentes da Pol\u00edcia Rodovi\u00e1ria Federal (PRF) que o inc\u00eandio come\u00e7ou pela roda direita do ve\u00edculo. A pista n\u00e3o foi interditada.<\/p>\n<p>De acordo com a PRF, o ve\u00edculo com placas de S\u00e3o Sebasti\u00e3o do Para\u00edso (MG) seguia para Sete Lagoas. A carga, aparentemente, foi preservada. <\/p>\n<p><img decoding=\"async\" src=\"http:\/\/aconteceunovale.com.br\/portal\/wp-content\/uploads\/2017\/02\/carreta_fruta_de_leite.jpg\" alt=\"\" \/><em>Carreta carregada de gesso pegou fogo na BR-251 (Foto: PRF\/Divulga\u00e7\u00e3o)<\/em><br \/>\n<\/br><\/p>\n<p><strong>VER PRIMEIRO<\/strong><\/p>\n<p><strong>Receba as not\u00edcias do Aconteceu no Vale em primeira m\u00e3o. Clique em curtir no endere\u00e7o <a href=\"https:\/\/www.facebook.com\/aconteceunovale\" target=\"_blank\"><font color=\"red\">www.facebook.com\/aconteceunovale<\/font><\/a> ou no box abaixo:<\/strong><\/p>\n<div class=\"fb-like\" data-href=\"https:\/\/www.facebook.com\/aconteceunovale\" data-width=\"120\" data-layout=\"standard\" data-action=\"like\" data-size=\"small\" data-show-faces=\"true\" data-share=\"true\"><\/div>\n<p><\/br><\/p>\n<p><em>(G1 Grande Minas)<\/em><\/p>\n","protected":false},"excerpt":{"rendered":"<p>Uma carreta carregada de gesso pegou fogo na BR-251, em Fruta de Leite (Norte de Minas), na manh\u00e3 desta quarta-feira (01\/02\/2017). O Condutor, de 48 anos, n\u00e3o ficou ferido e disse aos agentes da Pol\u00edcia Rodovi\u00e1ria Federal (PRF) que o inc\u00eandio come\u00e7ou pela roda direita do ve\u00edculo. A pista n\u00e3o foi interditada. De acordo com [&hellip;]<\/p>\n","protected":false},"author":1,"featured_media":108088,"comment_status":"open","ping_status":"closed","sticky":false,"template":"","format":"standard","meta":{"amp_status":"","footnotes":""},"categories":[1236],"tags":[921,138003,137998,1018,1034,138001,138002,138000,137999,1548,1532],"class_list":["post-108087","post","type-post","status-publish","format-standard","has-post-thumbnail","hentry","category-norte_de_minas","tag-br-251","tag-carreta-carregada-de-gesso-pega-fogo-no-norte-de-minas","tag-carreta-carregada-de-gesso-pegou-fogo-na-br-251","tag-destaque","tag-fruta-de-leite","tag-incendio-em-carreta-de-gesso-na-br-251","tag-incendio-em-carreta-de-sao-sebastiao-do-paraiso","tag-incendio-em-carreta-na-br-251","tag-incendio-na-br-251","tag-sao-sebastiao-do-paraiso","tag-sete-lagoas"],"_links":{"self":[{"href":"https:\/\/aconteceunovale.com.br\/portal\/index.php?rest_route=\/wp\/v2\/posts\/108087","targetHints":{"allow":["GET"]}}],"collection":[{"href":"https:\/\/aconteceunovale.com.br\/portal\/index.php?rest_route=\/wp\/v2\/posts"}],"about":[{"href":"https:\/\/aconteceunovale.com.br\/portal\/index.php?rest_route=\/wp\/v2\/types\/post"}],"author":[{"embeddable":true,"href":"https:\/\/aconteceunovale.com.br\/portal\/index.php?rest_route=\/wp\/v2\/users\/1"}],"replies":[{"embeddable":true,"href":"https:\/\/aconteceunovale.com.br\/portal\/index.php?rest_route=%2Fwp%2Fv2%2Fcomments&post=108087"}],"version-history":[{"count":0,"href":"https:\/\/aconteceunovale.com.br\/portal\/index.php?rest_route=\/wp\/v2\/posts\/108087\/revisions"}],"wp:featuredmedia":[{"embeddable":true,"href":"https:\/\/aconteceunovale.com.br\/portal\/index.php?rest_route=\/wp\/v2\/media\/108088"}],"wp:attachment":[{"href":"https:\/\/aconteceunovale.com.br\/portal\/index.php?rest_route=%2Fwp%2Fv2%2Fmedia&parent=108087"}],"wp:term":[{"taxonomy":"category","embeddable":true,"href":"https:\/\/aconteceunovale.com.br\/portal\/index.php?rest_route=%2Fwp%2Fv2%2Fcategories&post=108087"},{"taxonomy":"post_tag","embeddable":true,"href":"https:\/\/aconteceunovale.com.br\/portal\/index.php?rest_route=%2Fwp%2Fv2%2Ftags&post=108087"}],"curies":[{"name":"wp","href":"https:\/\/api.w.org\/{rel}","templated":true}]}}