{"id":108084,"date":"2017-02-01T19:56:02","date_gmt":"2017-02-01T21:56:02","guid":{"rendered":"http:\/\/aconteceunovale.com.br\/portal\/?p=108084"},"modified":"2017-02-01T19:56:02","modified_gmt":"2017-02-01T21:56:02","slug":"homem-mata-desafeto-com-facada-no-peito-em-antonio-dias","status":"publish","type":"post","link":"https:\/\/aconteceunovale.com.br\/portal\/?p=108084","title":{"rendered":"Homem mata desafeto com facada no peito em Ant\u00f4nio Dias"},"content":{"rendered":"<p>\u201cCom vontade, bem no cora\u00e7\u00e3o\u201d. Assim, sorrindo, foi que um homem, de 26 anos, contou como deu a facada que matou Jos\u00e9 Maria da Silva Luiz, de 31 anos, nessa ter\u00e7a-feira (31\/1\/2017), em Ant\u00f4nio Dias, no Vale do A\u00e7o. O crime foi cometido ap\u00f3s mais uma das diversas discuss\u00f5es entre os suspeitos, que s\u00e3o desafetos antigos, desde que quando Luiz passou a namorar com uma mulher que, h\u00e1 alguns anos, teve um caso com o suspeito.<\/p>\n<p>Segundo a Pol\u00edcia Militar (PM), o homem foi preso enquanto fugia, em uma moto, pr\u00f3ximo ao contorno rodovi\u00e1rio de Tim\u00f3teo, na mesma regi\u00e3o. \u201cEle tentava fugir para Santa Maria de Itabira e disse que pediu carona para um motoqueiro, pois precisava chegar, com urg\u00eancia \u00e0 cidade\u201d, explicou o cabo Misael Gon\u00e7alves, da Pol\u00edcia Militar (PM).<\/p>\n<p>Aos militares, o suspeito disse que sempre foi inimigo de Luiz e que, na noite do crime, ao encontrar com a v\u00edtima, ela o empurrou, quando os dois se cruzaram em uma rua. \u201cO suspeito disse que foi empurrado pela v\u00edtima. Sem dizer nada, ele foi at\u00e9 em casa, se armou com uma faca, voltou ao local onde a v\u00edtima estava e a matou com uma facada\u201d, contou o cabo da PM.<\/p>\n<p>\u00c1 v\u00edtima morreu na hora, de acordo com a Pol\u00edcia Civil. Silva disse que a facada foi dada \u201ccom vontade, bem no cora\u00e7\u00e3o\u201d. O local do ferimento foi confirmado pela Pol\u00edcia Civil. O suspeito responder\u00e1 por homic\u00eddio qualificado por motivo f\u00fatil.<\/p>\n<p><strong>Liberado<\/strong><\/p>\n<p>O motociclista que deu carona para o suspeito tamb\u00e9m chegou a ser detido, mas foi libertado ap\u00f3s o Delegado de Plant\u00e3o descartar que ele sabia que o carona era suspeito do crime.<\/p>\n<p><img decoding=\"async\" src=\"http:\/\/aconteceunovale.com.br\/portal\/wp-content\/uploads\/2017\/02\/vitima_antonio_dias.jpg\" alt=\"\" \/><em>Local do crime em Ant\u00f4nio Dias (Foto: Plant\u00e3o Policial Ipatinga)<\/em><br \/>\n<\/br><\/p>\n<p><strong>VER PRIMEIRO<\/strong><\/p>\n<p><strong>Receba as not\u00edcias do Aconteceu no Vale em primeira m\u00e3o. Clique em curtir no endere\u00e7o <a href=\"https:\/\/www.facebook.com\/aconteceunovale\" target=\"_blank\"><font color=\"red\">www.facebook.com\/aconteceunovale<\/font><\/a> ou no box abaixo:<\/strong><\/p>\n<div class=\"fb-like\" data-href=\"https:\/\/www.facebook.com\/aconteceunovale\" data-width=\"120\" data-layout=\"standard\" data-action=\"like\" data-size=\"small\" data-show-faces=\"true\" data-share=\"true\"><\/div>\n<p><\/br><\/p>\n<p><em>(Fonte: O Tempo)<\/em><\/p>\n","protected":false},"excerpt":{"rendered":"<p>\u201cCom vontade, bem no cora\u00e7\u00e3o\u201d. Assim, sorrindo, foi que um homem, de 26 anos, contou como deu a facada que matou Jos\u00e9 Maria da Silva Luiz, de 31 anos, nessa ter\u00e7a-feira (31\/1\/2017), em Ant\u00f4nio Dias, no Vale do A\u00e7o. O crime foi cometido ap\u00f3s mais uma das diversas discuss\u00f5es entre os suspeitos, que s\u00e3o desafetos [&hellip;]<\/p>\n","protected":false},"author":1,"featured_media":108085,"comment_status":"open","ping_status":"closed","sticky":false,"template":"","format":"standard","meta":{"amp_status":"","footnotes":""},"categories":[121],"tags":[1740,119590,137997,119588,137994,137995,137996,1738,1105],"class_list":["post-108084","post","type-post","status-publish","format-standard","has-post-thumbnail","hentry","category-leste","tag-antonio-dias","tag-assassinato-em-antonio-dias","tag-homem-mata-desafeto-com-facada-no-peito-em-antonio-dias","tag-homicidio-em-antonio-dias","tag-jose-maria-da-silva-luiz","tag-morto-a-facadas-em-antonio-dias","tag-morto-em-antonio-dias","tag-santa-maria-de-itabira","tag-timoteo"],"_links":{"self":[{"href":"https:\/\/aconteceunovale.com.br\/portal\/index.php?rest_route=\/wp\/v2\/posts\/108084","targetHints":{"allow":["GET"]}}],"collection":[{"href":"https:\/\/aconteceunovale.com.br\/portal\/index.php?rest_route=\/wp\/v2\/posts"}],"about":[{"href":"https:\/\/aconteceunovale.com.br\/portal\/index.php?rest_route=\/wp\/v2\/types\/post"}],"author":[{"embeddable":true,"href":"https:\/\/aconteceunovale.com.br\/portal\/index.php?rest_route=\/wp\/v2\/users\/1"}],"replies":[{"embeddable":true,"href":"https:\/\/aconteceunovale.com.br\/portal\/index.php?rest_route=%2Fwp%2Fv2%2Fcomments&post=108084"}],"version-history":[{"count":0,"href":"https:\/\/aconteceunovale.com.br\/portal\/index.php?rest_route=\/wp\/v2\/posts\/108084\/revisions"}],"wp:featuredmedia":[{"embeddable":true,"href":"https:\/\/aconteceunovale.com.br\/portal\/index.php?rest_route=\/wp\/v2\/media\/108085"}],"wp:attachment":[{"href":"https:\/\/aconteceunovale.com.br\/portal\/index.php?rest_route=%2Fwp%2Fv2%2Fmedia&parent=108084"}],"wp:term":[{"taxonomy":"category","embeddable":true,"href":"https:\/\/aconteceunovale.com.br\/portal\/index.php?rest_route=%2Fwp%2Fv2%2Fcategories&post=108084"},{"taxonomy":"post_tag","embeddable":true,"href":"https:\/\/aconteceunovale.com.br\/portal\/index.php?rest_route=%2Fwp%2Fv2%2Ftags&post=108084"}],"curies":[{"name":"wp","href":"https:\/\/api.w.org\/{rel}","templated":true}]}}