{"id":108078,"date":"2017-02-01T19:12:41","date_gmt":"2017-02-01T21:12:41","guid":{"rendered":"http:\/\/aconteceunovale.com.br\/portal\/?p=108078"},"modified":"2017-02-01T19:12:41","modified_gmt":"2017-02-01T21:12:41","slug":"dependentes-no-ir-a-partir-de-12-anos-devem-ter-cpf-decide-receita","status":"publish","type":"post","link":"https:\/\/aconteceunovale.com.br\/portal\/?p=108078","title":{"rendered":"Dependentes no IR a partir de 12 anos devem ter CPF, decide Receita"},"content":{"rendered":"<p>Os contribuintes brasileiros que desejarem incluir seus dependentes na declara\u00e7\u00e3o do Imposto de Renda Pessoa F\u00edsica (IRPF) 2017 ter\u00e3o de registr\u00e1-los a partir de 12 anos no Cadastro de Pessoas F\u00edsicas (CPF). At\u00e9 o momento, a obrigatoriedade era para dependentes a partir de 14 anos.<\/p>\n<p>A altera\u00e7\u00e3o est\u00e1 em instru\u00e7\u00e3o normativa da Receita Federal publicada hoje (1\u00b0) no\u00a0<em>Di\u00e1rio Oficial da Uni\u00e3o<\/em>. Segundo nota da Receita, a mudan\u00e7a \u201creduz casos de reten\u00e7\u00e3o de declara\u00e7\u00f5es em malha [fina] e riscos de fraudes relacionadas \u00e0 inclus\u00e3o de dependentes fict\u00edcios\u201d. Ainda de acordo com a Receita, a medida vai evitar a inclus\u00e3o do mesmo dependente em mais de uma declara\u00e7\u00e3o.<\/p>\n<p>A Receita Federal come\u00e7a a receber a declara\u00e7\u00e3o do IRPF 2017 em 2 de mar\u00e7o. Em 23 de fevereiro estar\u00e1 dispon\u00edvel para\u00a0<em>download<\/em>\u00a0o programa gerador da declara\u00e7\u00e3o no\u00a0<span style=\"color: #0000ff;\"><a href=\"https:\/\/idg.receita.fazenda.gov.br\/\" target=\"_blank\"><span style=\"color: #0000ff;\"><em>site<\/em>\u00a0do \u00f3rg\u00e3o<\/span><\/a><\/span>. O prazo para entrega termina em 28 de abril.<\/p>\n<p><strong>VER PRIMEIRO<\/strong><\/p>\n<p><strong>Receba as not\u00edcias do Aconteceu no Vale em primeira m\u00e3o. Clique em curtir no endere\u00e7o <a href=\"https:\/\/www.facebook.com\/aconteceunovale\" target=\"_blank\"><font color=\"red\">www.facebook.com\/aconteceunovale<\/font><\/a> ou no box abaixo:<\/strong><\/p>\n<div class=\"fb-like\" data-href=\"https:\/\/www.facebook.com\/aconteceunovale\" data-width=\"120\" data-layout=\"standard\" data-action=\"like\" data-size=\"small\" data-show-faces=\"true\" data-share=\"true\"><\/div>\n<p><\/br><\/p>\n<p><em>(Ag\u00eancia Brasil)<\/em><\/p>\n","protected":false},"excerpt":{"rendered":"<p>Os contribuintes brasileiros que desejarem incluir seus dependentes na declara\u00e7\u00e3o do Imposto de Renda Pessoa F\u00edsica (IRPF) 2017 ter\u00e3o de registr\u00e1-los a partir de 12 anos no Cadastro de Pessoas F\u00edsicas (CPF). At\u00e9 o momento, a obrigatoriedade era para dependentes a partir de 14 anos. A altera\u00e7\u00e3o est\u00e1 em instru\u00e7\u00e3o normativa da Receita Federal publicada [&hellip;]<\/p>\n","protected":false},"author":1,"featured_media":88696,"comment_status":"open","ping_status":"closed","sticky":false,"template":"","format":"standard","meta":{"amp_status":"","footnotes":""},"categories":[6],"tags":[27752,137980,21726,137983,137979,137982,137981,1468,21725,1464],"class_list":["post-108078","post","type-post","status-publish","format-standard","has-post-thumbnail","hentry","category-br","tag-cpf","tag-cpf-acima-dos-doze-anos","tag-declaracao","tag-dependentes","tag-dependentes-no-ir-a-partir-de-12-anos-devem-ter-cpf","tag-idade-para-emissao-de-cpf","tag-idade-para-emitir-cpf","tag-imposto-de-renda","tag-receita","tag-receita-federal"],"_links":{"self":[{"href":"https:\/\/aconteceunovale.com.br\/portal\/index.php?rest_route=\/wp\/v2\/posts\/108078","targetHints":{"allow":["GET"]}}],"collection":[{"href":"https:\/\/aconteceunovale.com.br\/portal\/index.php?rest_route=\/wp\/v2\/posts"}],"about":[{"href":"https:\/\/aconteceunovale.com.br\/portal\/index.php?rest_route=\/wp\/v2\/types\/post"}],"author":[{"embeddable":true,"href":"https:\/\/aconteceunovale.com.br\/portal\/index.php?rest_route=\/wp\/v2\/users\/1"}],"replies":[{"embeddable":true,"href":"https:\/\/aconteceunovale.com.br\/portal\/index.php?rest_route=%2Fwp%2Fv2%2Fcomments&post=108078"}],"version-history":[{"count":0,"href":"https:\/\/aconteceunovale.com.br\/portal\/index.php?rest_route=\/wp\/v2\/posts\/108078\/revisions"}],"wp:featuredmedia":[{"embeddable":true,"href":"https:\/\/aconteceunovale.com.br\/portal\/index.php?rest_route=\/wp\/v2\/media\/88696"}],"wp:attachment":[{"href":"https:\/\/aconteceunovale.com.br\/portal\/index.php?rest_route=%2Fwp%2Fv2%2Fmedia&parent=108078"}],"wp:term":[{"taxonomy":"category","embeddable":true,"href":"https:\/\/aconteceunovale.com.br\/portal\/index.php?rest_route=%2Fwp%2Fv2%2Fcategories&post=108078"},{"taxonomy":"post_tag","embeddable":true,"href":"https:\/\/aconteceunovale.com.br\/portal\/index.php?rest_route=%2Fwp%2Fv2%2Ftags&post=108078"}],"curies":[{"name":"wp","href":"https:\/\/api.w.org\/{rel}","templated":true}]}}