{"id":108076,"date":"2017-02-01T18:46:29","date_gmt":"2017-02-01T20:46:29","guid":{"rendered":"http:\/\/aconteceunovale.com.br\/portal\/?p=108076"},"modified":"2017-02-01T18:46:29","modified_gmt":"2017-02-01T20:46:29","slug":"eua-mudam-regras-de-emissao-de-visto-para-brasileiros","status":"publish","type":"post","link":"https:\/\/aconteceunovale.com.br\/portal\/?p=108076","title":{"rendered":"EUA mudam regras de emiss\u00e3o de visto para brasileiros"},"content":{"rendered":"<p>O decreto de controle imigrat\u00f3rio assinado pelo presidente dos Estados Unidos, Donald Trump, tamb\u00e9m trouxe mudan\u00e7as na concess\u00e3o do visto para brasileiros que quiserem viajar ao pa\u00eds. Segundo a assessoria de imprensa da Embaixada dos Estados Unidos em Bras\u00edlia, grupos que eram isentos da entrevista pessoal, agora ter\u00e3o de passar pelo procedimento.<\/p>\n<p>Com as novas regras, solicitantes que renovassem os vistos na mesma categoria, at\u00e9 48 meses ap\u00f3s o vencimento; brasileiros e argentinos, entre 14 e 15 anos, e entre 66 e 79 anos, que solicitavam vistos pela primeira vez, ter\u00e3o de fazer a entrevista. Antes, esses grupos eram isentos.<\/p>\n<p>As exce\u00e7\u00f5es s\u00e3o para solicitantes de vistos diplom\u00e1ticos e oficiais de governos estrangeiros e organiza\u00e7\u00f5es internacionais, pessoas com idade inferior a 14 anos ou superior a 79 anos e aqueles que anteriormente tinham um visto na mesma categoria e que expirou menos de 12 meses antes do novo pedido.<\/p>\n<p>\u201cO governo dos Estados Unidos est\u00e1 empenhado em facilitar viagens leg\u00edtimas de visitantes internacionais e ao mesmo tempo garantir a seguran\u00e7a de suas fronteiras\u201d, informou a embaixada, em nota.<\/p>\n<p>A embaixada orienta aos solicitantes de vistos que revisem as altera\u00e7\u00f5es anunciadas no decreto presidencial, incluindo o programa de entrevista de visto, para saber se estas mudan\u00e7as afetar\u00e3o a categoria de visto. O decreto est\u00e1 dispon\u00edvel, em portugu\u00eas, na p\u00e1gina da Embaixada dos Estados Unidos no Brasil.<\/p>\n<p>Na \u00faltima sexta-feira (27), Trump determinou novos mecanismos de controle de imigrantes e refugiados nos Estados Unidos, para, segundo ele, impedir a entrada de terroristas no pa\u00eds. Uma das medidas barra a entrada de cidad\u00e3os do Iraque, S\u00edria, Ir\u00e3, Sud\u00e3o, L\u00edbia, Som\u00e1lia e I\u00eamen por 90 dias. O decreto suspende, a entrada de refugiados por 120 dias, at\u00e9 que os procedimentos de admiss\u00e3o sejam revistos.<\/p>\n<p><strong>VER PRIMEIRO<\/strong><\/p>\n<p><strong>Receba as not\u00edcias do Aconteceu no Vale em primeira m\u00e3o. Clique em curtir no endere\u00e7o <a href=\"https:\/\/www.facebook.com\/aconteceunovale\" target=\"_blank\"><font color=\"red\">www.facebook.com\/aconteceunovale<\/font><\/a> ou no box abaixo:<\/strong><\/p>\n<div class=\"fb-like\" data-href=\"https:\/\/www.facebook.com\/aconteceunovale\" data-width=\"120\" data-layout=\"standard\" data-action=\"like\" data-size=\"small\" data-show-faces=\"true\" data-share=\"true\"><\/div>\n<p><\/br><\/p>\n<p><em>(Fonte: Ag\u00eancia Brasil)<\/em><\/p>\n","protected":false},"excerpt":{"rendered":"<p>O decreto de controle imigrat\u00f3rio assinado pelo presidente dos Estados Unidos, Donald Trump, tamb\u00e9m trouxe mudan\u00e7as na concess\u00e3o do visto para brasileiros que quiserem viajar ao pa\u00eds. Segundo a assessoria de imprensa da Embaixada dos Estados Unidos em Bras\u00edlia, grupos que eram isentos da entrevista pessoal, agora ter\u00e3o de passar pelo procedimento. Com as novas [&hellip;]<\/p>\n","protected":false},"author":1,"featured_media":63181,"comment_status":"open","ping_status":"closed","sticky":false,"template":"","format":"standard","meta":{"amp_status":"","footnotes":""},"categories":[6,28848],"tags":[137969,137972,137974,137970,137973,137968,137971,137229,1018,79020,49571,15469,50315,137977,137975,137976,137978,95908],"class_list":["post-108076","post","type-post","status-publish","format-standard","has-post-thumbnail","hentry","category-br","category-mundo","tag-controle-imigratorio-assinado-pelo-presidente-dos-estados-unidos","tag-controle-imigratorio-assinado-pelo-presidente-dos-eua","tag-controle-imigratorio-donald-trump","tag-controle-imigratorio-dos-estados-unidos","tag-controle-imigratorio-dos-eua","tag-decreto-de-controle-imigratorio-assinado-pelo-presidente-dos-estados-unidos","tag-decreto-de-controle-imigratorio-assinado-pelo-presidente-dos-eua","tag-decreto-donald-trump","tag-destaque","tag-donald-trump","tag-embaixada-dos-estados-unidos-em-brasilia","tag-estados-unidos","tag-eua","tag-eua-mudam-regras-de-emissao-de-visto-para-brasileiros","tag-mudancas-na-concessao-do-visto-para-brasileiros","tag-mudancas-na-concessao-do-visto-para-brasileiros-que-quiserem-viajar-para-os-estados-unidos","tag-regras-de-emissao-de-visto-para-brasileiros","tag-trump"],"_links":{"self":[{"href":"https:\/\/aconteceunovale.com.br\/portal\/index.php?rest_route=\/wp\/v2\/posts\/108076","targetHints":{"allow":["GET"]}}],"collection":[{"href":"https:\/\/aconteceunovale.com.br\/portal\/index.php?rest_route=\/wp\/v2\/posts"}],"about":[{"href":"https:\/\/aconteceunovale.com.br\/portal\/index.php?rest_route=\/wp\/v2\/types\/post"}],"author":[{"embeddable":true,"href":"https:\/\/aconteceunovale.com.br\/portal\/index.php?rest_route=\/wp\/v2\/users\/1"}],"replies":[{"embeddable":true,"href":"https:\/\/aconteceunovale.com.br\/portal\/index.php?rest_route=%2Fwp%2Fv2%2Fcomments&post=108076"}],"version-history":[{"count":0,"href":"https:\/\/aconteceunovale.com.br\/portal\/index.php?rest_route=\/wp\/v2\/posts\/108076\/revisions"}],"wp:featuredmedia":[{"embeddable":true,"href":"https:\/\/aconteceunovale.com.br\/portal\/index.php?rest_route=\/wp\/v2\/media\/63181"}],"wp:attachment":[{"href":"https:\/\/aconteceunovale.com.br\/portal\/index.php?rest_route=%2Fwp%2Fv2%2Fmedia&parent=108076"}],"wp:term":[{"taxonomy":"category","embeddable":true,"href":"https:\/\/aconteceunovale.com.br\/portal\/index.php?rest_route=%2Fwp%2Fv2%2Fcategories&post=108076"},{"taxonomy":"post_tag","embeddable":true,"href":"https:\/\/aconteceunovale.com.br\/portal\/index.php?rest_route=%2Fwp%2Fv2%2Ftags&post=108076"}],"curies":[{"name":"wp","href":"https:\/\/api.w.org\/{rel}","templated":true}]}}