{"id":108049,"date":"2017-01-31T23:09:11","date_gmt":"2017-02-01T01:09:11","guid":{"rendered":"http:\/\/aconteceunovale.com.br\/portal\/?p=108049"},"modified":"2017-01-31T23:09:11","modified_gmt":"2017-02-01T01:09:11","slug":"policia-civil-realiza-leilao-de-veiculos-em-governador-valadares","status":"publish","type":"post","link":"https:\/\/aconteceunovale.com.br\/portal\/?p=108049","title":{"rendered":"Pol\u00edcia Civil realiza leil\u00e3o de ve\u00edculos em Governador Valadares"},"content":{"rendered":"<p>A Pol\u00edcia Civil de Governador Valadares abriu per\u00edodo de visita\u00e7\u00e3o nesta ter\u00e7a-feira (31\/1\/2017) para pessoas interessadas em adquirir ve\u00edculos que ser\u00e3o leiloados na cidade. Ser\u00e3o 421 ve\u00edculos entre motocicletas e carros que podem ser vistos at\u00e9 o pr\u00f3ximo s\u00e1bado (4) na avenida Industrial, n\u00ba 1695, bairro Industrial.<\/p>\n<p>De acordo com o \u00f3rg\u00e3o, entre os lotes h\u00e1 ve\u00edculos para sucata e outros recuper\u00e1veis. Para participar do leil\u00e3o \u00e9 preciso ser maior de 18 anos, apresentar RG e CPF e comprovante de resid\u00eancia. Os ve\u00edculos arrematados n\u00e3o possuem d\u00e9bitos anteriores, mas o novo propriet\u00e1rio pagar\u00e1 as taxas de licenciamento, seguro obrigat\u00f3rio e IPVA proporcionais \u00e0 data de aquisi\u00e7\u00e3o.<\/p>\n<p>Neste ano, o pagamento dos lotes arrematados poder\u00e1 ser feito em at\u00e9 12 presta\u00e7\u00f5es, com juros de 3.5% ao m\u00eas. O leil\u00e3o ser\u00e1 realizado no dia 10 de fevereiro no Parque de Exposi\u00e7\u00e3o de Governador Valadares.<\/p>\n<p><img decoding=\"async\" src=\"http:\/\/aconteceunovale.com.br\/portal\/wp-content\/uploads\/2017\/01\/leilao_gv.jpg\" alt=\"\" \/><em>Per\u00edodo de visita\u00e7\u00e3o de ve\u00edculos a serem leiloados vai at\u00e9 este s\u00e1bado (Foto: Divulga\u00e7\u00e3o)<\/em><br \/>\n<\/br><\/p>\n<p><strong>VER PRIMEIRO<\/strong><\/p>\n<p><strong>Receba as not\u00edcias do Aconteceu no Vale em primeira m\u00e3o. Clique em curtir no endere\u00e7o <a href=\"https:\/\/www.facebook.com\/aconteceunovale\" target=\"_blank\"><font color=\"red\">www.facebook.com\/aconteceunovale<\/font><\/a> ou no box abaixo:<\/strong><\/p>\n<div class=\"fb-like\" data-href=\"https:\/\/www.facebook.com\/aconteceunovale\" data-width=\"120\" data-layout=\"standard\" data-action=\"like\" data-size=\"small\" data-show-faces=\"true\" data-share=\"true\"><\/div>\n<p><\/br><\/p>\n<p><em>(G1 dos Vales)<\/em><\/p>\n","protected":false},"excerpt":{"rendered":"<p>A Pol\u00edcia Civil de Governador Valadares abriu per\u00edodo de visita\u00e7\u00e3o nesta ter\u00e7a-feira (31\/1\/2017) para pessoas interessadas em adquirir ve\u00edculos que ser\u00e3o leiloados na cidade. Ser\u00e3o 421 ve\u00edculos entre motocicletas e carros que podem ser vistos at\u00e9 o pr\u00f3ximo s\u00e1bado (4) na avenida Industrial, n\u00ba 1695, bairro Industrial. De acordo com o \u00f3rg\u00e3o, entre os lotes [&hellip;]<\/p>\n","protected":false},"author":1,"featured_media":108050,"comment_status":"open","ping_status":"closed","sticky":false,"template":"","format":"standard","meta":{"amp_status":"","footnotes":""},"categories":[121],"tags":[247,137911,137912,137910,23562,137909,42590,137913],"class_list":["post-108049","post","type-post","status-publish","format-standard","has-post-thumbnail","hentry","category-leste","tag-governador-valadares","tag-leilao-da-pc-em-governador-valadares","tag-leilao-da-policia-civil-em-governador-valadares","tag-leilao-de-carros-em-governador-valadares","tag-leilao-de-veiculos-em-governador-valadares","tag-leilao-em-governador-valadares","tag-policia-civil-de-governador-valadares","tag-policia-civil-realiza-leilao-de-veiculos-em-governador-valadares"],"yoast_head":"<!-- This site is optimized with the Yoast SEO plugin v28.3 - https:\/\/yoast.com\/product\/yoast-seo-wordpress\/ -->\n<title>Pol\u00edcia Civil realiza leil\u00e3o de ve\u00edculos em Governador Valadares - Aconteceu no Vale<\/title>\n<meta name=\"robots\" content=\"index, follow, max-snippet:-1, max-image-preview:large, max-video-preview:-1\" \/>\n<link rel=\"canonical\" href=\"https:\/\/aconteceunovale.com.br\/portal\/?p=108049\" \/>\n<meta property=\"og:locale\" content=\"pt_BR\" \/>\n<meta property=\"og:type\" content=\"article\" \/>\n<meta property=\"og:title\" content=\"Pol\u00edcia Civil realiza leil\u00e3o de ve\u00edculos em Governador Valadares - Aconteceu no Vale\" \/>\n<meta property=\"og:description\" content=\"A Pol\u00edcia Civil de Governador Valadares abriu per\u00edodo de visita\u00e7\u00e3o nesta ter\u00e7a-feira (31\/1\/2017) para pessoas interessadas em adquirir ve\u00edculos que ser\u00e3o leiloados na cidade. Ser\u00e3o 421 ve\u00edculos entre motocicletas e carros que podem ser vistos at\u00e9 o pr\u00f3ximo s\u00e1bado (4) na avenida Industrial, n\u00ba 1695, bairro Industrial. De acordo com o \u00f3rg\u00e3o, entre os lotes [&hellip;]\" \/>\n<meta property=\"og:url\" content=\"https:\/\/aconteceunovale.com.br\/portal\/?p=108049\" \/>\n<meta property=\"og:site_name\" content=\"Aconteceu no Vale\" \/>\n<meta property=\"article:publisher\" content=\"https:\/\/www.facebook.com\/aconteceunovale\/\" \/>\n<meta property=\"article:published_time\" content=\"2017-02-01T01:09:11+00:00\" \/>\n<meta property=\"og:image\" content=\"https:\/\/aconteceunovale.com.br\/portal\/wp-content\/uploads\/2017\/01\/leilao_gv.jpg\" \/>\n\t<meta property=\"og:image:width\" content=\"600\" \/>\n\t<meta property=\"og:image:height\" content=\"450\" \/>\n\t<meta property=\"og:image:type\" content=\"image\/jpeg\" \/>\n<meta name=\"author\" content=\"Aconteceu no Vale\" \/>\n<meta name=\"twitter:card\" content=\"summary_large_image\" \/>\n<meta name=\"twitter:creator\" content=\"@noticiadosvales\" \/>\n<meta name=\"twitter:site\" content=\"@noticiadosvales\" \/>\n<meta name=\"twitter:label1\" content=\"Escrito por\" \/>\n\t<meta name=\"twitter:data1\" content=\"Aconteceu no Vale\" \/>\n\t<meta name=\"twitter:label2\" content=\"Est. tempo de leitura\" \/>\n\t<meta name=\"twitter:data2\" content=\"1 minuto\" \/>\n<script type=\"application\/ld+json\" class=\"yoast-schema-graph\">{\"@context\":\"https:\\\/\\\/schema.org\",\"@graph\":[{\"@type\":\"Article\",\"@id\":\"https:\\\/\\\/aconteceunovale.com.br\\\/portal\\\/?p=108049#article\",\"isPartOf\":{\"@id\":\"https:\\\/\\\/aconteceunovale.com.br\\\/portal\\\/?p=108049\"},\"author\":{\"name\":\"Aconteceu no Vale\",\"@id\":\"https:\\\/\\\/aconteceunovale.com.br\\\/portal\\\/#\\\/schema\\\/person\\\/633529146f2c94272bef50ac2953d589\"},\"headline\":\"Pol\u00edcia Civil realiza leil\u00e3o de ve\u00edculos em Governador Valadares\",\"datePublished\":\"2017-02-01T01:09:11+00:00\",\"mainEntityOfPage\":{\"@id\":\"https:\\\/\\\/aconteceunovale.com.br\\\/portal\\\/?p=108049\"},\"wordCount\":219,\"commentCount\":0,\"image\":{\"@id\":\"https:\\\/\\\/aconteceunovale.com.br\\\/portal\\\/?p=108049#primaryimage\"},\"thumbnailUrl\":\"https:\\\/\\\/aconteceunovale.com.br\\\/portal\\\/wp-content\\\/uploads\\\/2017\\\/01\\\/leilao_gv.jpg\",\"keywords\":[\"Governador Valadares\",\"Leil\u00e3o da PC em Governador Valadares\",\"Leil\u00e3o da Pol\u00edcia Civil em Governador Valadares\",\"Leil\u00e3o de carros em Governador Valadares\",\"leil\u00e3o de ve\u00edculos em governador valadares\",\"Leil\u00e3o em Governador Valadares\",\"Pol\u00edcia Civil de Governador Valadares\",\"Pol\u00edcia Civil realiza leil\u00e3o de ve\u00edculos em Governador Valadares\"],\"articleSection\":[\"Leste de Minas\"],\"inLanguage\":\"pt-BR\",\"potentialAction\":[{\"@type\":\"CommentAction\",\"name\":\"Comment\",\"target\":[\"https:\\\/\\\/aconteceunovale.com.br\\\/portal\\\/?p=108049#respond\"]}]},{\"@type\":\"WebPage\",\"@id\":\"https:\\\/\\\/aconteceunovale.com.br\\\/portal\\\/?p=108049\",\"url\":\"https:\\\/\\\/aconteceunovale.com.br\\\/portal\\\/?p=108049\",\"name\":\"Pol\u00edcia Civil realiza leil\u00e3o de ve\u00edculos em Governador Valadares - Aconteceu no Vale\",\"isPartOf\":{\"@id\":\"https:\\\/\\\/aconteceunovale.com.br\\\/portal\\\/#website\"},\"primaryImageOfPage\":{\"@id\":\"https:\\\/\\\/aconteceunovale.com.br\\\/portal\\\/?p=108049#primaryimage\"},\"image\":{\"@id\":\"https:\\\/\\\/aconteceunovale.com.br\\\/portal\\\/?p=108049#primaryimage\"},\"thumbnailUrl\":\"https:\\\/\\\/aconteceunovale.com.br\\\/portal\\\/wp-content\\\/uploads\\\/2017\\\/01\\\/leilao_gv.jpg\",\"datePublished\":\"2017-02-01T01:09:11+00:00\",\"author\":{\"@id\":\"https:\\\/\\\/aconteceunovale.com.br\\\/portal\\\/#\\\/schema\\\/person\\\/633529146f2c94272bef50ac2953d589\"},\"breadcrumb\":{\"@id\":\"https:\\\/\\\/aconteceunovale.com.br\\\/portal\\\/?p=108049#breadcrumb\"},\"inLanguage\":\"pt-BR\",\"potentialAction\":[{\"@type\":\"ReadAction\",\"target\":[\"https:\\\/\\\/aconteceunovale.com.br\\\/portal\\\/?p=108049\"]}]},{\"@type\":\"ImageObject\",\"inLanguage\":\"pt-BR\",\"@id\":\"https:\\\/\\\/aconteceunovale.com.br\\\/portal\\\/?p=108049#primaryimage\",\"url\":\"https:\\\/\\\/aconteceunovale.com.br\\\/portal\\\/wp-content\\\/uploads\\\/2017\\\/01\\\/leilao_gv.jpg\",\"contentUrl\":\"https:\\\/\\\/aconteceunovale.com.br\\\/portal\\\/wp-content\\\/uploads\\\/2017\\\/01\\\/leilao_gv.jpg\",\"width\":600,\"height\":450},{\"@type\":\"BreadcrumbList\",\"@id\":\"https:\\\/\\\/aconteceunovale.com.br\\\/portal\\\/?p=108049#breadcrumb\",\"itemListElement\":[{\"@type\":\"ListItem\",\"position\":1,\"name\":\"In\u00edcio\",\"item\":\"https:\\\/\\\/aconteceunovale.com.br\\\/portal\\\/\"},{\"@type\":\"ListItem\",\"position\":2,\"name\":\"Pol\u00edcia Civil realiza leil\u00e3o de ve\u00edculos em Governador Valadares\"}]},{\"@type\":\"WebSite\",\"@id\":\"https:\\\/\\\/aconteceunovale.com.br\\\/portal\\\/#website\",\"url\":\"https:\\\/\\\/aconteceunovale.com.br\\\/portal\\\/\",\"name\":\"Aconteceu no Vale\",\"description\":\"Portal de Not\u00edcias\",\"potentialAction\":[{\"@type\":\"SearchAction\",\"target\":{\"@type\":\"EntryPoint\",\"urlTemplate\":\"https:\\\/\\\/aconteceunovale.com.br\\\/portal\\\/?s={search_term_string}\"},\"query-input\":{\"@type\":\"PropertyValueSpecification\",\"valueRequired\":true,\"valueName\":\"search_term_string\"}}],\"inLanguage\":\"pt-BR\"},{\"@type\":\"Person\",\"@id\":\"https:\\\/\\\/aconteceunovale.com.br\\\/portal\\\/#\\\/schema\\\/person\\\/633529146f2c94272bef50ac2953d589\",\"name\":\"Aconteceu no Vale\",\"description\":\"Equipe de reportagem do Aconteceu no Vale, portal de not\u00edcias do Vale do Jequitinhonha, em Minas Gerais. Cobrimos as 51 cidades do Vale desde 2013. Sugest\u00f5es de pauta e pedidos de corre\u00e7\u00e3o: contato@aconteceunovale.com.br\",\"sameAs\":[\"http:\\\/\\\/www.aconteceunovale.com.br\"],\"url\":\"https:\\\/\\\/aconteceunovale.com.br\\\/portal\\\/?author=1\"}]}<\/script>\n<!-- \/ Yoast SEO plugin. -->","yoast_head_json":{"title":"Pol\u00edcia Civil realiza leil\u00e3o de ve\u00edculos em Governador Valadares - Aconteceu no Vale","robots":{"index":"index","follow":"follow","max-snippet":"max-snippet:-1","max-image-preview":"max-image-preview:large","max-video-preview":"max-video-preview:-1"},"canonical":"https:\/\/aconteceunovale.com.br\/portal\/?p=108049","og_locale":"pt_BR","og_type":"article","og_title":"Pol\u00edcia Civil realiza leil\u00e3o de ve\u00edculos em Governador Valadares - Aconteceu no Vale","og_description":"A Pol\u00edcia Civil de Governador Valadares abriu per\u00edodo de visita\u00e7\u00e3o nesta ter\u00e7a-feira (31\/1\/2017) para pessoas interessadas em adquirir ve\u00edculos que ser\u00e3o leiloados na cidade. Ser\u00e3o 421 ve\u00edculos entre motocicletas e carros que podem ser vistos at\u00e9 o pr\u00f3ximo s\u00e1bado (4) na avenida Industrial, n\u00ba 1695, bairro Industrial. De acordo com o \u00f3rg\u00e3o, entre os lotes [&hellip;]","og_url":"https:\/\/aconteceunovale.com.br\/portal\/?p=108049","og_site_name":"Aconteceu no Vale","article_publisher":"https:\/\/www.facebook.com\/aconteceunovale\/","article_published_time":"2017-02-01T01:09:11+00:00","og_image":[{"width":600,"height":450,"url":"https:\/\/aconteceunovale.com.br\/portal\/wp-content\/uploads\/2017\/01\/leilao_gv.jpg","type":"image\/jpeg"}],"author":"Aconteceu no Vale","twitter_card":"summary_large_image","twitter_creator":"@noticiadosvales","twitter_site":"@noticiadosvales","twitter_misc":{"Escrito por":"Aconteceu no Vale","Est. tempo de leitura":"1 minuto"},"schema":{"@context":"https:\/\/schema.org","@graph":[{"@type":"Article","@id":"https:\/\/aconteceunovale.com.br\/portal\/?p=108049#article","isPartOf":{"@id":"https:\/\/aconteceunovale.com.br\/portal\/?p=108049"},"author":{"name":"Aconteceu no Vale","@id":"https:\/\/aconteceunovale.com.br\/portal\/#\/schema\/person\/633529146f2c94272bef50ac2953d589"},"headline":"Pol\u00edcia Civil realiza leil\u00e3o de ve\u00edculos em Governador Valadares","datePublished":"2017-02-01T01:09:11+00:00","mainEntityOfPage":{"@id":"https:\/\/aconteceunovale.com.br\/portal\/?p=108049"},"wordCount":219,"commentCount":0,"image":{"@id":"https:\/\/aconteceunovale.com.br\/portal\/?p=108049#primaryimage"},"thumbnailUrl":"https:\/\/aconteceunovale.com.br\/portal\/wp-content\/uploads\/2017\/01\/leilao_gv.jpg","keywords":["Governador Valadares","Leil\u00e3o da PC em Governador Valadares","Leil\u00e3o da Pol\u00edcia Civil em Governador Valadares","Leil\u00e3o de carros em Governador Valadares","leil\u00e3o de ve\u00edculos em governador valadares","Leil\u00e3o em Governador Valadares","Pol\u00edcia Civil de Governador Valadares","Pol\u00edcia Civil realiza leil\u00e3o de ve\u00edculos em Governador Valadares"],"articleSection":["Leste de Minas"],"inLanguage":"pt-BR","potentialAction":[{"@type":"CommentAction","name":"Comment","target":["https:\/\/aconteceunovale.com.br\/portal\/?p=108049#respond"]}]},{"@type":"WebPage","@id":"https:\/\/aconteceunovale.com.br\/portal\/?p=108049","url":"https:\/\/aconteceunovale.com.br\/portal\/?p=108049","name":"Pol\u00edcia Civil realiza leil\u00e3o de ve\u00edculos em Governador Valadares - Aconteceu no Vale","isPartOf":{"@id":"https:\/\/aconteceunovale.com.br\/portal\/#website"},"primaryImageOfPage":{"@id":"https:\/\/aconteceunovale.com.br\/portal\/?p=108049#primaryimage"},"image":{"@id":"https:\/\/aconteceunovale.com.br\/portal\/?p=108049#primaryimage"},"thumbnailUrl":"https:\/\/aconteceunovale.com.br\/portal\/wp-content\/uploads\/2017\/01\/leilao_gv.jpg","datePublished":"2017-02-01T01:09:11+00:00","author":{"@id":"https:\/\/aconteceunovale.com.br\/portal\/#\/schema\/person\/633529146f2c94272bef50ac2953d589"},"breadcrumb":{"@id":"https:\/\/aconteceunovale.com.br\/portal\/?p=108049#breadcrumb"},"inLanguage":"pt-BR","potentialAction":[{"@type":"ReadAction","target":["https:\/\/aconteceunovale.com.br\/portal\/?p=108049"]}]},{"@type":"ImageObject","inLanguage":"pt-BR","@id":"https:\/\/aconteceunovale.com.br\/portal\/?p=108049#primaryimage","url":"https:\/\/aconteceunovale.com.br\/portal\/wp-content\/uploads\/2017\/01\/leilao_gv.jpg","contentUrl":"https:\/\/aconteceunovale.com.br\/portal\/wp-content\/uploads\/2017\/01\/leilao_gv.jpg","width":600,"height":450},{"@type":"BreadcrumbList","@id":"https:\/\/aconteceunovale.com.br\/portal\/?p=108049#breadcrumb","itemListElement":[{"@type":"ListItem","position":1,"name":"In\u00edcio","item":"https:\/\/aconteceunovale.com.br\/portal\/"},{"@type":"ListItem","position":2,"name":"Pol\u00edcia Civil realiza leil\u00e3o de ve\u00edculos em Governador Valadares"}]},{"@type":"WebSite","@id":"https:\/\/aconteceunovale.com.br\/portal\/#website","url":"https:\/\/aconteceunovale.com.br\/portal\/","name":"Aconteceu no Vale","description":"Portal de Not\u00edcias","potentialAction":[{"@type":"SearchAction","target":{"@type":"EntryPoint","urlTemplate":"https:\/\/aconteceunovale.com.br\/portal\/?s={search_term_string}"},"query-input":{"@type":"PropertyValueSpecification","valueRequired":true,"valueName":"search_term_string"}}],"inLanguage":"pt-BR"},{"@type":"Person","@id":"https:\/\/aconteceunovale.com.br\/portal\/#\/schema\/person\/633529146f2c94272bef50ac2953d589","name":"Aconteceu no Vale","description":"Equipe de reportagem do Aconteceu no Vale, portal de not\u00edcias do Vale do Jequitinhonha, em Minas Gerais. Cobrimos as 51 cidades do Vale desde 2013. Sugest\u00f5es de pauta e pedidos de corre\u00e7\u00e3o: contato@aconteceunovale.com.br","sameAs":["http:\/\/www.aconteceunovale.com.br"],"url":"https:\/\/aconteceunovale.com.br\/portal\/?author=1"}]}},"_links":{"self":[{"href":"https:\/\/aconteceunovale.com.br\/portal\/index.php?rest_route=\/wp\/v2\/posts\/108049","targetHints":{"allow":["GET"]}}],"collection":[{"href":"https:\/\/aconteceunovale.com.br\/portal\/index.php?rest_route=\/wp\/v2\/posts"}],"about":[{"href":"https:\/\/aconteceunovale.com.br\/portal\/index.php?rest_route=\/wp\/v2\/types\/post"}],"author":[{"embeddable":true,"href":"https:\/\/aconteceunovale.com.br\/portal\/index.php?rest_route=\/wp\/v2\/users\/1"}],"replies":[{"embeddable":true,"href":"https:\/\/aconteceunovale.com.br\/portal\/index.php?rest_route=%2Fwp%2Fv2%2Fcomments&post=108049"}],"version-history":[{"count":0,"href":"https:\/\/aconteceunovale.com.br\/portal\/index.php?rest_route=\/wp\/v2\/posts\/108049\/revisions"}],"wp:featuredmedia":[{"embeddable":true,"href":"https:\/\/aconteceunovale.com.br\/portal\/index.php?rest_route=\/wp\/v2\/media\/108050"}],"wp:attachment":[{"href":"https:\/\/aconteceunovale.com.br\/portal\/index.php?rest_route=%2Fwp%2Fv2%2Fmedia&parent=108049"}],"wp:term":[{"taxonomy":"category","embeddable":true,"href":"https:\/\/aconteceunovale.com.br\/portal\/index.php?rest_route=%2Fwp%2Fv2%2Fcategories&post=108049"},{"taxonomy":"post_tag","embeddable":true,"href":"https:\/\/aconteceunovale.com.br\/portal\/index.php?rest_route=%2Fwp%2Fv2%2Ftags&post=108049"}],"curies":[{"name":"wp","href":"https:\/\/api.w.org\/{rel}","templated":true}]}}