{"id":108047,"date":"2017-01-31T22:52:37","date_gmt":"2017-02-01T00:52:37","guid":{"rendered":"http:\/\/aconteceunovale.com.br\/portal\/?p=108047"},"modified":"2019-08-29T00:38:18","modified_gmt":"2019-08-29T02:38:18","slug":"febre-amarela-minas-gerais-nao-estava-preparada-alexandre-sylvio","status":"publish","type":"post","link":"https:\/\/aconteceunovale.com.br\/portal\/?p=108047","title":{"rendered":"Febre amarela: Minas Gerais n\u00e3o estava preparada &#8211; Alexandre Sylvio"},"content":{"rendered":"<p>O Brasil \u00e9 um pa\u00eds din\u00e2mico em v\u00e1rios aspectos de seu clima, fauna, flora, microrganismos e diversos outros fatores. Por conta disto, tudo ocorre de forma muito r\u00e1pida e din\u00e2mica que envolve o crescimento das plantas, o desenvolvimento dos animais e dos microrganismos. Todos est\u00e3o integrados e em equil\u00edbrio din\u00e2mico onde, periodicamente, alguns fatores s\u00e3o alterados causando uma mudan\u00e7a neste equil\u00edbrio. <\/p>\n<p>Podemos observar isto facilmente atrav\u00e9s dos surtos de Dengue, Zika, Chincungunya e outras doen\u00e7as que deixam o Brasil de cabelos em p\u00e9. Mas, s\u00e3o tantas vari\u00e1veis que fica dif\u00edcil identificar as causas que potencializam as mudan\u00e7as e o atual surto de febre amarela \u00e9 uma delas. Minas Gerais \u00e9 considerada \u00e1rea de transi\u00e7\u00e3o e de risco. Por conta disto, obrigatoriamente as crian\u00e7as s\u00e3o vacinadas no primeiro ano de vida e aos dez anos. De modo geral, h\u00e1 d\u00e9cadas n\u00e3o existia uma preocupa\u00e7\u00e3o direta com a doen\u00e7a no Estado, mas agora isto mudou. O v\u00edrus da febre amarela infecta o macaco na mata tendo como vetor os mosquitos silvestres como o Haemagogus. Na mata, atrav\u00e9s do processo de sele\u00e7\u00e3o natural, os macacos mais fr\u00e1geis e suscept\u00edveis morrem com a doen\u00e7a e os resistentes sobrevivem.  <\/p>\n<p>Estes mosquitos raramente saem das matas para se alimentar do sangue humano, mas no ano passado alguma coisa ocorreu que potencializou a a\u00e7\u00e3o do v\u00edrus nestes animais e que est\u00e1 levando a morte um n\u00famero relativamente alto dos primatas. Outro aspecto raro foi \u00e0 sa\u00edda do mosquito das matas para infectar o homem, principalmente do meio rural, onde vivem mais pr\u00f3ximos das matas e florestas.  <\/p>\n<p>A \u00e1rea de detec\u00e7\u00e3o de macacos mortos e de incid\u00eancia da doen\u00e7a tamb\u00e9m surpreende devido a sua extens\u00e3o, atingindo al\u00e9m de Minas Gerais, o Esp\u00edrito Santo e S\u00e3o Paulo. At\u00e9 o momento s\u00e3o dezenas de pessoas mortas pela doen\u00e7a e outras centenas doentes com gravidade. O primeiro passo \u00e9 a vacina\u00e7\u00e3o de toda a popula\u00e7\u00e3o visando reduzir os casos de \u00f3bito, doentes graves e o seu avan\u00e7o para outras \u00e1reas. O segundo ser\u00e1 entender onde este desequil\u00edbrio come\u00e7ou e porque evoluiu de forma r\u00e1pida por uma \u00e1rea de grande extens\u00e3o. Entendendo o processo teremos mais chances de evitar que novos surtos aconte\u00e7am, inclusive de outras doen\u00e7as. Algumas pessoas, desinformadas e por medo de adquirir a doen\u00e7a est\u00e3o atacando os macacos eliminando-os, pois consideram os primatas agentes transmissores, fato que n\u00e3o procede. Esta atitude de elimina\u00e7\u00e3o dos animais \u00e9 a pior coisa que poderia acontecer pois o equil\u00edbrio ambiental entre o v\u00edrus, o mosquito, os animais e o meio ambiente estar\u00e1 perigosamente amea\u00e7ado. A elimina\u00e7\u00e3o do macaco, fonte de alimento dos mosquitos silvestres, for\u00e7ar\u00e1 estes insetos sugadores a buscar novas fontes de alimentos, provavelmente, o homem. A partir deste momento teremos verdadeiramente um problema grave em m\u00e3os considerando o grande n\u00famero de v\u00edrus que estes insetos poderiam difundir. Ent\u00e3o, vamos nos vacinar e preservar a natureza, pois este equil\u00edbrio \u00e9 fundamental para a nossa sobreviv\u00eancia.<\/p>\n<h4><strong>Quem \u00e9 Alexandre Sylvio Vieira da Costa?<\/strong><\/h4>\n<p><img decoding=\"async\" src=\"http:\/\/aconteceunovale.com.br\/portal\/wp-content\/uploads\/2015\/12\/alexandre_silvio.jpg\" alt=\"\" \/><br \/>\n<\/br><\/p>\n<p>&#8211; Nascido na cidade de Niter\u00f3i, RJ;<br \/>\n&#8211; Engenheiro Agr\u00f4nomo Formado pela Universidade Federal Rural do Rio de Janeiro;<br \/>\n&#8211; Mestre em Produ\u00e7\u00e3o Vegetal pela Embrapa-Agrobiologia\/Universidade Federal Rural do<br \/>\nRio de Janeiro;<br \/>\n&#8211; Doutor em Produ\u00e7\u00e3o Vegetal pela Universidade Federal de Vi\u00e7osa;<br \/>\n&#8211; P\u00f3s doutorado em Geoci\u00eancias pela Universidade Federal de Minas Gerais;<br \/>\n&#8211; Foi Coordenador Adjunto da C\u00e2mara Especializada de Agronomia e Coordenador da<br \/>\nComiss\u00e3o T\u00e9cnica de Meio Ambiente do CREA\/Minas;<br \/>\n&#8211; Foi Presidente da C\u00e2mara T\u00e9cnica de eventos Cr\u00edticos do Comit\u00ea da Bacia<br \/>\nHidrogr\u00e1fica do Rio Doce;<br \/>\n&#8211; Atualmente, professor Adjunto dos cursos de Engenharia da Universidade Federal dos<br \/>\nVales do Jequitinhonha e Mucuri, Campus Te\u00f3filo Otoni;<\/p>\n<p>&#8211; Blog: <a href=\"http:\/\/asylvio.blogspot.com.br\" target=\"_blank\" rel=\"noopener noreferrer\">asylvio.blogspot.com.br<\/a><br \/>\n&#8211; E-mail: alexandre.costa@ufvjm.edu.br<\/p>\n","protected":false},"excerpt":{"rendered":"<p>O Brasil \u00e9 um pa\u00eds din\u00e2mico em v\u00e1rios aspectos de seu clima, fauna, flora, microrganismos e diversos outros fatores. Por conta disto, tudo ocorre de forma muito r\u00e1pida e din\u00e2mica que envolve o crescimento das plantas, o desenvolvimento dos animais e dos microrganismos. Todos est\u00e3o integrados e em equil\u00edbrio din\u00e2mico onde, periodicamente, alguns fatores s\u00e3o [&hellip;]<\/p>\n","protected":false},"author":1,"featured_media":76765,"comment_status":"open","ping_status":"closed","sticky":false,"template":"","format":"standard","meta":{"amp_status":"","footnotes":""},"categories":[4927,123,40242],"tags":[206034,9443,135063,80951,55343,82865,136570,135064,137907,137908,76731,136569,80952,56144,136572],"class_list":["post-108047","post","type-post","status-publish","format-standard","has-post-thumbnail","hentry","category-colunistas","category-gerais","category-saude-2","tag-alexandre-sylvio","tag-alexandre-sylvio-vieira-da-costa","tag-casos-de-febre-amarela-em-minas-gerais","tag-coluna-alexandre-sylvio","tag-coluna-alexandre-sylvio-vieira-da-costa","tag-colunista-alexandre-sylvio","tag-epidemia-de-febre-amarela-em-minas-gerais","tag-febre-amarela-em-minas-gerais","tag-febre-amarela-minas-gerais-nao-estava-preparada","tag-febre-amarela-minas-gerais-nao-estava-preparada-alexandre-sylvio","tag-opiniao-alexandre-sylvio-vieira-da-costa","tag-surto-de-febre-amarela-em-minas-gerais","tag-textos-alexandre-sylvio","tag-textos-alexandre-sylvio-vieira-da-costa","tag-vitimas-de-febre-amarela-em-minas-gerais"],"yoast_head":"<!-- This site is optimized with the Yoast SEO plugin v28.3 - https:\/\/yoast.com\/product\/yoast-seo-wordpress\/ -->\n<title>Febre amarela: Minas Gerais n\u00e3o estava preparada - Alexandre Sylvio - Aconteceu no Vale<\/title>\n<meta name=\"robots\" content=\"index, follow, max-snippet:-1, max-image-preview:large, max-video-preview:-1\" \/>\n<link rel=\"canonical\" href=\"https:\/\/aconteceunovale.com.br\/portal\/?p=108047\" \/>\n<meta property=\"og:locale\" content=\"pt_BR\" \/>\n<meta property=\"og:type\" content=\"article\" \/>\n<meta property=\"og:title\" content=\"Febre amarela: Minas Gerais n\u00e3o estava preparada - Alexandre Sylvio - Aconteceu no Vale\" \/>\n<meta property=\"og:description\" content=\"O Brasil \u00e9 um pa\u00eds din\u00e2mico em v\u00e1rios aspectos de seu clima, fauna, flora, microrganismos e diversos outros fatores. Por conta disto, tudo ocorre de forma muito r\u00e1pida e din\u00e2mica que envolve o crescimento das plantas, o desenvolvimento dos animais e dos microrganismos. Todos est\u00e3o integrados e em equil\u00edbrio din\u00e2mico onde, periodicamente, alguns fatores s\u00e3o [&hellip;]\" \/>\n<meta property=\"og:url\" content=\"https:\/\/aconteceunovale.com.br\/portal\/?p=108047\" \/>\n<meta property=\"og:site_name\" content=\"Aconteceu no Vale\" \/>\n<meta property=\"article:publisher\" content=\"https:\/\/www.facebook.com\/aconteceunovale\/\" \/>\n<meta property=\"article:published_time\" content=\"2017-02-01T00:52:37+00:00\" \/>\n<meta property=\"article:modified_time\" content=\"2019-08-29T02:38:18+00:00\" \/>\n<meta property=\"og:image\" content=\"https:\/\/aconteceunovale.com.br\/portal\/wp-content\/uploads\/2016\/01\/alexandre_silvio_2.jpg\" \/>\n\t<meta property=\"og:image:width\" content=\"640\" \/>\n\t<meta property=\"og:image:height\" content=\"411\" \/>\n\t<meta property=\"og:image:type\" content=\"image\/jpeg\" \/>\n<meta name=\"author\" content=\"Aconteceu no Vale\" \/>\n<meta name=\"twitter:card\" content=\"summary_large_image\" \/>\n<meta name=\"twitter:creator\" content=\"@noticiadosvales\" \/>\n<meta name=\"twitter:site\" content=\"@noticiadosvales\" \/>\n<meta name=\"twitter:label1\" content=\"Escrito por\" \/>\n\t<meta name=\"twitter:data1\" content=\"Aconteceu no Vale\" \/>\n\t<meta name=\"twitter:label2\" content=\"Est. tempo de leitura\" \/>\n\t<meta name=\"twitter:data2\" content=\"3 minutos\" \/>\n<script type=\"application\/ld+json\" class=\"yoast-schema-graph\">{\"@context\":\"https:\\\/\\\/schema.org\",\"@graph\":[{\"@type\":\"Article\",\"@id\":\"https:\\\/\\\/aconteceunovale.com.br\\\/portal\\\/?p=108047#article\",\"isPartOf\":{\"@id\":\"https:\\\/\\\/aconteceunovale.com.br\\\/portal\\\/?p=108047\"},\"author\":{\"name\":\"Aconteceu no Vale\",\"@id\":\"https:\\\/\\\/aconteceunovale.com.br\\\/portal\\\/#\\\/schema\\\/person\\\/633529146f2c94272bef50ac2953d589\"},\"headline\":\"Febre amarela: Minas Gerais n\u00e3o estava preparada &#8211; Alexandre Sylvio\",\"datePublished\":\"2017-02-01T00:52:37+00:00\",\"dateModified\":\"2019-08-29T02:38:18+00:00\",\"mainEntityOfPage\":{\"@id\":\"https:\\\/\\\/aconteceunovale.com.br\\\/portal\\\/?p=108047\"},\"wordCount\":701,\"commentCount\":0,\"image\":{\"@id\":\"https:\\\/\\\/aconteceunovale.com.br\\\/portal\\\/?p=108047#primaryimage\"},\"thumbnailUrl\":\"https:\\\/\\\/aconteceunovale.com.br\\\/portal\\\/wp-content\\\/uploads\\\/2016\\\/01\\\/alexandre_silvio_2.jpg\",\"keywords\":[\"Alexandre Sylvio\",\"Alexandre Sylvio Vieira da Costa\",\"Casos de febre amarela em Minas Gerais\",\"coluna Alexandre Sylvio\",\"Coluna Alexandre Sylvio Vieira da Costa\",\"colunista Alexandre Sylvio\",\"Epidemia de Febre amarela em Minas Gerais\",\"Febre amarela em Minas Gerais\",\"Febre amarela: Minas Gerais n\u00e3o estava preparada\",\"Febre amarela: Minas Gerais n\u00e3o estava preparada - Alexandre Sylvio\",\"opini\u00e3o Alexandre Sylvio Vieira da Costa\",\"Surto de Febre amarela em Minas Gerais\",\"textos Alexandre Sylvio\",\"textos Alexandre Sylvio Vieira da Costa\",\"V\u00edtimas de Febre amarela em Minas Gerais\"],\"articleSection\":[\"Colunistas\",\"Minas Gerais\",\"Sa\u00fade\"],\"inLanguage\":\"pt-BR\",\"potentialAction\":[{\"@type\":\"CommentAction\",\"name\":\"Comment\",\"target\":[\"https:\\\/\\\/aconteceunovale.com.br\\\/portal\\\/?p=108047#respond\"]}]},{\"@type\":\"WebPage\",\"@id\":\"https:\\\/\\\/aconteceunovale.com.br\\\/portal\\\/?p=108047\",\"url\":\"https:\\\/\\\/aconteceunovale.com.br\\\/portal\\\/?p=108047\",\"name\":\"Febre amarela: Minas Gerais n\u00e3o estava preparada - Alexandre Sylvio - Aconteceu no Vale\",\"isPartOf\":{\"@id\":\"https:\\\/\\\/aconteceunovale.com.br\\\/portal\\\/#website\"},\"primaryImageOfPage\":{\"@id\":\"https:\\\/\\\/aconteceunovale.com.br\\\/portal\\\/?p=108047#primaryimage\"},\"image\":{\"@id\":\"https:\\\/\\\/aconteceunovale.com.br\\\/portal\\\/?p=108047#primaryimage\"},\"thumbnailUrl\":\"https:\\\/\\\/aconteceunovale.com.br\\\/portal\\\/wp-content\\\/uploads\\\/2016\\\/01\\\/alexandre_silvio_2.jpg\",\"datePublished\":\"2017-02-01T00:52:37+00:00\",\"dateModified\":\"2019-08-29T02:38:18+00:00\",\"author\":{\"@id\":\"https:\\\/\\\/aconteceunovale.com.br\\\/portal\\\/#\\\/schema\\\/person\\\/633529146f2c94272bef50ac2953d589\"},\"breadcrumb\":{\"@id\":\"https:\\\/\\\/aconteceunovale.com.br\\\/portal\\\/?p=108047#breadcrumb\"},\"inLanguage\":\"pt-BR\",\"potentialAction\":[{\"@type\":\"ReadAction\",\"target\":[\"https:\\\/\\\/aconteceunovale.com.br\\\/portal\\\/?p=108047\"]}]},{\"@type\":\"ImageObject\",\"inLanguage\":\"pt-BR\",\"@id\":\"https:\\\/\\\/aconteceunovale.com.br\\\/portal\\\/?p=108047#primaryimage\",\"url\":\"https:\\\/\\\/aconteceunovale.com.br\\\/portal\\\/wp-content\\\/uploads\\\/2016\\\/01\\\/alexandre_silvio_2.jpg\",\"contentUrl\":\"https:\\\/\\\/aconteceunovale.com.br\\\/portal\\\/wp-content\\\/uploads\\\/2016\\\/01\\\/alexandre_silvio_2.jpg\",\"width\":640,\"height\":411},{\"@type\":\"BreadcrumbList\",\"@id\":\"https:\\\/\\\/aconteceunovale.com.br\\\/portal\\\/?p=108047#breadcrumb\",\"itemListElement\":[{\"@type\":\"ListItem\",\"position\":1,\"name\":\"In\u00edcio\",\"item\":\"https:\\\/\\\/aconteceunovale.com.br\\\/portal\\\/\"},{\"@type\":\"ListItem\",\"position\":2,\"name\":\"Febre amarela: Minas Gerais n\u00e3o estava preparada &#8211; Alexandre Sylvio\"}]},{\"@type\":\"WebSite\",\"@id\":\"https:\\\/\\\/aconteceunovale.com.br\\\/portal\\\/#website\",\"url\":\"https:\\\/\\\/aconteceunovale.com.br\\\/portal\\\/\",\"name\":\"Aconteceu no Vale\",\"description\":\"Portal de Not\u00edcias\",\"potentialAction\":[{\"@type\":\"SearchAction\",\"target\":{\"@type\":\"EntryPoint\",\"urlTemplate\":\"https:\\\/\\\/aconteceunovale.com.br\\\/portal\\\/?s={search_term_string}\"},\"query-input\":{\"@type\":\"PropertyValueSpecification\",\"valueRequired\":true,\"valueName\":\"search_term_string\"}}],\"inLanguage\":\"pt-BR\"},{\"@type\":\"Person\",\"@id\":\"https:\\\/\\\/aconteceunovale.com.br\\\/portal\\\/#\\\/schema\\\/person\\\/633529146f2c94272bef50ac2953d589\",\"name\":\"Aconteceu no Vale\",\"description\":\"Equipe de reportagem do Aconteceu no Vale, portal de not\u00edcias do Vale do Jequitinhonha, em Minas Gerais. Cobrimos as 51 cidades do Vale desde 2013. Sugest\u00f5es de pauta e pedidos de corre\u00e7\u00e3o: contato@aconteceunovale.com.br\",\"sameAs\":[\"http:\\\/\\\/www.aconteceunovale.com.br\"],\"url\":\"https:\\\/\\\/aconteceunovale.com.br\\\/portal\\\/?author=1\"}]}<\/script>\n<!-- \/ Yoast SEO plugin. -->","yoast_head_json":{"title":"Febre amarela: Minas Gerais n\u00e3o estava preparada - Alexandre Sylvio - Aconteceu no Vale","robots":{"index":"index","follow":"follow","max-snippet":"max-snippet:-1","max-image-preview":"max-image-preview:large","max-video-preview":"max-video-preview:-1"},"canonical":"https:\/\/aconteceunovale.com.br\/portal\/?p=108047","og_locale":"pt_BR","og_type":"article","og_title":"Febre amarela: Minas Gerais n\u00e3o estava preparada - Alexandre Sylvio - Aconteceu no Vale","og_description":"O Brasil \u00e9 um pa\u00eds din\u00e2mico em v\u00e1rios aspectos de seu clima, fauna, flora, microrganismos e diversos outros fatores. Por conta disto, tudo ocorre de forma muito r\u00e1pida e din\u00e2mica que envolve o crescimento das plantas, o desenvolvimento dos animais e dos microrganismos. Todos est\u00e3o integrados e em equil\u00edbrio din\u00e2mico onde, periodicamente, alguns fatores s\u00e3o [&hellip;]","og_url":"https:\/\/aconteceunovale.com.br\/portal\/?p=108047","og_site_name":"Aconteceu no Vale","article_publisher":"https:\/\/www.facebook.com\/aconteceunovale\/","article_published_time":"2017-02-01T00:52:37+00:00","article_modified_time":"2019-08-29T02:38:18+00:00","og_image":[{"width":640,"height":411,"url":"https:\/\/aconteceunovale.com.br\/portal\/wp-content\/uploads\/2016\/01\/alexandre_silvio_2.jpg","type":"image\/jpeg"}],"author":"Aconteceu no Vale","twitter_card":"summary_large_image","twitter_creator":"@noticiadosvales","twitter_site":"@noticiadosvales","twitter_misc":{"Escrito por":"Aconteceu no Vale","Est. tempo de leitura":"3 minutos"},"schema":{"@context":"https:\/\/schema.org","@graph":[{"@type":"Article","@id":"https:\/\/aconteceunovale.com.br\/portal\/?p=108047#article","isPartOf":{"@id":"https:\/\/aconteceunovale.com.br\/portal\/?p=108047"},"author":{"name":"Aconteceu no Vale","@id":"https:\/\/aconteceunovale.com.br\/portal\/#\/schema\/person\/633529146f2c94272bef50ac2953d589"},"headline":"Febre amarela: Minas Gerais n\u00e3o estava preparada &#8211; Alexandre Sylvio","datePublished":"2017-02-01T00:52:37+00:00","dateModified":"2019-08-29T02:38:18+00:00","mainEntityOfPage":{"@id":"https:\/\/aconteceunovale.com.br\/portal\/?p=108047"},"wordCount":701,"commentCount":0,"image":{"@id":"https:\/\/aconteceunovale.com.br\/portal\/?p=108047#primaryimage"},"thumbnailUrl":"https:\/\/aconteceunovale.com.br\/portal\/wp-content\/uploads\/2016\/01\/alexandre_silvio_2.jpg","keywords":["Alexandre Sylvio","Alexandre Sylvio Vieira da Costa","Casos de febre amarela em Minas Gerais","coluna Alexandre Sylvio","Coluna Alexandre Sylvio Vieira da Costa","colunista Alexandre Sylvio","Epidemia de Febre amarela em Minas Gerais","Febre amarela em Minas Gerais","Febre amarela: Minas Gerais n\u00e3o estava preparada","Febre amarela: Minas Gerais n\u00e3o estava preparada - Alexandre Sylvio","opini\u00e3o Alexandre Sylvio Vieira da Costa","Surto de Febre amarela em Minas Gerais","textos Alexandre Sylvio","textos Alexandre Sylvio Vieira da Costa","V\u00edtimas de Febre amarela em Minas Gerais"],"articleSection":["Colunistas","Minas Gerais","Sa\u00fade"],"inLanguage":"pt-BR","potentialAction":[{"@type":"CommentAction","name":"Comment","target":["https:\/\/aconteceunovale.com.br\/portal\/?p=108047#respond"]}]},{"@type":"WebPage","@id":"https:\/\/aconteceunovale.com.br\/portal\/?p=108047","url":"https:\/\/aconteceunovale.com.br\/portal\/?p=108047","name":"Febre amarela: Minas Gerais n\u00e3o estava preparada - Alexandre Sylvio - Aconteceu no Vale","isPartOf":{"@id":"https:\/\/aconteceunovale.com.br\/portal\/#website"},"primaryImageOfPage":{"@id":"https:\/\/aconteceunovale.com.br\/portal\/?p=108047#primaryimage"},"image":{"@id":"https:\/\/aconteceunovale.com.br\/portal\/?p=108047#primaryimage"},"thumbnailUrl":"https:\/\/aconteceunovale.com.br\/portal\/wp-content\/uploads\/2016\/01\/alexandre_silvio_2.jpg","datePublished":"2017-02-01T00:52:37+00:00","dateModified":"2019-08-29T02:38:18+00:00","author":{"@id":"https:\/\/aconteceunovale.com.br\/portal\/#\/schema\/person\/633529146f2c94272bef50ac2953d589"},"breadcrumb":{"@id":"https:\/\/aconteceunovale.com.br\/portal\/?p=108047#breadcrumb"},"inLanguage":"pt-BR","potentialAction":[{"@type":"ReadAction","target":["https:\/\/aconteceunovale.com.br\/portal\/?p=108047"]}]},{"@type":"ImageObject","inLanguage":"pt-BR","@id":"https:\/\/aconteceunovale.com.br\/portal\/?p=108047#primaryimage","url":"https:\/\/aconteceunovale.com.br\/portal\/wp-content\/uploads\/2016\/01\/alexandre_silvio_2.jpg","contentUrl":"https:\/\/aconteceunovale.com.br\/portal\/wp-content\/uploads\/2016\/01\/alexandre_silvio_2.jpg","width":640,"height":411},{"@type":"BreadcrumbList","@id":"https:\/\/aconteceunovale.com.br\/portal\/?p=108047#breadcrumb","itemListElement":[{"@type":"ListItem","position":1,"name":"In\u00edcio","item":"https:\/\/aconteceunovale.com.br\/portal\/"},{"@type":"ListItem","position":2,"name":"Febre amarela: Minas Gerais n\u00e3o estava preparada &#8211; Alexandre Sylvio"}]},{"@type":"WebSite","@id":"https:\/\/aconteceunovale.com.br\/portal\/#website","url":"https:\/\/aconteceunovale.com.br\/portal\/","name":"Aconteceu no Vale","description":"Portal de Not\u00edcias","potentialAction":[{"@type":"SearchAction","target":{"@type":"EntryPoint","urlTemplate":"https:\/\/aconteceunovale.com.br\/portal\/?s={search_term_string}"},"query-input":{"@type":"PropertyValueSpecification","valueRequired":true,"valueName":"search_term_string"}}],"inLanguage":"pt-BR"},{"@type":"Person","@id":"https:\/\/aconteceunovale.com.br\/portal\/#\/schema\/person\/633529146f2c94272bef50ac2953d589","name":"Aconteceu no Vale","description":"Equipe de reportagem do Aconteceu no Vale, portal de not\u00edcias do Vale do Jequitinhonha, em Minas Gerais. Cobrimos as 51 cidades do Vale desde 2013. Sugest\u00f5es de pauta e pedidos de corre\u00e7\u00e3o: contato@aconteceunovale.com.br","sameAs":["http:\/\/www.aconteceunovale.com.br"],"url":"https:\/\/aconteceunovale.com.br\/portal\/?author=1"}]}},"_links":{"self":[{"href":"https:\/\/aconteceunovale.com.br\/portal\/index.php?rest_route=\/wp\/v2\/posts\/108047","targetHints":{"allow":["GET"]}}],"collection":[{"href":"https:\/\/aconteceunovale.com.br\/portal\/index.php?rest_route=\/wp\/v2\/posts"}],"about":[{"href":"https:\/\/aconteceunovale.com.br\/portal\/index.php?rest_route=\/wp\/v2\/types\/post"}],"author":[{"embeddable":true,"href":"https:\/\/aconteceunovale.com.br\/portal\/index.php?rest_route=\/wp\/v2\/users\/1"}],"replies":[{"embeddable":true,"href":"https:\/\/aconteceunovale.com.br\/portal\/index.php?rest_route=%2Fwp%2Fv2%2Fcomments&post=108047"}],"version-history":[{"count":1,"href":"https:\/\/aconteceunovale.com.br\/portal\/index.php?rest_route=\/wp\/v2\/posts\/108047\/revisions"}],"predecessor-version":[{"id":151788,"href":"https:\/\/aconteceunovale.com.br\/portal\/index.php?rest_route=\/wp\/v2\/posts\/108047\/revisions\/151788"}],"wp:featuredmedia":[{"embeddable":true,"href":"https:\/\/aconteceunovale.com.br\/portal\/index.php?rest_route=\/wp\/v2\/media\/76765"}],"wp:attachment":[{"href":"https:\/\/aconteceunovale.com.br\/portal\/index.php?rest_route=%2Fwp%2Fv2%2Fmedia&parent=108047"}],"wp:term":[{"taxonomy":"category","embeddable":true,"href":"https:\/\/aconteceunovale.com.br\/portal\/index.php?rest_route=%2Fwp%2Fv2%2Fcategories&post=108047"},{"taxonomy":"post_tag","embeddable":true,"href":"https:\/\/aconteceunovale.com.br\/portal\/index.php?rest_route=%2Fwp%2Fv2%2Ftags&post=108047"}],"curies":[{"name":"wp","href":"https:\/\/api.w.org\/{rel}","templated":true}]}}