{"id":108041,"date":"2017-01-31T22:19:44","date_gmt":"2017-02-01T00:19:44","guid":{"rendered":"http:\/\/aconteceunovale.com.br\/portal\/?p=108041"},"modified":"2026-09-02T19:40:47","modified_gmt":"2026-09-02T22:40:47","slug":"direto-de-brasilia-jerusia-arruda-3","status":"publish","type":"post","link":"https:\/\/aconteceunovale.com.br\/portal\/?p=108041","title":{"rendered":"Direto de Bras\u00edlia: coluna de Jer\u00fasia Arruda \u2014 31 de janeiro de 2017"},"content":{"rendered":"<p><center><img decoding=\"async\" src=\"http:\/\/aconteceunovale.com.br\/portal\/wp-content\/uploads\/2017\/01\/jerusia_arruda.jpg\" alt=\"\" \/><a href=\"https:\/\/www.facebook.com\/jerusia.arruda\" target=\"_blank\">JER\u00daSIA ARRUDA &#8211; <font color=\"blue\">www.facebook.com\/jerusia.arruda<\/font><\/a><\/center><br \/>\n<\/br><\/p>\n<p><strong>ELEI\u00c7\u00c3O NO SENADO<\/strong><br \/>\nSer\u00e1 realizada hoje a elei\u00e7\u00e3o para o cargo de presidente do Senado Federal. Apoiado pelo governo e at\u00e9 pela oposi\u00e7\u00e3o, o senador Eun\u00edcio Oliveira \u00e9 o favorito. Ele disputa o pleito com o senador Jos\u00e9 Medeiros (PSD-MT) e, se ele for eleito, o PMDB vai completar 12 anos no comando da Casa. A principal raz\u00e3o para o monop\u00f3lio do partido na chefia do Senado \u00e9 o fato de o PMDB ter a maior bancada, com 19 senadores, seguido do PSDB, com 11, e do PT, com 10. O \u00faltimo senador que n\u00e3o era do partido a ocupar o posto foi Ti\u00e3o Viana (PT-AC), mesmo assim, ele substituiu outro peemedebista, Renan Calheiros (PMDB-AL), por apenas alguns meses. O presidente eleito nesta quarta-feira ficar\u00e1 no cargo at\u00e9 o in\u00edcio de 2019.<\/p>\n<p><strong>RELATOR DA LAVA JATO NO STF<\/strong><br \/>\nCom a homologa\u00e7\u00e3o do acordo de dela\u00e7\u00e3o da Odebrecht, a ministra Carmen L\u00facia, presidente do Supremo Tribunal Federal, planeja fazer um sorteio entre os ministros para decidir quem vai assumir a relatoria da investiga\u00e7\u00e3o no STF. O pr\u00f3ximo relator vai poder escolher entre manter ou n\u00e3o o sigilo dos depoimentos dos 77 executivos e ex-executivos da empresa e a retirada do sigilo j\u00e1 gera desconforto no Planalto e no Congresso Nacional, porque pode citar v\u00e1rios pol\u00edticos. Entre os nomes mais prov\u00e1veis para ser escolhido como relator est\u00e3o o dos ministros Gilmar Mendes, Dias Toffoli, Ricardo Lewandowski e Celso de Mello.<\/p>\n<p><strong>BRASIL SEM MIS\u00c9RIA<\/strong><br \/>\nAt\u00e9 2017, mais 12 mil fam\u00edlias mineiras ser\u00e3o beneficiadas pelo Brasil Sem Mis\u00e9ria. O programa do governo federal tem como objetivo a inclus\u00e3o social e produtiva de fam\u00edlias que vivem em situa\u00e7\u00e3o de extrema pobreza no Pa\u00eds, com renda mensal per capita de at\u00e9 R$ 85,00.  Cada fam\u00edlia atendida recebe R$ 2.400,00 por meio do cart\u00e3o do Bolsa Fam\u00edlia, para execu\u00e7\u00e3o de pequenos projetos produtivos, como implanta\u00e7\u00e3o de hortas e cria\u00e7\u00e3o de pequenos animais. Entre 2014 e 2016, foram atendidas 8 mil fam\u00edlias no Estado. <\/p>\n<p><strong>VETO A REFUGIADOS<\/strong><br \/>\nA ONU criticou a decis\u00e3o do presidente dos Estados Unidos, Donald Trump, de impedir que cidad\u00e3os de sete pa\u00edses de maioria mu\u00e7ulmana entrem no Pa\u00eds. No Twitter, o alto comiss\u00e1rio da ONU para os Direitos Humanos, Zeid Ra&#8217;ad al Hussein, disse que a medida de Trump \u00e9 &#8220;ilegal, mesquinha e desperdi\u00e7a recursos para a luta contra o terrorismo\u201d e que \u201ca discrimina\u00e7\u00e3o baseada unicamente na nacionalidade \u00e9 proibida pelo direito humanit\u00e1rio\u201d.  Na \u00faltima sexta-feira, Trump assinou uma ordem executiva que suspende o programa de amparo de refugiados durante 120 dias, com objetivo declarado de revistar o procedimento atualmente aplicado e evitar a entrada de potenciais terroristas. <\/p>\n<p><strong>REFOR\u00c7O PARA O NORTE DE MINAS<\/strong><br \/>\nEm visita ao Norte de Minas, nesta ter\u00e7a e quarta-feira, a presidente da Codevasf, K\u00eania Marcelino, anunciou um pacote de obras e servi\u00e7os que soma R$ 22,5 milh\u00f5es e beneficia aproximadamente 1.500 pessoas que vivem e produzem na regi\u00e3o, fortemente castigada pela seca prolongada. Entre os an\u00fancios feitos pela primeira mulher a ocupar a presid\u00eancia na hist\u00f3ria da Companhia, est\u00e3o a inclus\u00e3o produtiva e repovoamento do rio S\u00e3o Francisco com esp\u00e9cies de peixes nativas, saneamento b\u00e1sico, garantia de \u00e1gua para irriga\u00e7\u00e3o e fortalecimento da produ\u00e7\u00e3o agr\u00edcola familiar. K\u00eania Marcelino encerra sua visita ao munic\u00edpio de Jequita\u00ed com a inaugura\u00e7\u00e3o do sistema de esgotamento sanit\u00e1rio da cidade. <\/p>\n<p><strong>FEBRE AMARELA<\/strong><br \/>\nO Brasil j\u00e1 soma 120 casos confirmados de febre amarela, incluindo 47 mortes, segundo dados do Minist\u00e9rio da Sa\u00fade. O n\u00famero representa um aumento de 19% em rela\u00e7\u00e3o \u00e0 \u00faltima semana, que teve 101 registros da doen\u00e7a. At\u00e9 agora, quatro Estados tiveram casos suspeitos: Minas Gerais, Esp\u00edrito Santo, Bahia e S\u00e3o Paulo.<\/p>\n<p><strong>ELEI\u00c7\u00c3O NA C\u00c2MARA<\/strong><br \/>\nRivais do presidente da C\u00e2mara dos Deputados, Rodrigo Maia (DEM-RJ), est\u00e3o se unindo na tentativa de levar a elei\u00e7\u00e3o da mesa diretora da Casa ao segundo turno. Rog\u00e9rio Rosso (PSD-DF), que havia suspendido sua candidatura na semana passada, anunciou que est\u00e1 de volta \u00e0 disputa, que tamb\u00e9m conta com os candidatos Jovair Arantes (PTB-GO) e Andr\u00e9 Figueiredo (PDT-CE). Tamb\u00e9m h\u00e1 chance de o PSOL lan\u00e7ar um nome. O prazo de registro de candidaturas vai at\u00e9 23h de quarta-feira (1\u00ba). A vota\u00e7\u00e3o est\u00e1 marcada para 9h de amanh\u00e3.<\/p>\n<p><strong>VER PRIMEIRO<\/strong><\/p>\n<p><strong>Receba as not\u00edcias do Aconteceu no Vale em primeira m\u00e3o. Clique em curtir no endere\u00e7o <a href=\"https:\/\/www.facebook.com\/aconteceunovale\" target=\"_blank\"><font color=\"red\">www.facebook.com\/aconteceunovale<\/font><\/a> ou no box abaixo:<\/strong><\/p>\n<div class=\"fb-like\" data-href=\"https:\/\/www.facebook.com\/aconteceunovale\" data-width=\"120\" data-layout=\"standard\" data-action=\"like\" data-size=\"small\" data-show-faces=\"true\" data-share=\"true\"><\/div>\n<p><\/br><\/p>\n","protected":false},"excerpt":{"rendered":"<p>JER\u00daSIA ARRUDA &#8211; www.facebook.com\/jerusia.arruda ELEI\u00c7\u00c3O NO SENADO Ser\u00e1 realizada hoje a elei\u00e7\u00e3o para o cargo de presidente do Senado Federal. Apoiado pelo governo e at\u00e9 pela oposi\u00e7\u00e3o, o senador Eun\u00edcio Oliveira \u00e9 o favorito. Ele disputa o pleito com o senador Jos\u00e9 Medeiros (PSD-MT) e, se ele for eleito, o PMDB vai completar 12 anos [&hellip;]<\/p>\n","protected":false},"author":1,"featured_media":106574,"comment_status":"open","ping_status":"closed","sticky":false,"template":"","format":"standard","meta":{"amp_status":"","footnotes":""},"categories":[4927],"tags":[4606,135443,135343,135442,137424,206036],"class_list":["post-108041","post","type-post","status-publish","format-standard","has-post-thumbnail","hentry","category-colunistas","tag-brasilia","tag-coluna-direto-de-brasilia","tag-coluna-jerusia-arruda","tag-direto-de-brasilia","tag-direto-de-brasilia-jerusia-arruda","tag-jerusia-arruda"],"yoast_head":"<!-- This site is optimized with the Yoast SEO plugin v28.3 - https:\/\/yoast.com\/product\/yoast-seo-wordpress\/ -->\n<title>Direto de Bras\u00edlia: coluna de Jer\u00fasia Arruda \u2014 31 de janeiro de 2017 - Aconteceu no Vale<\/title>\n<meta name=\"robots\" content=\"index, follow, max-snippet:-1, max-image-preview:large, max-video-preview:-1\" \/>\n<link rel=\"canonical\" href=\"https:\/\/aconteceunovale.com.br\/portal\/?p=108041\" \/>\n<meta property=\"og:locale\" content=\"pt_BR\" \/>\n<meta property=\"og:type\" content=\"article\" \/>\n<meta property=\"og:title\" content=\"Direto de Bras\u00edlia: coluna de Jer\u00fasia Arruda \u2014 31 de janeiro de 2017 - Aconteceu no Vale\" \/>\n<meta property=\"og:description\" content=\"JER\u00daSIA ARRUDA &#8211; www.facebook.com\/jerusia.arruda ELEI\u00c7\u00c3O NO SENADO Ser\u00e1 realizada hoje a elei\u00e7\u00e3o para o cargo de presidente do Senado Federal. Apoiado pelo governo e at\u00e9 pela oposi\u00e7\u00e3o, o senador Eun\u00edcio Oliveira \u00e9 o favorito. Ele disputa o pleito com o senador Jos\u00e9 Medeiros (PSD-MT) e, se ele for eleito, o PMDB vai completar 12 anos [&hellip;]\" \/>\n<meta property=\"og:url\" content=\"https:\/\/aconteceunovale.com.br\/portal\/?p=108041\" \/>\n<meta property=\"og:site_name\" content=\"Aconteceu no Vale\" \/>\n<meta property=\"article:publisher\" content=\"https:\/\/www.facebook.com\/aconteceunovale\/\" \/>\n<meta property=\"article:published_time\" content=\"2017-02-01T00:19:44+00:00\" \/>\n<meta property=\"article:modified_time\" content=\"2026-09-02T22:40:47+00:00\" \/>\n<meta property=\"og:image\" content=\"https:\/\/aconteceunovale.com.br\/portal\/wp-content\/uploads\/2017\/01\/jerusia_arruda.jpg\" \/>\n\t<meta property=\"og:image:width\" content=\"414\" \/>\n\t<meta property=\"og:image:height\" content=\"450\" \/>\n\t<meta property=\"og:image:type\" content=\"image\/jpeg\" \/>\n<meta name=\"author\" content=\"Aconteceu no Vale\" \/>\n<meta name=\"twitter:card\" content=\"summary_large_image\" \/>\n<meta name=\"twitter:creator\" content=\"@noticiadosvales\" \/>\n<meta name=\"twitter:site\" content=\"@noticiadosvales\" \/>\n<meta name=\"twitter:label1\" content=\"Escrito por\" \/>\n\t<meta name=\"twitter:data1\" content=\"Aconteceu no Vale\" \/>\n\t<meta name=\"twitter:label2\" content=\"Est. tempo de leitura\" \/>\n\t<meta name=\"twitter:data2\" content=\"4 minutos\" \/>\n<script type=\"application\/ld+json\" class=\"yoast-schema-graph\">{\"@context\":\"https:\\\/\\\/schema.org\",\"@graph\":[{\"@type\":\"Article\",\"@id\":\"https:\\\/\\\/aconteceunovale.com.br\\\/portal\\\/?p=108041#article\",\"isPartOf\":{\"@id\":\"https:\\\/\\\/aconteceunovale.com.br\\\/portal\\\/?p=108041\"},\"author\":{\"name\":\"Aconteceu no Vale\",\"@id\":\"https:\\\/\\\/aconteceunovale.com.br\\\/portal\\\/#\\\/schema\\\/person\\\/633529146f2c94272bef50ac2953d589\"},\"headline\":\"Direto de Bras\u00edlia: coluna de Jer\u00fasia Arruda \u2014 31 de janeiro de 2017\",\"datePublished\":\"2017-02-01T00:19:44+00:00\",\"dateModified\":\"2026-09-02T22:40:47+00:00\",\"mainEntityOfPage\":{\"@id\":\"https:\\\/\\\/aconteceunovale.com.br\\\/portal\\\/?p=108041\"},\"wordCount\":794,\"commentCount\":0,\"image\":{\"@id\":\"https:\\\/\\\/aconteceunovale.com.br\\\/portal\\\/?p=108041#primaryimage\"},\"thumbnailUrl\":\"https:\\\/\\\/aconteceunovale.com.br\\\/portal\\\/wp-content\\\/uploads\\\/2017\\\/01\\\/jerusia_arruda.jpg\",\"keywords\":[\"Bras\u00edlia\",\"Coluna Direto de Bras\u00edlia\",\"Coluna Jer\u00fasia Arruda\",\"Direto de Bras\u00edlia\",\"Direto de Bras\u00edlia - Jer\u00fasia Arruda\",\"Jer\u00fasia Arruda\"],\"articleSection\":[\"Colunistas\"],\"inLanguage\":\"pt-BR\",\"potentialAction\":[{\"@type\":\"CommentAction\",\"name\":\"Comment\",\"target\":[\"https:\\\/\\\/aconteceunovale.com.br\\\/portal\\\/?p=108041#respond\"]}]},{\"@type\":\"WebPage\",\"@id\":\"https:\\\/\\\/aconteceunovale.com.br\\\/portal\\\/?p=108041\",\"url\":\"https:\\\/\\\/aconteceunovale.com.br\\\/portal\\\/?p=108041\",\"name\":\"Direto de Bras\u00edlia: coluna de Jer\u00fasia Arruda \u2014 31 de janeiro de 2017 - Aconteceu no Vale\",\"isPartOf\":{\"@id\":\"https:\\\/\\\/aconteceunovale.com.br\\\/portal\\\/#website\"},\"primaryImageOfPage\":{\"@id\":\"https:\\\/\\\/aconteceunovale.com.br\\\/portal\\\/?p=108041#primaryimage\"},\"image\":{\"@id\":\"https:\\\/\\\/aconteceunovale.com.br\\\/portal\\\/?p=108041#primaryimage\"},\"thumbnailUrl\":\"https:\\\/\\\/aconteceunovale.com.br\\\/portal\\\/wp-content\\\/uploads\\\/2017\\\/01\\\/jerusia_arruda.jpg\",\"datePublished\":\"2017-02-01T00:19:44+00:00\",\"dateModified\":\"2026-09-02T22:40:47+00:00\",\"author\":{\"@id\":\"https:\\\/\\\/aconteceunovale.com.br\\\/portal\\\/#\\\/schema\\\/person\\\/633529146f2c94272bef50ac2953d589\"},\"breadcrumb\":{\"@id\":\"https:\\\/\\\/aconteceunovale.com.br\\\/portal\\\/?p=108041#breadcrumb\"},\"inLanguage\":\"pt-BR\",\"potentialAction\":[{\"@type\":\"ReadAction\",\"target\":[\"https:\\\/\\\/aconteceunovale.com.br\\\/portal\\\/?p=108041\"]}]},{\"@type\":\"ImageObject\",\"inLanguage\":\"pt-BR\",\"@id\":\"https:\\\/\\\/aconteceunovale.com.br\\\/portal\\\/?p=108041#primaryimage\",\"url\":\"https:\\\/\\\/aconteceunovale.com.br\\\/portal\\\/wp-content\\\/uploads\\\/2017\\\/01\\\/jerusia_arruda.jpg\",\"contentUrl\":\"https:\\\/\\\/aconteceunovale.com.br\\\/portal\\\/wp-content\\\/uploads\\\/2017\\\/01\\\/jerusia_arruda.jpg\",\"width\":414,\"height\":450},{\"@type\":\"BreadcrumbList\",\"@id\":\"https:\\\/\\\/aconteceunovale.com.br\\\/portal\\\/?p=108041#breadcrumb\",\"itemListElement\":[{\"@type\":\"ListItem\",\"position\":1,\"name\":\"In\u00edcio\",\"item\":\"https:\\\/\\\/aconteceunovale.com.br\\\/portal\\\/\"},{\"@type\":\"ListItem\",\"position\":2,\"name\":\"Direto de Bras\u00edlia: coluna de Jer\u00fasia Arruda \u2014 31 de janeiro de 2017\"}]},{\"@type\":\"WebSite\",\"@id\":\"https:\\\/\\\/aconteceunovale.com.br\\\/portal\\\/#website\",\"url\":\"https:\\\/\\\/aconteceunovale.com.br\\\/portal\\\/\",\"name\":\"Aconteceu no Vale\",\"description\":\"Portal de Not\u00edcias\",\"potentialAction\":[{\"@type\":\"SearchAction\",\"target\":{\"@type\":\"EntryPoint\",\"urlTemplate\":\"https:\\\/\\\/aconteceunovale.com.br\\\/portal\\\/?s={search_term_string}\"},\"query-input\":{\"@type\":\"PropertyValueSpecification\",\"valueRequired\":true,\"valueName\":\"search_term_string\"}}],\"inLanguage\":\"pt-BR\"},{\"@type\":\"Person\",\"@id\":\"https:\\\/\\\/aconteceunovale.com.br\\\/portal\\\/#\\\/schema\\\/person\\\/633529146f2c94272bef50ac2953d589\",\"name\":\"Aconteceu no Vale\",\"description\":\"Equipe de reportagem do Aconteceu no Vale, portal de not\u00edcias do Vale do Jequitinhonha, em Minas Gerais. Cobrimos as 51 cidades do Vale desde 2013. Sugest\u00f5es de pauta e pedidos de corre\u00e7\u00e3o: contato@aconteceunovale.com.br\",\"sameAs\":[\"http:\\\/\\\/www.aconteceunovale.com.br\"],\"url\":\"https:\\\/\\\/aconteceunovale.com.br\\\/portal\\\/?author=1\"}]}<\/script>\n<!-- \/ Yoast SEO plugin. -->","yoast_head_json":{"title":"Direto de Bras\u00edlia: coluna de Jer\u00fasia Arruda \u2014 31 de janeiro de 2017 - Aconteceu no Vale","robots":{"index":"index","follow":"follow","max-snippet":"max-snippet:-1","max-image-preview":"max-image-preview:large","max-video-preview":"max-video-preview:-1"},"canonical":"https:\/\/aconteceunovale.com.br\/portal\/?p=108041","og_locale":"pt_BR","og_type":"article","og_title":"Direto de Bras\u00edlia: coluna de Jer\u00fasia Arruda \u2014 31 de janeiro de 2017 - Aconteceu no Vale","og_description":"JER\u00daSIA ARRUDA &#8211; www.facebook.com\/jerusia.arruda ELEI\u00c7\u00c3O NO SENADO Ser\u00e1 realizada hoje a elei\u00e7\u00e3o para o cargo de presidente do Senado Federal. Apoiado pelo governo e at\u00e9 pela oposi\u00e7\u00e3o, o senador Eun\u00edcio Oliveira \u00e9 o favorito. Ele disputa o pleito com o senador Jos\u00e9 Medeiros (PSD-MT) e, se ele for eleito, o PMDB vai completar 12 anos [&hellip;]","og_url":"https:\/\/aconteceunovale.com.br\/portal\/?p=108041","og_site_name":"Aconteceu no Vale","article_publisher":"https:\/\/www.facebook.com\/aconteceunovale\/","article_published_time":"2017-02-01T00:19:44+00:00","article_modified_time":"2026-09-02T22:40:47+00:00","og_image":[{"width":414,"height":450,"url":"https:\/\/aconteceunovale.com.br\/portal\/wp-content\/uploads\/2017\/01\/jerusia_arruda.jpg","type":"image\/jpeg"}],"author":"Aconteceu no Vale","twitter_card":"summary_large_image","twitter_creator":"@noticiadosvales","twitter_site":"@noticiadosvales","twitter_misc":{"Escrito por":"Aconteceu no Vale","Est. tempo de leitura":"4 minutos"},"schema":{"@context":"https:\/\/schema.org","@graph":[{"@type":"Article","@id":"https:\/\/aconteceunovale.com.br\/portal\/?p=108041#article","isPartOf":{"@id":"https:\/\/aconteceunovale.com.br\/portal\/?p=108041"},"author":{"name":"Aconteceu no Vale","@id":"https:\/\/aconteceunovale.com.br\/portal\/#\/schema\/person\/633529146f2c94272bef50ac2953d589"},"headline":"Direto de Bras\u00edlia: coluna de Jer\u00fasia Arruda \u2014 31 de janeiro de 2017","datePublished":"2017-02-01T00:19:44+00:00","dateModified":"2026-09-02T22:40:47+00:00","mainEntityOfPage":{"@id":"https:\/\/aconteceunovale.com.br\/portal\/?p=108041"},"wordCount":794,"commentCount":0,"image":{"@id":"https:\/\/aconteceunovale.com.br\/portal\/?p=108041#primaryimage"},"thumbnailUrl":"https:\/\/aconteceunovale.com.br\/portal\/wp-content\/uploads\/2017\/01\/jerusia_arruda.jpg","keywords":["Bras\u00edlia","Coluna Direto de Bras\u00edlia","Coluna Jer\u00fasia Arruda","Direto de Bras\u00edlia","Direto de Bras\u00edlia - Jer\u00fasia Arruda","Jer\u00fasia Arruda"],"articleSection":["Colunistas"],"inLanguage":"pt-BR","potentialAction":[{"@type":"CommentAction","name":"Comment","target":["https:\/\/aconteceunovale.com.br\/portal\/?p=108041#respond"]}]},{"@type":"WebPage","@id":"https:\/\/aconteceunovale.com.br\/portal\/?p=108041","url":"https:\/\/aconteceunovale.com.br\/portal\/?p=108041","name":"Direto de Bras\u00edlia: coluna de Jer\u00fasia Arruda \u2014 31 de janeiro de 2017 - Aconteceu no Vale","isPartOf":{"@id":"https:\/\/aconteceunovale.com.br\/portal\/#website"},"primaryImageOfPage":{"@id":"https:\/\/aconteceunovale.com.br\/portal\/?p=108041#primaryimage"},"image":{"@id":"https:\/\/aconteceunovale.com.br\/portal\/?p=108041#primaryimage"},"thumbnailUrl":"https:\/\/aconteceunovale.com.br\/portal\/wp-content\/uploads\/2017\/01\/jerusia_arruda.jpg","datePublished":"2017-02-01T00:19:44+00:00","dateModified":"2026-09-02T22:40:47+00:00","author":{"@id":"https:\/\/aconteceunovale.com.br\/portal\/#\/schema\/person\/633529146f2c94272bef50ac2953d589"},"breadcrumb":{"@id":"https:\/\/aconteceunovale.com.br\/portal\/?p=108041#breadcrumb"},"inLanguage":"pt-BR","potentialAction":[{"@type":"ReadAction","target":["https:\/\/aconteceunovale.com.br\/portal\/?p=108041"]}]},{"@type":"ImageObject","inLanguage":"pt-BR","@id":"https:\/\/aconteceunovale.com.br\/portal\/?p=108041#primaryimage","url":"https:\/\/aconteceunovale.com.br\/portal\/wp-content\/uploads\/2017\/01\/jerusia_arruda.jpg","contentUrl":"https:\/\/aconteceunovale.com.br\/portal\/wp-content\/uploads\/2017\/01\/jerusia_arruda.jpg","width":414,"height":450},{"@type":"BreadcrumbList","@id":"https:\/\/aconteceunovale.com.br\/portal\/?p=108041#breadcrumb","itemListElement":[{"@type":"ListItem","position":1,"name":"In\u00edcio","item":"https:\/\/aconteceunovale.com.br\/portal\/"},{"@type":"ListItem","position":2,"name":"Direto de Bras\u00edlia: coluna de Jer\u00fasia Arruda \u2014 31 de janeiro de 2017"}]},{"@type":"WebSite","@id":"https:\/\/aconteceunovale.com.br\/portal\/#website","url":"https:\/\/aconteceunovale.com.br\/portal\/","name":"Aconteceu no Vale","description":"Portal de Not\u00edcias","potentialAction":[{"@type":"SearchAction","target":{"@type":"EntryPoint","urlTemplate":"https:\/\/aconteceunovale.com.br\/portal\/?s={search_term_string}"},"query-input":{"@type":"PropertyValueSpecification","valueRequired":true,"valueName":"search_term_string"}}],"inLanguage":"pt-BR"},{"@type":"Person","@id":"https:\/\/aconteceunovale.com.br\/portal\/#\/schema\/person\/633529146f2c94272bef50ac2953d589","name":"Aconteceu no Vale","description":"Equipe de reportagem do Aconteceu no Vale, portal de not\u00edcias do Vale do Jequitinhonha, em Minas Gerais. Cobrimos as 51 cidades do Vale desde 2013. Sugest\u00f5es de pauta e pedidos de corre\u00e7\u00e3o: contato@aconteceunovale.com.br","sameAs":["http:\/\/www.aconteceunovale.com.br"],"url":"https:\/\/aconteceunovale.com.br\/portal\/?author=1"}]}},"_links":{"self":[{"href":"https:\/\/aconteceunovale.com.br\/portal\/index.php?rest_route=\/wp\/v2\/posts\/108041","targetHints":{"allow":["GET"]}}],"collection":[{"href":"https:\/\/aconteceunovale.com.br\/portal\/index.php?rest_route=\/wp\/v2\/posts"}],"about":[{"href":"https:\/\/aconteceunovale.com.br\/portal\/index.php?rest_route=\/wp\/v2\/types\/post"}],"author":[{"embeddable":true,"href":"https:\/\/aconteceunovale.com.br\/portal\/index.php?rest_route=\/wp\/v2\/users\/1"}],"replies":[{"embeddable":true,"href":"https:\/\/aconteceunovale.com.br\/portal\/index.php?rest_route=%2Fwp%2Fv2%2Fcomments&post=108041"}],"version-history":[{"count":1,"href":"https:\/\/aconteceunovale.com.br\/portal\/index.php?rest_route=\/wp\/v2\/posts\/108041\/revisions"}],"predecessor-version":[{"id":202263,"href":"https:\/\/aconteceunovale.com.br\/portal\/index.php?rest_route=\/wp\/v2\/posts\/108041\/revisions\/202263"}],"wp:featuredmedia":[{"embeddable":true,"href":"https:\/\/aconteceunovale.com.br\/portal\/index.php?rest_route=\/wp\/v2\/media\/106574"}],"wp:attachment":[{"href":"https:\/\/aconteceunovale.com.br\/portal\/index.php?rest_route=%2Fwp%2Fv2%2Fmedia&parent=108041"}],"wp:term":[{"taxonomy":"category","embeddable":true,"href":"https:\/\/aconteceunovale.com.br\/portal\/index.php?rest_route=%2Fwp%2Fv2%2Fcategories&post=108041"},{"taxonomy":"post_tag","embeddable":true,"href":"https:\/\/aconteceunovale.com.br\/portal\/index.php?rest_route=%2Fwp%2Fv2%2Ftags&post=108041"}],"curies":[{"name":"wp","href":"https:\/\/api.w.org\/{rel}","templated":true}]}}