{"id":108034,"date":"2017-01-31T21:32:20","date_gmt":"2017-01-31T23:32:20","guid":{"rendered":"http:\/\/aconteceunovale.com.br\/portal\/?p=108034"},"modified":"2017-01-31T21:32:20","modified_gmt":"2017-01-31T23:32:20","slug":"sp-confirma-quatro-mortes-por-febre-amarela-de-pessoas-que-visitaram-minas","status":"publish","type":"post","link":"https:\/\/aconteceunovale.com.br\/portal\/?p=108034","title":{"rendered":"SP confirma quatro mortes por febre amarela de pessoas que visitaram Minas"},"content":{"rendered":"<p>O n\u00famero de mortes por febre amarela em S\u00e3o Paulo subiu para seis. Do total, quatro \u00f3bitos s\u00e3o de pessoas que come\u00e7aram a sentir os sintomas da doen\u00e7a depois de visitar Minas Gerais. Os dados foram apresentados na tarde desta segunda-feira (30\/1\/2017) pela Secretaria de Estado de Sa\u00fade (SES\/SP). O assunto foi discutido durante reuni\u00e3o de prefeitos paulistas. <\/p>\n<p>De acordo com os dados da Secretaria de Sa\u00fade, das quatro mortes de pessoas que visitaram Minas Gerais uma aconteceu em Santa do Parna\u00edba, outra em Paul\u00ednia e duas na capital paulista. Os outros dois mortos tiveram infec\u00e7\u00e3o confirmada dentro do estado. Os pacientes morreram em Batatais e Am\u00e9rico Brasiliense. <\/p>\n<p>Ainda est\u00e3o sendo investigados 17 casos que pessoas com suspeita da doen\u00e7a. Dessas, quatro s\u00e3o do interior de S\u00e3o Paulo. O restante s\u00e3o de Minas Gerais, Par\u00e1 e Amazonas. Em 2016 foram confirmadas duas mortes pela doen\u00e7a: uma em abril, no munic\u00edpio de Bady Bassitt, cujo local prov\u00e1vel de infec\u00e7\u00e3o foi na chamada \u201cMata dos Macacos\u201d, no munic\u00edpio de S\u00e3o Jos\u00e9 do Rio Preto; e outra em Ribeir\u00e3o Preto, tamb\u00e9m em \u00e1rea pr\u00f3xima \u00e0 mata. <\/p>\n<p>Outra preocupa\u00e7\u00e3o \u00e9 com a morte de macacos. Desde o ano passado, segundo a Secretaria de Sa\u00fade, foram confirmadas 24 epizootias, situa\u00e7\u00e3o de adoecimento ou \u00f3bito de primatas com suspeita de febre amarela. Ao todo, 31 primatas morreram nas regi\u00f5es de Ribeir\u00e3o Preto, Barretos, Franca e S\u00e3o Jos\u00e9 do Rio Preto. <\/p>\n<p><strong>VER PRIMEIRO<\/strong><\/p>\n<p><strong>Receba as not\u00edcias do Aconteceu no Vale em primeira m\u00e3o. Clique em curtir no endere\u00e7o <a href=\"https:\/\/www.facebook.com\/aconteceunovale\" target=\"_blank\"><font color=\"red\">www.facebook.com\/aconteceunovale<\/font><\/a> ou no box abaixo:<\/strong><\/p>\n<div class=\"fb-like\" data-href=\"https:\/\/www.facebook.com\/aconteceunovale\" data-width=\"120\" data-layout=\"standard\" data-action=\"like\" data-size=\"small\" data-show-faces=\"true\" data-share=\"true\"><\/div>\n<p><\/br><\/p>\n<p><em>(Fonte: Estado de Minas)<\/em><\/p>\n","protected":false},"excerpt":{"rendered":"<p>O n\u00famero de mortes por febre amarela em S\u00e3o Paulo subiu para seis. Do total, quatro \u00f3bitos s\u00e3o de pessoas que come\u00e7aram a sentir os sintomas da doen\u00e7a depois de visitar Minas Gerais. Os dados foram apresentados na tarde desta segunda-feira (30\/1\/2017) pela Secretaria de Estado de Sa\u00fade (SES\/SP). O assunto foi discutido durante reuni\u00e3o [&hellip;]<\/p>\n","protected":false},"author":1,"featured_media":106854,"comment_status":"open","ping_status":"closed","sticky":false,"template":"","format":"standard","meta":{"amp_status":"","footnotes":""},"categories":[6,123],"tags":[136985,137879,91099,136979,136977,136978,15949,9516,137878,58459,2382,137880,136980],"class_list":["post-108034","post","type-post","status-publish","format-standard","has-post-thumbnail","hentry","category-br","category-gerais","tag-americo-brasiliense","tag-bady-bassitt","tag-batatais","tag-casos-de-febre-amarela-em-sao-paulo","tag-febre-amarela-em-sao-paulo","tag-mortes-por-febre-amarela-em-sao-paulo","tag-paulinia","tag-ribeirao-preto","tag-santa-do-parnaiba","tag-sao-jose-do-rio-preto","tag-sao-paulo","tag-sp-confirma-quatro-mortes-por-febre-amarela-de-pessoas-que-visitaram-minas","tag-vitimas-de-febre-amarela-em-sao-paulo"],"yoast_head":"<!-- This site is optimized with the Yoast SEO plugin v28.3 - https:\/\/yoast.com\/product\/yoast-seo-wordpress\/ -->\n<title>SP confirma quatro mortes por febre amarela de pessoas que visitaram Minas - Aconteceu no Vale<\/title>\n<meta name=\"robots\" content=\"index, follow, max-snippet:-1, max-image-preview:large, max-video-preview:-1\" \/>\n<link rel=\"canonical\" href=\"https:\/\/aconteceunovale.com.br\/portal\/?p=108034\" \/>\n<meta property=\"og:locale\" content=\"pt_BR\" \/>\n<meta property=\"og:type\" content=\"article\" \/>\n<meta property=\"og:title\" content=\"SP confirma quatro mortes por febre amarela de pessoas que visitaram Minas - Aconteceu no Vale\" \/>\n<meta property=\"og:description\" content=\"O n\u00famero de mortes por febre amarela em S\u00e3o Paulo subiu para seis. Do total, quatro \u00f3bitos s\u00e3o de pessoas que come\u00e7aram a sentir os sintomas da doen\u00e7a depois de visitar Minas Gerais. Os dados foram apresentados na tarde desta segunda-feira (30\/1\/2017) pela Secretaria de Estado de Sa\u00fade (SES\/SP). O assunto foi discutido durante reuni\u00e3o [&hellip;]\" \/>\n<meta property=\"og:url\" content=\"https:\/\/aconteceunovale.com.br\/portal\/?p=108034\" \/>\n<meta property=\"og:site_name\" content=\"Aconteceu no Vale\" \/>\n<meta property=\"article:publisher\" content=\"https:\/\/www.facebook.com\/aconteceunovale\/\" \/>\n<meta property=\"article:published_time\" content=\"2017-01-31T23:32:20+00:00\" \/>\n<meta property=\"og:image\" content=\"https:\/\/aconteceunovale.com.br\/portal\/wp-content\/uploads\/2017\/01\/haemagogus.jpg\" \/>\n\t<meta property=\"og:image:width\" content=\"678\" \/>\n\t<meta property=\"og:image:height\" content=\"424\" \/>\n\t<meta property=\"og:image:type\" content=\"image\/jpeg\" \/>\n<meta name=\"author\" content=\"Aconteceu no Vale\" \/>\n<meta name=\"twitter:card\" content=\"summary_large_image\" \/>\n<meta name=\"twitter:creator\" content=\"@noticiadosvales\" \/>\n<meta name=\"twitter:site\" content=\"@noticiadosvales\" \/>\n<meta name=\"twitter:label1\" content=\"Escrito por\" \/>\n\t<meta name=\"twitter:data1\" content=\"Aconteceu no Vale\" \/>\n\t<meta name=\"twitter:label2\" content=\"Est. tempo de leitura\" \/>\n\t<meta name=\"twitter:data2\" content=\"1 minuto\" \/>\n<script type=\"application\/ld+json\" class=\"yoast-schema-graph\">{\"@context\":\"https:\\\/\\\/schema.org\",\"@graph\":[{\"@type\":\"Article\",\"@id\":\"https:\\\/\\\/aconteceunovale.com.br\\\/portal\\\/?p=108034#article\",\"isPartOf\":{\"@id\":\"https:\\\/\\\/aconteceunovale.com.br\\\/portal\\\/?p=108034\"},\"author\":{\"name\":\"Aconteceu no Vale\",\"@id\":\"https:\\\/\\\/aconteceunovale.com.br\\\/portal\\\/#\\\/schema\\\/person\\\/633529146f2c94272bef50ac2953d589\"},\"headline\":\"SP confirma quatro mortes por febre amarela de pessoas que visitaram Minas\",\"datePublished\":\"2017-01-31T23:32:20+00:00\",\"mainEntityOfPage\":{\"@id\":\"https:\\\/\\\/aconteceunovale.com.br\\\/portal\\\/?p=108034\"},\"wordCount\":304,\"commentCount\":0,\"image\":{\"@id\":\"https:\\\/\\\/aconteceunovale.com.br\\\/portal\\\/?p=108034#primaryimage\"},\"thumbnailUrl\":\"https:\\\/\\\/aconteceunovale.com.br\\\/portal\\\/wp-content\\\/uploads\\\/2017\\\/01\\\/haemagogus.jpg\",\"keywords\":[\"Am\u00e9rico Brasiliense\",\"Bady Bassitt\",\"Batatais\",\"Casos de Febre amarela em S\u00e3o Paulo\",\"Febre amarela em S\u00e3o Paulo\",\"Mortes por Febre amarela em S\u00e3o Paulo\",\"Paul\u00ednia\",\"ribeir\u00e3o preto\",\"Santa do Parna\u00edba\",\"S\u00e3o Jos\u00e9 do Rio Preto\",\"S\u00e3o Paulo\",\"SP confirma quatro mortes por febre amarela de pessoas que visitaram Minas\",\"V\u00edtimas de Febre amarela em S\u00e3o Paulo\"],\"articleSection\":[\"Brasil\",\"Minas Gerais\"],\"inLanguage\":\"pt-BR\",\"potentialAction\":[{\"@type\":\"CommentAction\",\"name\":\"Comment\",\"target\":[\"https:\\\/\\\/aconteceunovale.com.br\\\/portal\\\/?p=108034#respond\"]}]},{\"@type\":\"WebPage\",\"@id\":\"https:\\\/\\\/aconteceunovale.com.br\\\/portal\\\/?p=108034\",\"url\":\"https:\\\/\\\/aconteceunovale.com.br\\\/portal\\\/?p=108034\",\"name\":\"SP confirma quatro mortes por febre amarela de pessoas que visitaram Minas - Aconteceu no Vale\",\"isPartOf\":{\"@id\":\"https:\\\/\\\/aconteceunovale.com.br\\\/portal\\\/#website\"},\"primaryImageOfPage\":{\"@id\":\"https:\\\/\\\/aconteceunovale.com.br\\\/portal\\\/?p=108034#primaryimage\"},\"image\":{\"@id\":\"https:\\\/\\\/aconteceunovale.com.br\\\/portal\\\/?p=108034#primaryimage\"},\"thumbnailUrl\":\"https:\\\/\\\/aconteceunovale.com.br\\\/portal\\\/wp-content\\\/uploads\\\/2017\\\/01\\\/haemagogus.jpg\",\"datePublished\":\"2017-01-31T23:32:20+00:00\",\"author\":{\"@id\":\"https:\\\/\\\/aconteceunovale.com.br\\\/portal\\\/#\\\/schema\\\/person\\\/633529146f2c94272bef50ac2953d589\"},\"breadcrumb\":{\"@id\":\"https:\\\/\\\/aconteceunovale.com.br\\\/portal\\\/?p=108034#breadcrumb\"},\"inLanguage\":\"pt-BR\",\"potentialAction\":[{\"@type\":\"ReadAction\",\"target\":[\"https:\\\/\\\/aconteceunovale.com.br\\\/portal\\\/?p=108034\"]}]},{\"@type\":\"ImageObject\",\"inLanguage\":\"pt-BR\",\"@id\":\"https:\\\/\\\/aconteceunovale.com.br\\\/portal\\\/?p=108034#primaryimage\",\"url\":\"https:\\\/\\\/aconteceunovale.com.br\\\/portal\\\/wp-content\\\/uploads\\\/2017\\\/01\\\/haemagogus.jpg\",\"contentUrl\":\"https:\\\/\\\/aconteceunovale.com.br\\\/portal\\\/wp-content\\\/uploads\\\/2017\\\/01\\\/haemagogus.jpg\",\"width\":678,\"height\":424},{\"@type\":\"BreadcrumbList\",\"@id\":\"https:\\\/\\\/aconteceunovale.com.br\\\/portal\\\/?p=108034#breadcrumb\",\"itemListElement\":[{\"@type\":\"ListItem\",\"position\":1,\"name\":\"In\u00edcio\",\"item\":\"https:\\\/\\\/aconteceunovale.com.br\\\/portal\\\/\"},{\"@type\":\"ListItem\",\"position\":2,\"name\":\"SP confirma quatro mortes por febre amarela de pessoas que visitaram Minas\"}]},{\"@type\":\"WebSite\",\"@id\":\"https:\\\/\\\/aconteceunovale.com.br\\\/portal\\\/#website\",\"url\":\"https:\\\/\\\/aconteceunovale.com.br\\\/portal\\\/\",\"name\":\"Aconteceu no Vale\",\"description\":\"Portal de Not\u00edcias\",\"potentialAction\":[{\"@type\":\"SearchAction\",\"target\":{\"@type\":\"EntryPoint\",\"urlTemplate\":\"https:\\\/\\\/aconteceunovale.com.br\\\/portal\\\/?s={search_term_string}\"},\"query-input\":{\"@type\":\"PropertyValueSpecification\",\"valueRequired\":true,\"valueName\":\"search_term_string\"}}],\"inLanguage\":\"pt-BR\"},{\"@type\":\"Person\",\"@id\":\"https:\\\/\\\/aconteceunovale.com.br\\\/portal\\\/#\\\/schema\\\/person\\\/633529146f2c94272bef50ac2953d589\",\"name\":\"Aconteceu no Vale\",\"description\":\"Equipe de reportagem do Aconteceu no Vale, portal de not\u00edcias do Vale do Jequitinhonha, em Minas Gerais. Cobrimos as 51 cidades do Vale desde 2013. Sugest\u00f5es de pauta e pedidos de corre\u00e7\u00e3o: contato@aconteceunovale.com.br\",\"sameAs\":[\"http:\\\/\\\/www.aconteceunovale.com.br\"],\"url\":\"https:\\\/\\\/aconteceunovale.com.br\\\/portal\\\/?author=1\"}]}<\/script>\n<!-- \/ Yoast SEO plugin. -->","yoast_head_json":{"title":"SP confirma quatro mortes por febre amarela de pessoas que visitaram Minas - Aconteceu no Vale","robots":{"index":"index","follow":"follow","max-snippet":"max-snippet:-1","max-image-preview":"max-image-preview:large","max-video-preview":"max-video-preview:-1"},"canonical":"https:\/\/aconteceunovale.com.br\/portal\/?p=108034","og_locale":"pt_BR","og_type":"article","og_title":"SP confirma quatro mortes por febre amarela de pessoas que visitaram Minas - Aconteceu no Vale","og_description":"O n\u00famero de mortes por febre amarela em S\u00e3o Paulo subiu para seis. Do total, quatro \u00f3bitos s\u00e3o de pessoas que come\u00e7aram a sentir os sintomas da doen\u00e7a depois de visitar Minas Gerais. Os dados foram apresentados na tarde desta segunda-feira (30\/1\/2017) pela Secretaria de Estado de Sa\u00fade (SES\/SP). O assunto foi discutido durante reuni\u00e3o [&hellip;]","og_url":"https:\/\/aconteceunovale.com.br\/portal\/?p=108034","og_site_name":"Aconteceu no Vale","article_publisher":"https:\/\/www.facebook.com\/aconteceunovale\/","article_published_time":"2017-01-31T23:32:20+00:00","og_image":[{"width":678,"height":424,"url":"https:\/\/aconteceunovale.com.br\/portal\/wp-content\/uploads\/2017\/01\/haemagogus.jpg","type":"image\/jpeg"}],"author":"Aconteceu no Vale","twitter_card":"summary_large_image","twitter_creator":"@noticiadosvales","twitter_site":"@noticiadosvales","twitter_misc":{"Escrito por":"Aconteceu no Vale","Est. tempo de leitura":"1 minuto"},"schema":{"@context":"https:\/\/schema.org","@graph":[{"@type":"Article","@id":"https:\/\/aconteceunovale.com.br\/portal\/?p=108034#article","isPartOf":{"@id":"https:\/\/aconteceunovale.com.br\/portal\/?p=108034"},"author":{"name":"Aconteceu no Vale","@id":"https:\/\/aconteceunovale.com.br\/portal\/#\/schema\/person\/633529146f2c94272bef50ac2953d589"},"headline":"SP confirma quatro mortes por febre amarela de pessoas que visitaram Minas","datePublished":"2017-01-31T23:32:20+00:00","mainEntityOfPage":{"@id":"https:\/\/aconteceunovale.com.br\/portal\/?p=108034"},"wordCount":304,"commentCount":0,"image":{"@id":"https:\/\/aconteceunovale.com.br\/portal\/?p=108034#primaryimage"},"thumbnailUrl":"https:\/\/aconteceunovale.com.br\/portal\/wp-content\/uploads\/2017\/01\/haemagogus.jpg","keywords":["Am\u00e9rico Brasiliense","Bady Bassitt","Batatais","Casos de Febre amarela em S\u00e3o Paulo","Febre amarela em S\u00e3o Paulo","Mortes por Febre amarela em S\u00e3o Paulo","Paul\u00ednia","ribeir\u00e3o preto","Santa do Parna\u00edba","S\u00e3o Jos\u00e9 do Rio Preto","S\u00e3o Paulo","SP confirma quatro mortes por febre amarela de pessoas que visitaram Minas","V\u00edtimas de Febre amarela em S\u00e3o Paulo"],"articleSection":["Brasil","Minas Gerais"],"inLanguage":"pt-BR","potentialAction":[{"@type":"CommentAction","name":"Comment","target":["https:\/\/aconteceunovale.com.br\/portal\/?p=108034#respond"]}]},{"@type":"WebPage","@id":"https:\/\/aconteceunovale.com.br\/portal\/?p=108034","url":"https:\/\/aconteceunovale.com.br\/portal\/?p=108034","name":"SP confirma quatro mortes por febre amarela de pessoas que visitaram Minas - Aconteceu no Vale","isPartOf":{"@id":"https:\/\/aconteceunovale.com.br\/portal\/#website"},"primaryImageOfPage":{"@id":"https:\/\/aconteceunovale.com.br\/portal\/?p=108034#primaryimage"},"image":{"@id":"https:\/\/aconteceunovale.com.br\/portal\/?p=108034#primaryimage"},"thumbnailUrl":"https:\/\/aconteceunovale.com.br\/portal\/wp-content\/uploads\/2017\/01\/haemagogus.jpg","datePublished":"2017-01-31T23:32:20+00:00","author":{"@id":"https:\/\/aconteceunovale.com.br\/portal\/#\/schema\/person\/633529146f2c94272bef50ac2953d589"},"breadcrumb":{"@id":"https:\/\/aconteceunovale.com.br\/portal\/?p=108034#breadcrumb"},"inLanguage":"pt-BR","potentialAction":[{"@type":"ReadAction","target":["https:\/\/aconteceunovale.com.br\/portal\/?p=108034"]}]},{"@type":"ImageObject","inLanguage":"pt-BR","@id":"https:\/\/aconteceunovale.com.br\/portal\/?p=108034#primaryimage","url":"https:\/\/aconteceunovale.com.br\/portal\/wp-content\/uploads\/2017\/01\/haemagogus.jpg","contentUrl":"https:\/\/aconteceunovale.com.br\/portal\/wp-content\/uploads\/2017\/01\/haemagogus.jpg","width":678,"height":424},{"@type":"BreadcrumbList","@id":"https:\/\/aconteceunovale.com.br\/portal\/?p=108034#breadcrumb","itemListElement":[{"@type":"ListItem","position":1,"name":"In\u00edcio","item":"https:\/\/aconteceunovale.com.br\/portal\/"},{"@type":"ListItem","position":2,"name":"SP confirma quatro mortes por febre amarela de pessoas que visitaram Minas"}]},{"@type":"WebSite","@id":"https:\/\/aconteceunovale.com.br\/portal\/#website","url":"https:\/\/aconteceunovale.com.br\/portal\/","name":"Aconteceu no Vale","description":"Portal de Not\u00edcias","potentialAction":[{"@type":"SearchAction","target":{"@type":"EntryPoint","urlTemplate":"https:\/\/aconteceunovale.com.br\/portal\/?s={search_term_string}"},"query-input":{"@type":"PropertyValueSpecification","valueRequired":true,"valueName":"search_term_string"}}],"inLanguage":"pt-BR"},{"@type":"Person","@id":"https:\/\/aconteceunovale.com.br\/portal\/#\/schema\/person\/633529146f2c94272bef50ac2953d589","name":"Aconteceu no Vale","description":"Equipe de reportagem do Aconteceu no Vale, portal de not\u00edcias do Vale do Jequitinhonha, em Minas Gerais. Cobrimos as 51 cidades do Vale desde 2013. Sugest\u00f5es de pauta e pedidos de corre\u00e7\u00e3o: contato@aconteceunovale.com.br","sameAs":["http:\/\/www.aconteceunovale.com.br"],"url":"https:\/\/aconteceunovale.com.br\/portal\/?author=1"}]}},"_links":{"self":[{"href":"https:\/\/aconteceunovale.com.br\/portal\/index.php?rest_route=\/wp\/v2\/posts\/108034","targetHints":{"allow":["GET"]}}],"collection":[{"href":"https:\/\/aconteceunovale.com.br\/portal\/index.php?rest_route=\/wp\/v2\/posts"}],"about":[{"href":"https:\/\/aconteceunovale.com.br\/portal\/index.php?rest_route=\/wp\/v2\/types\/post"}],"author":[{"embeddable":true,"href":"https:\/\/aconteceunovale.com.br\/portal\/index.php?rest_route=\/wp\/v2\/users\/1"}],"replies":[{"embeddable":true,"href":"https:\/\/aconteceunovale.com.br\/portal\/index.php?rest_route=%2Fwp%2Fv2%2Fcomments&post=108034"}],"version-history":[{"count":0,"href":"https:\/\/aconteceunovale.com.br\/portal\/index.php?rest_route=\/wp\/v2\/posts\/108034\/revisions"}],"wp:featuredmedia":[{"embeddable":true,"href":"https:\/\/aconteceunovale.com.br\/portal\/index.php?rest_route=\/wp\/v2\/media\/106854"}],"wp:attachment":[{"href":"https:\/\/aconteceunovale.com.br\/portal\/index.php?rest_route=%2Fwp%2Fv2%2Fmedia&parent=108034"}],"wp:term":[{"taxonomy":"category","embeddable":true,"href":"https:\/\/aconteceunovale.com.br\/portal\/index.php?rest_route=%2Fwp%2Fv2%2Fcategories&post=108034"},{"taxonomy":"post_tag","embeddable":true,"href":"https:\/\/aconteceunovale.com.br\/portal\/index.php?rest_route=%2Fwp%2Fv2%2Ftags&post=108034"}],"curies":[{"name":"wp","href":"https:\/\/api.w.org\/{rel}","templated":true}]}}