{"id":108020,"date":"2017-01-31T20:04:42","date_gmt":"2017-01-31T22:04:42","guid":{"rendered":"http:\/\/aconteceunovale.com.br\/portal\/?p=108020"},"modified":"2017-01-31T20:04:42","modified_gmt":"2017-01-31T22:04:42","slug":"uaitec-abre-34-mil-vagas-para-cursos-de-ti-e-idiomas-no-interior-de-minas-gerais","status":"publish","type":"post","link":"https:\/\/aconteceunovale.com.br\/portal\/?p=108020","title":{"rendered":"Uaitec abre 34 mil vagas para cursos de TI e idiomas no interior de Minas Gerais"},"content":{"rendered":"<h4><em><strong>Ao todo ser\u00e3o ofertadas 34 mil vagas distribu\u00eddas em 100 unidades do Estado.<\/strong><\/em><\/h4>\n<p>A\u00a0Universidade Aberta e Integrada de Minas Gerais (Uaitec)\u00a0lan\u00e7a a segunda turma para cursos de idiomas e tecnologia da informa\u00e7\u00e3o. As aulas ser\u00e3o ofertadas em todas as 100 unidades distribu\u00eddas em todos os territ\u00f3rios mineiros. Os interessados ter\u00e3o at\u00e9 o dia 10 de fevereiro para se matricularem.<\/p>\n<p>As vagas para o polo de Belo Horizonte j\u00e1 est\u00e3o completamente preenchidas. Existem ainda oportunidades para Regi\u00e3o Metropolitana e cidades do interior. Os alunos poder\u00e3o optar por Desenhista de Produtos Gr\u00e1ficos, Analista de M\u00eddias Sociais, Desenvolvedor de Jogos Eletr\u00f4nicos, Programador de Dispositivos M\u00f3veis, Programador Web e Programador de Sistemas, al\u00e9m do ingl\u00eas e espanhol.<\/p>\n<p>A capacita\u00e7\u00e3o, totalmente gratuita, \u00e9 oferecida para qualquer pessoa que j\u00e1 tenha conclu\u00eddo o 9\u00ba ano do ensino fundamental. Os interessados dever\u00e3o se cadastrar no portal\u00a0<span style=\"color: #ff0000;\"><a href=\"http:\/\/www.uaitec.mg.gov.br\/\" target=\"_blank\"><span style=\"color: #ff0000;\">www.uaitec.mg.gov.br<\/span><\/a><\/span>.<\/p>\n<p>Ap\u00f3s confirma\u00e7\u00e3o, via email, o aluno ir\u00e1 pessoalmente at\u00e9 a unidade de prefer\u00eancia com c\u00f3pia da documenta\u00e7\u00e3o exigida. Para os cursos de idiomas \u00e9 necess\u00e1rio ter conhecimento b\u00e1sico, realizando uma simples prova online na pr\u00f3pria unidade Uaitec.<\/p>\n<p>As aulas, que est\u00e3o previstas para come\u00e7ar em mar\u00e7o, ter\u00e3o materiais did\u00e1ticos distribu\u00eddos gratuitamente. Todas as op\u00e7\u00f5es de cursos na \u00e1rea de tecnologia ser\u00e3o acrescidas 40 horas de empreendedorismo.<\/p>\n<p>A iniciativa da\u00a0Secretaria de Estado de Desenvolvimento Econ\u00f4mico, Ci\u00eancia, Tecnologia e Ensino Superior (Sedectes)\u00a0busca fortalecer e ampliar o ecossistema de empreendedorismo e inova\u00e7\u00e3o em Minas Gerais.<\/p>\n<p><strong>VER PRIMEIRO<\/strong><\/p>\n<p><strong>Receba as not\u00edcias do Aconteceu no Vale em primeira m\u00e3o. Clique em curtir no endere\u00e7o <a href=\"https:\/\/www.facebook.com\/aconteceunovale\" target=\"_blank\"><font color=\"red\">www.facebook.com\/aconteceunovale<\/font><\/a> ou no box abaixo:<\/strong><\/p>\n<div class=\"fb-like\" data-href=\"https:\/\/www.facebook.com\/aconteceunovale\" data-width=\"120\" data-layout=\"standard\" data-action=\"like\" data-size=\"small\" data-show-faces=\"true\" data-share=\"true\"><\/div>\n<p><\/br><\/p>\n<p><em>(Ag\u00eancia Minas)<\/em><\/p>\n","protected":false},"excerpt":{"rendered":"<p>Ao todo ser\u00e3o ofertadas 34 mil vagas distribu\u00eddas em 100 unidades do Estado. A\u00a0Universidade Aberta e Integrada de Minas Gerais (Uaitec)\u00a0lan\u00e7a a segunda turma para cursos de idiomas e tecnologia da informa\u00e7\u00e3o. As aulas ser\u00e3o ofertadas em todas as 100 unidades distribu\u00eddas em todos os territ\u00f3rios mineiros. Os interessados ter\u00e3o at\u00e9 o dia 10 de [&hellip;]<\/p>\n","protected":false},"author":1,"featured_media":106272,"comment_status":"open","ping_status":"closed","sticky":false,"template":"","format":"standard","meta":{"amp_status":"","footnotes":""},"categories":[40238,123],"tags":[134685,137849,42025,134684,134686,137848,134687,137850,6513,137851,42024],"class_list":["post-108020","post","type-post","status-publish","format-standard","has-post-thumbnail","hentry","category-educacao-2","category-gerais","tag-analista-de-midias-sociais","tag-cursos-ofertados-pela-uaitec","tag-cursos-uaitec","tag-desenhista-de-produtos-graficos","tag-desenvolvedor-de-jogos-eletronicos","tag-inscricoes-uaitec","tag-programador-de-dispositivos-moveis","tag-programador-web-e-programador-de-sistemas","tag-uaitec","tag-uaitec-abre-34-mil-vagas-para-cursos-de-ti-e-idiomas-no-interior-de-minas-gerais","tag-universidade-aberta-e-integrada-de-minas-gerais"],"yoast_head":"<!-- This site is optimized with the Yoast SEO plugin v28.3 - https:\/\/yoast.com\/product\/yoast-seo-wordpress\/ -->\n<title>Uaitec abre 34 mil vagas para cursos de TI e idiomas no interior de Minas Gerais - Aconteceu no Vale<\/title>\n<meta name=\"robots\" content=\"index, follow, max-snippet:-1, max-image-preview:large, max-video-preview:-1\" \/>\n<link rel=\"canonical\" href=\"https:\/\/aconteceunovale.com.br\/portal\/?p=108020\" \/>\n<meta property=\"og:locale\" content=\"pt_BR\" \/>\n<meta property=\"og:type\" content=\"article\" \/>\n<meta property=\"og:title\" content=\"Uaitec abre 34 mil vagas para cursos de TI e idiomas no interior de Minas Gerais - Aconteceu no Vale\" \/>\n<meta property=\"og:description\" content=\"Ao todo ser\u00e3o ofertadas 34 mil vagas distribu\u00eddas em 100 unidades do Estado. A\u00a0Universidade Aberta e Integrada de Minas Gerais (Uaitec)\u00a0lan\u00e7a a segunda turma para cursos de idiomas e tecnologia da informa\u00e7\u00e3o. As aulas ser\u00e3o ofertadas em todas as 100 unidades distribu\u00eddas em todos os territ\u00f3rios mineiros. Os interessados ter\u00e3o at\u00e9 o dia 10 de [&hellip;]\" \/>\n<meta property=\"og:url\" content=\"https:\/\/aconteceunovale.com.br\/portal\/?p=108020\" \/>\n<meta property=\"og:site_name\" content=\"Aconteceu no Vale\" \/>\n<meta property=\"article:publisher\" content=\"https:\/\/www.facebook.com\/aconteceunovale\/\" \/>\n<meta property=\"article:published_time\" content=\"2017-01-31T22:04:42+00:00\" \/>\n<meta property=\"og:image\" content=\"https:\/\/aconteceunovale.com.br\/portal\/wp-content\/uploads\/2017\/01\/uaitec7.jpg\" \/>\n\t<meta property=\"og:image:width\" content=\"678\" \/>\n\t<meta property=\"og:image:height\" content=\"438\" \/>\n\t<meta property=\"og:image:type\" content=\"image\/jpeg\" \/>\n<meta name=\"author\" content=\"Aconteceu no Vale\" \/>\n<meta name=\"twitter:card\" content=\"summary_large_image\" \/>\n<meta name=\"twitter:creator\" content=\"@noticiadosvales\" \/>\n<meta name=\"twitter:site\" content=\"@noticiadosvales\" \/>\n<meta name=\"twitter:label1\" content=\"Escrito por\" \/>\n\t<meta name=\"twitter:data1\" content=\"Aconteceu no Vale\" \/>\n\t<meta name=\"twitter:label2\" content=\"Est. tempo de leitura\" \/>\n\t<meta name=\"twitter:data2\" content=\"2 minutos\" \/>\n<script type=\"application\/ld+json\" class=\"yoast-schema-graph\">{\"@context\":\"https:\\\/\\\/schema.org\",\"@graph\":[{\"@type\":\"Article\",\"@id\":\"https:\\\/\\\/aconteceunovale.com.br\\\/portal\\\/?p=108020#article\",\"isPartOf\":{\"@id\":\"https:\\\/\\\/aconteceunovale.com.br\\\/portal\\\/?p=108020\"},\"author\":{\"name\":\"Aconteceu no Vale\",\"@id\":\"https:\\\/\\\/aconteceunovale.com.br\\\/portal\\\/#\\\/schema\\\/person\\\/633529146f2c94272bef50ac2953d589\"},\"headline\":\"Uaitec abre 34 mil vagas para cursos de TI e idiomas no interior de Minas Gerais\",\"datePublished\":\"2017-01-31T22:04:42+00:00\",\"mainEntityOfPage\":{\"@id\":\"https:\\\/\\\/aconteceunovale.com.br\\\/portal\\\/?p=108020\"},\"wordCount\":317,\"commentCount\":0,\"image\":{\"@id\":\"https:\\\/\\\/aconteceunovale.com.br\\\/portal\\\/?p=108020#primaryimage\"},\"thumbnailUrl\":\"https:\\\/\\\/aconteceunovale.com.br\\\/portal\\\/wp-content\\\/uploads\\\/2017\\\/01\\\/uaitec7.jpg\",\"keywords\":[\"Analista de M\u00eddias Sociais\",\"Cursos ofertados pela Uaitec\",\"cursos Uaitec\",\"Desenhista de Produtos Gr\u00e1ficos\",\"Desenvolvedor de Jogos Eletr\u00f4nicos\",\"Inscri\u00e7\u00f5es Uaitec\",\"Programador de Dispositivos M\u00f3veis\",\"Programador Web e Programador de Sistemas\",\"Uaitec\",\"Uaitec abre 34 mil vagas para cursos de TI e idiomas no interior de Minas Gerais\",\"Universidade Aberta e Integrada de Minas Gerais\"],\"articleSection\":[\"Educa\u00e7\u00e3o\",\"Minas Gerais\"],\"inLanguage\":\"pt-BR\",\"potentialAction\":[{\"@type\":\"CommentAction\",\"name\":\"Comment\",\"target\":[\"https:\\\/\\\/aconteceunovale.com.br\\\/portal\\\/?p=108020#respond\"]}]},{\"@type\":\"WebPage\",\"@id\":\"https:\\\/\\\/aconteceunovale.com.br\\\/portal\\\/?p=108020\",\"url\":\"https:\\\/\\\/aconteceunovale.com.br\\\/portal\\\/?p=108020\",\"name\":\"Uaitec abre 34 mil vagas para cursos de TI e idiomas no interior de Minas Gerais - Aconteceu no Vale\",\"isPartOf\":{\"@id\":\"https:\\\/\\\/aconteceunovale.com.br\\\/portal\\\/#website\"},\"primaryImageOfPage\":{\"@id\":\"https:\\\/\\\/aconteceunovale.com.br\\\/portal\\\/?p=108020#primaryimage\"},\"image\":{\"@id\":\"https:\\\/\\\/aconteceunovale.com.br\\\/portal\\\/?p=108020#primaryimage\"},\"thumbnailUrl\":\"https:\\\/\\\/aconteceunovale.com.br\\\/portal\\\/wp-content\\\/uploads\\\/2017\\\/01\\\/uaitec7.jpg\",\"datePublished\":\"2017-01-31T22:04:42+00:00\",\"author\":{\"@id\":\"https:\\\/\\\/aconteceunovale.com.br\\\/portal\\\/#\\\/schema\\\/person\\\/633529146f2c94272bef50ac2953d589\"},\"breadcrumb\":{\"@id\":\"https:\\\/\\\/aconteceunovale.com.br\\\/portal\\\/?p=108020#breadcrumb\"},\"inLanguage\":\"pt-BR\",\"potentialAction\":[{\"@type\":\"ReadAction\",\"target\":[\"https:\\\/\\\/aconteceunovale.com.br\\\/portal\\\/?p=108020\"]}]},{\"@type\":\"ImageObject\",\"inLanguage\":\"pt-BR\",\"@id\":\"https:\\\/\\\/aconteceunovale.com.br\\\/portal\\\/?p=108020#primaryimage\",\"url\":\"https:\\\/\\\/aconteceunovale.com.br\\\/portal\\\/wp-content\\\/uploads\\\/2017\\\/01\\\/uaitec7.jpg\",\"contentUrl\":\"https:\\\/\\\/aconteceunovale.com.br\\\/portal\\\/wp-content\\\/uploads\\\/2017\\\/01\\\/uaitec7.jpg\",\"width\":678,\"height\":438},{\"@type\":\"BreadcrumbList\",\"@id\":\"https:\\\/\\\/aconteceunovale.com.br\\\/portal\\\/?p=108020#breadcrumb\",\"itemListElement\":[{\"@type\":\"ListItem\",\"position\":1,\"name\":\"In\u00edcio\",\"item\":\"https:\\\/\\\/aconteceunovale.com.br\\\/portal\\\/\"},{\"@type\":\"ListItem\",\"position\":2,\"name\":\"Uaitec abre 34 mil vagas para cursos de TI e idiomas no interior de Minas Gerais\"}]},{\"@type\":\"WebSite\",\"@id\":\"https:\\\/\\\/aconteceunovale.com.br\\\/portal\\\/#website\",\"url\":\"https:\\\/\\\/aconteceunovale.com.br\\\/portal\\\/\",\"name\":\"Aconteceu no Vale\",\"description\":\"Portal de Not\u00edcias\",\"potentialAction\":[{\"@type\":\"SearchAction\",\"target\":{\"@type\":\"EntryPoint\",\"urlTemplate\":\"https:\\\/\\\/aconteceunovale.com.br\\\/portal\\\/?s={search_term_string}\"},\"query-input\":{\"@type\":\"PropertyValueSpecification\",\"valueRequired\":true,\"valueName\":\"search_term_string\"}}],\"inLanguage\":\"pt-BR\"},{\"@type\":\"Person\",\"@id\":\"https:\\\/\\\/aconteceunovale.com.br\\\/portal\\\/#\\\/schema\\\/person\\\/633529146f2c94272bef50ac2953d589\",\"name\":\"Aconteceu no Vale\",\"description\":\"Equipe de reportagem do Aconteceu no Vale, portal de not\u00edcias do Vale do Jequitinhonha, em Minas Gerais. Cobrimos as 51 cidades do Vale desde 2013. Sugest\u00f5es de pauta e pedidos de corre\u00e7\u00e3o: contato@aconteceunovale.com.br\",\"sameAs\":[\"http:\\\/\\\/www.aconteceunovale.com.br\"],\"url\":\"https:\\\/\\\/aconteceunovale.com.br\\\/portal\\\/?author=1\"}]}<\/script>\n<!-- \/ Yoast SEO plugin. -->","yoast_head_json":{"title":"Uaitec abre 34 mil vagas para cursos de TI e idiomas no interior de Minas Gerais - Aconteceu no Vale","robots":{"index":"index","follow":"follow","max-snippet":"max-snippet:-1","max-image-preview":"max-image-preview:large","max-video-preview":"max-video-preview:-1"},"canonical":"https:\/\/aconteceunovale.com.br\/portal\/?p=108020","og_locale":"pt_BR","og_type":"article","og_title":"Uaitec abre 34 mil vagas para cursos de TI e idiomas no interior de Minas Gerais - Aconteceu no Vale","og_description":"Ao todo ser\u00e3o ofertadas 34 mil vagas distribu\u00eddas em 100 unidades do Estado. A\u00a0Universidade Aberta e Integrada de Minas Gerais (Uaitec)\u00a0lan\u00e7a a segunda turma para cursos de idiomas e tecnologia da informa\u00e7\u00e3o. As aulas ser\u00e3o ofertadas em todas as 100 unidades distribu\u00eddas em todos os territ\u00f3rios mineiros. Os interessados ter\u00e3o at\u00e9 o dia 10 de [&hellip;]","og_url":"https:\/\/aconteceunovale.com.br\/portal\/?p=108020","og_site_name":"Aconteceu no Vale","article_publisher":"https:\/\/www.facebook.com\/aconteceunovale\/","article_published_time":"2017-01-31T22:04:42+00:00","og_image":[{"width":678,"height":438,"url":"https:\/\/aconteceunovale.com.br\/portal\/wp-content\/uploads\/2017\/01\/uaitec7.jpg","type":"image\/jpeg"}],"author":"Aconteceu no Vale","twitter_card":"summary_large_image","twitter_creator":"@noticiadosvales","twitter_site":"@noticiadosvales","twitter_misc":{"Escrito por":"Aconteceu no Vale","Est. tempo de leitura":"2 minutos"},"schema":{"@context":"https:\/\/schema.org","@graph":[{"@type":"Article","@id":"https:\/\/aconteceunovale.com.br\/portal\/?p=108020#article","isPartOf":{"@id":"https:\/\/aconteceunovale.com.br\/portal\/?p=108020"},"author":{"name":"Aconteceu no Vale","@id":"https:\/\/aconteceunovale.com.br\/portal\/#\/schema\/person\/633529146f2c94272bef50ac2953d589"},"headline":"Uaitec abre 34 mil vagas para cursos de TI e idiomas no interior de Minas Gerais","datePublished":"2017-01-31T22:04:42+00:00","mainEntityOfPage":{"@id":"https:\/\/aconteceunovale.com.br\/portal\/?p=108020"},"wordCount":317,"commentCount":0,"image":{"@id":"https:\/\/aconteceunovale.com.br\/portal\/?p=108020#primaryimage"},"thumbnailUrl":"https:\/\/aconteceunovale.com.br\/portal\/wp-content\/uploads\/2017\/01\/uaitec7.jpg","keywords":["Analista de M\u00eddias Sociais","Cursos ofertados pela Uaitec","cursos Uaitec","Desenhista de Produtos Gr\u00e1ficos","Desenvolvedor de Jogos Eletr\u00f4nicos","Inscri\u00e7\u00f5es Uaitec","Programador de Dispositivos M\u00f3veis","Programador Web e Programador de Sistemas","Uaitec","Uaitec abre 34 mil vagas para cursos de TI e idiomas no interior de Minas Gerais","Universidade Aberta e Integrada de Minas Gerais"],"articleSection":["Educa\u00e7\u00e3o","Minas Gerais"],"inLanguage":"pt-BR","potentialAction":[{"@type":"CommentAction","name":"Comment","target":["https:\/\/aconteceunovale.com.br\/portal\/?p=108020#respond"]}]},{"@type":"WebPage","@id":"https:\/\/aconteceunovale.com.br\/portal\/?p=108020","url":"https:\/\/aconteceunovale.com.br\/portal\/?p=108020","name":"Uaitec abre 34 mil vagas para cursos de TI e idiomas no interior de Minas Gerais - Aconteceu no Vale","isPartOf":{"@id":"https:\/\/aconteceunovale.com.br\/portal\/#website"},"primaryImageOfPage":{"@id":"https:\/\/aconteceunovale.com.br\/portal\/?p=108020#primaryimage"},"image":{"@id":"https:\/\/aconteceunovale.com.br\/portal\/?p=108020#primaryimage"},"thumbnailUrl":"https:\/\/aconteceunovale.com.br\/portal\/wp-content\/uploads\/2017\/01\/uaitec7.jpg","datePublished":"2017-01-31T22:04:42+00:00","author":{"@id":"https:\/\/aconteceunovale.com.br\/portal\/#\/schema\/person\/633529146f2c94272bef50ac2953d589"},"breadcrumb":{"@id":"https:\/\/aconteceunovale.com.br\/portal\/?p=108020#breadcrumb"},"inLanguage":"pt-BR","potentialAction":[{"@type":"ReadAction","target":["https:\/\/aconteceunovale.com.br\/portal\/?p=108020"]}]},{"@type":"ImageObject","inLanguage":"pt-BR","@id":"https:\/\/aconteceunovale.com.br\/portal\/?p=108020#primaryimage","url":"https:\/\/aconteceunovale.com.br\/portal\/wp-content\/uploads\/2017\/01\/uaitec7.jpg","contentUrl":"https:\/\/aconteceunovale.com.br\/portal\/wp-content\/uploads\/2017\/01\/uaitec7.jpg","width":678,"height":438},{"@type":"BreadcrumbList","@id":"https:\/\/aconteceunovale.com.br\/portal\/?p=108020#breadcrumb","itemListElement":[{"@type":"ListItem","position":1,"name":"In\u00edcio","item":"https:\/\/aconteceunovale.com.br\/portal\/"},{"@type":"ListItem","position":2,"name":"Uaitec abre 34 mil vagas para cursos de TI e idiomas no interior de Minas Gerais"}]},{"@type":"WebSite","@id":"https:\/\/aconteceunovale.com.br\/portal\/#website","url":"https:\/\/aconteceunovale.com.br\/portal\/","name":"Aconteceu no Vale","description":"Portal de Not\u00edcias","potentialAction":[{"@type":"SearchAction","target":{"@type":"EntryPoint","urlTemplate":"https:\/\/aconteceunovale.com.br\/portal\/?s={search_term_string}"},"query-input":{"@type":"PropertyValueSpecification","valueRequired":true,"valueName":"search_term_string"}}],"inLanguage":"pt-BR"},{"@type":"Person","@id":"https:\/\/aconteceunovale.com.br\/portal\/#\/schema\/person\/633529146f2c94272bef50ac2953d589","name":"Aconteceu no Vale","description":"Equipe de reportagem do Aconteceu no Vale, portal de not\u00edcias do Vale do Jequitinhonha, em Minas Gerais. Cobrimos as 51 cidades do Vale desde 2013. Sugest\u00f5es de pauta e pedidos de corre\u00e7\u00e3o: contato@aconteceunovale.com.br","sameAs":["http:\/\/www.aconteceunovale.com.br"],"url":"https:\/\/aconteceunovale.com.br\/portal\/?author=1"}]}},"_links":{"self":[{"href":"https:\/\/aconteceunovale.com.br\/portal\/index.php?rest_route=\/wp\/v2\/posts\/108020","targetHints":{"allow":["GET"]}}],"collection":[{"href":"https:\/\/aconteceunovale.com.br\/portal\/index.php?rest_route=\/wp\/v2\/posts"}],"about":[{"href":"https:\/\/aconteceunovale.com.br\/portal\/index.php?rest_route=\/wp\/v2\/types\/post"}],"author":[{"embeddable":true,"href":"https:\/\/aconteceunovale.com.br\/portal\/index.php?rest_route=\/wp\/v2\/users\/1"}],"replies":[{"embeddable":true,"href":"https:\/\/aconteceunovale.com.br\/portal\/index.php?rest_route=%2Fwp%2Fv2%2Fcomments&post=108020"}],"version-history":[{"count":0,"href":"https:\/\/aconteceunovale.com.br\/portal\/index.php?rest_route=\/wp\/v2\/posts\/108020\/revisions"}],"wp:featuredmedia":[{"embeddable":true,"href":"https:\/\/aconteceunovale.com.br\/portal\/index.php?rest_route=\/wp\/v2\/media\/106272"}],"wp:attachment":[{"href":"https:\/\/aconteceunovale.com.br\/portal\/index.php?rest_route=%2Fwp%2Fv2%2Fmedia&parent=108020"}],"wp:term":[{"taxonomy":"category","embeddable":true,"href":"https:\/\/aconteceunovale.com.br\/portal\/index.php?rest_route=%2Fwp%2Fv2%2Fcategories&post=108020"},{"taxonomy":"post_tag","embeddable":true,"href":"https:\/\/aconteceunovale.com.br\/portal\/index.php?rest_route=%2Fwp%2Fv2%2Ftags&post=108020"}],"curies":[{"name":"wp","href":"https:\/\/api.w.org\/{rel}","templated":true}]}}