{"id":107796,"date":"2017-01-28T11:17:24","date_gmt":"2017-01-28T13:17:24","guid":{"rendered":"http:\/\/aconteceunovale.com.br\/portal\/?p=107796"},"modified":"2017-01-28T11:17:24","modified_gmt":"2017-01-28T13:17:24","slug":"donald-trump-manda-fechar-as-fronteiras-dos-eua-para-refugiados","status":"publish","type":"post","link":"https:\/\/aconteceunovale.com.br\/portal\/?p=107796","title":{"rendered":"Donald Trump manda fechar as fronteiras dos EUA para refugiados"},"content":{"rendered":"<p>O governo dos Estados Unidos divulgou detalhes sobre as duas ordens executivas assinadas nessa sexta-feira (27\/1\/2017) pelo presidente Donald Trump, durante sua primeira visita ao Pent\u00e1gono, sede do Departamento de Defesa dos Estados Unidos. No momento da assinatura, foi divulgado apenas que as\u00a0ordens\u00a0destinavam-se a manter &#8220;terroristas isl\u00e2micos radicais&#8221; fora dos Estados Unidos. Agora, j\u00e1 se sabe que Donald Trump mandou fechar as fronteiras do pa\u00eds para a entrada de refugiados por 120 dias e que n\u00e3o h\u00e1 prazo definido para o ingresso de refugiados que fogem do massacre na S\u00edria. Nesse caso, a entrada em territ\u00f3rio americano foi suspensa indefinidamente.<\/p>\n<p>O presidente Donald Trump tamb\u00e9m suspendeu a imigra\u00e7\u00e3o de pessoas vindas de sete pa\u00edses com popula\u00e7\u00e3o predominantemente mu\u00e7ulmana. Os imigrantes crist\u00e3os est\u00e3o fora dessa proibi\u00e7\u00e3o: se eles declararem que s\u00e3o perseguidos em na\u00e7\u00f5es mu\u00e7ulmanas ter\u00e3o visto aprovado para entrar nos Estados Unidos.<\/p>\n<p>Antes da assinatura dos atos, Trump deu uma entrevista dizendo que os crist\u00e3os na S\u00edria eram &#8220;terrivelmente tratados&#8221; e ressaltou que, em administra\u00e7\u00f5es anteriores, a regra era a seguinte: &#8220;Se voc\u00ea fosse um mu\u00e7ulmano voc\u00ea poderia entrar, mas se voc\u00ea fosse um crist\u00e3o, era quase imposs\u00edvel&#8221;.<\/p>\n<p><strong>Ordens executivas<\/strong><\/p>\n<p>Desde que tomou posse, em 20 de janeiro, o presidente Trump vem colocando em pr\u00e1tica suas promessas de campanha por meio de um instrumento jur\u00eddico chamado ordem executiva, o que tem gerado controv\u00e9rsias. Para alguns cr\u00edticos e tamb\u00e9m para parlamentares do Partido Democrata, os atos de Donald Trump podem se tornar in\u00f3cuos se o mandat\u00e1rio estiver trabalhando na suposi\u00e7\u00e3o de que suas ordens executivas constituem inova\u00e7\u00f5es legais. Os cr\u00edticos lembram que as ordens executivas assinadas pelo presidente dos Estados Unidos n\u00e3o passam de uma declara\u00e7\u00e3o sobre como os \u00f3rg\u00e3os do governo devem gastar seus recursos.<\/p>\n<p>Portanto, quando assina uma ordem executiva, o presidente Donald Trump n\u00e3o cria uma lei nem se apropria de dinheiro novo do Tesouro dos Estados Unidos. Para fazer isso, ele precisa da aprova\u00e7\u00e3o do Congresso norte-americano. O presidente dos Estados Unidos, por meio da ordem executiva, apenas instrui os \u00f3rg\u00e3os do governo sobre como trabalhar. Mesmo recebendo essa ordem executiva, os \u00f3rg\u00e3os de governo precisam atuar de acordo com os par\u00e2metros determinados pelo Congresso e pela Constitui\u00e7\u00e3o norte-americana.<\/p>\n<p>A ordem executiva assinada por Donald Trump para a constru\u00e7\u00e3o de um muro de fronteira dos Estados Unidos com o M\u00e9xico basicamente estabelece os princ\u00edpios de acordo com os quais a obra deve ser erguida. Cabe ao Departamento de Seguran\u00e7a Interna dos Estados Unidos usar o dinheiro j\u00e1 existente ou esperar novas autoriza\u00e7\u00f5es do Congresso para construir o muro.<\/p>\n<p><strong>VER PRIMEIRO<\/strong><\/p>\n<p><strong>Receba as not\u00edcias do Aconteceu no Vale em primeira m\u00e3o. Clique em curtir no endere\u00e7o <a href=\"https:\/\/www.facebook.com\/aconteceunovale\" target=\"_blank\"><font color=\"red\">www.facebook.com\/aconteceunovale<\/font><\/a> ou no box abaixo:<\/strong><\/p>\n<div class=\"fb-like\" data-href=\"https:\/\/www.facebook.com\/aconteceunovale\" data-width=\"120\" data-layout=\"standard\" data-action=\"like\" data-size=\"small\" data-show-faces=\"true\" data-share=\"true\"><\/div>\n<p><\/br><\/p>\n<p><em>(Fonte: Ag\u00eancia Brasil)<\/em><\/p>\n","protected":false},"excerpt":{"rendered":"<p>O governo dos Estados Unidos divulgou detalhes sobre as duas ordens executivas assinadas nessa sexta-feira (27\/1\/2017) pelo presidente Donald Trump, durante sua primeira visita ao Pent\u00e1gono, sede do Departamento de Defesa dos Estados Unidos. No momento da assinatura, foi divulgado apenas que as\u00a0ordens\u00a0destinavam-se a manter &#8220;terroristas isl\u00e2micos radicais&#8221; fora dos Estados Unidos. Agora, j\u00e1 se [&hellip;]<\/p>\n","protected":false},"author":1,"featured_media":107505,"comment_status":"open","ping_status":"closed","sticky":false,"template":"","format":"standard","meta":{"amp_status":"","footnotes":""},"categories":[28848],"tags":[79020,137476,15469,137473,137472,137475,137470,23668,136992,137474,137471,58181],"class_list":["post-107796","post","type-post","status-publish","format-standard","has-post-thumbnail","hentry","category-mundo","tag-donald-trump","tag-donald-trump-manda-fechar-as-fronteiras-dos-eua-para-refugiados","tag-estados-unidos","tag-first-weekend-donald-trump","tag-first-weekend-presidente-donald-trump","tag-fronteiras","tag-governo-dos-estados-unidos","tag-imigrantes","tag-presidente-donald-trump","tag-primeira-semana-de-donald-trump","tag-primeira-semana-do-presidente-donald-trump","tag-refugiados"],"yoast_head":"<!-- This site is optimized with the Yoast SEO plugin v28.3 - https:\/\/yoast.com\/product\/yoast-seo-wordpress\/ -->\n<title>Donald Trump manda fechar as fronteiras dos EUA para refugiados - Aconteceu no Vale<\/title>\n<meta name=\"robots\" content=\"index, follow, max-snippet:-1, max-image-preview:large, max-video-preview:-1\" \/>\n<link rel=\"canonical\" href=\"https:\/\/aconteceunovale.com.br\/portal\/?p=107796\" \/>\n<meta property=\"og:locale\" content=\"pt_BR\" \/>\n<meta property=\"og:type\" content=\"article\" \/>\n<meta property=\"og:title\" content=\"Donald Trump manda fechar as fronteiras dos EUA para refugiados - Aconteceu no Vale\" \/>\n<meta property=\"og:description\" content=\"O governo dos Estados Unidos divulgou detalhes sobre as duas ordens executivas assinadas nessa sexta-feira (27\/1\/2017) pelo presidente Donald Trump, durante sua primeira visita ao Pent\u00e1gono, sede do Departamento de Defesa dos Estados Unidos. No momento da assinatura, foi divulgado apenas que as\u00a0ordens\u00a0destinavam-se a manter &#8220;terroristas isl\u00e2micos radicais&#8221; fora dos Estados Unidos. Agora, j\u00e1 se [&hellip;]\" \/>\n<meta property=\"og:url\" content=\"https:\/\/aconteceunovale.com.br\/portal\/?p=107796\" \/>\n<meta property=\"og:site_name\" content=\"Aconteceu no Vale\" \/>\n<meta property=\"article:publisher\" content=\"https:\/\/www.facebook.com\/aconteceunovale\/\" \/>\n<meta property=\"article:published_time\" content=\"2017-01-28T13:17:24+00:00\" \/>\n<meta property=\"og:image\" content=\"https:\/\/aconteceunovale.com.br\/portal\/wp-content\/uploads\/2017\/01\/trump_aborto.jpg\" \/>\n\t<meta property=\"og:image:width\" content=\"650\" \/>\n\t<meta property=\"og:image:height\" content=\"352\" \/>\n\t<meta property=\"og:image:type\" content=\"image\/jpeg\" \/>\n<meta name=\"author\" content=\"Aconteceu no Vale\" \/>\n<meta name=\"twitter:card\" content=\"summary_large_image\" \/>\n<meta name=\"twitter:creator\" content=\"@noticiadosvales\" \/>\n<meta name=\"twitter:site\" content=\"@noticiadosvales\" \/>\n<meta name=\"twitter:label1\" content=\"Escrito por\" \/>\n\t<meta name=\"twitter:data1\" content=\"Aconteceu no Vale\" \/>\n\t<meta name=\"twitter:label2\" content=\"Est. tempo de leitura\" \/>\n\t<meta name=\"twitter:data2\" content=\"3 minutos\" \/>\n<script type=\"application\/ld+json\" class=\"yoast-schema-graph\">{\"@context\":\"https:\\\/\\\/schema.org\",\"@graph\":[{\"@type\":\"Article\",\"@id\":\"https:\\\/\\\/aconteceunovale.com.br\\\/portal\\\/?p=107796#article\",\"isPartOf\":{\"@id\":\"https:\\\/\\\/aconteceunovale.com.br\\\/portal\\\/?p=107796\"},\"author\":{\"name\":\"Aconteceu no Vale\",\"@id\":\"https:\\\/\\\/aconteceunovale.com.br\\\/portal\\\/#\\\/schema\\\/person\\\/633529146f2c94272bef50ac2953d589\"},\"headline\":\"Donald Trump manda fechar as fronteiras dos EUA para refugiados\",\"datePublished\":\"2017-01-28T13:17:24+00:00\",\"mainEntityOfPage\":{\"@id\":\"https:\\\/\\\/aconteceunovale.com.br\\\/portal\\\/?p=107796\"},\"wordCount\":510,\"commentCount\":0,\"image\":{\"@id\":\"https:\\\/\\\/aconteceunovale.com.br\\\/portal\\\/?p=107796#primaryimage\"},\"thumbnailUrl\":\"https:\\\/\\\/aconteceunovale.com.br\\\/portal\\\/wp-content\\\/uploads\\\/2017\\\/01\\\/trump_aborto.jpg\",\"keywords\":[\"Donald Trump\",\"Donald Trump manda fechar as fronteiras dos EUA para refugiados\",\"Estados Unidos\",\"First weekend Donald Trump\",\"First Weekend presidente Donald Trump\",\"Fronteiras\",\"governo dos Estados Unidos\",\"imigrantes\",\"presidente Donald Trump\",\"Primeira semana de Donald Trump\",\"Primeira semana do presidente Donald Trump\",\"refugiados\"],\"articleSection\":[\"Mundo\"],\"inLanguage\":\"pt-BR\",\"potentialAction\":[{\"@type\":\"CommentAction\",\"name\":\"Comment\",\"target\":[\"https:\\\/\\\/aconteceunovale.com.br\\\/portal\\\/?p=107796#respond\"]}]},{\"@type\":\"WebPage\",\"@id\":\"https:\\\/\\\/aconteceunovale.com.br\\\/portal\\\/?p=107796\",\"url\":\"https:\\\/\\\/aconteceunovale.com.br\\\/portal\\\/?p=107796\",\"name\":\"Donald Trump manda fechar as fronteiras dos EUA para refugiados - Aconteceu no Vale\",\"isPartOf\":{\"@id\":\"https:\\\/\\\/aconteceunovale.com.br\\\/portal\\\/#website\"},\"primaryImageOfPage\":{\"@id\":\"https:\\\/\\\/aconteceunovale.com.br\\\/portal\\\/?p=107796#primaryimage\"},\"image\":{\"@id\":\"https:\\\/\\\/aconteceunovale.com.br\\\/portal\\\/?p=107796#primaryimage\"},\"thumbnailUrl\":\"https:\\\/\\\/aconteceunovale.com.br\\\/portal\\\/wp-content\\\/uploads\\\/2017\\\/01\\\/trump_aborto.jpg\",\"datePublished\":\"2017-01-28T13:17:24+00:00\",\"author\":{\"@id\":\"https:\\\/\\\/aconteceunovale.com.br\\\/portal\\\/#\\\/schema\\\/person\\\/633529146f2c94272bef50ac2953d589\"},\"breadcrumb\":{\"@id\":\"https:\\\/\\\/aconteceunovale.com.br\\\/portal\\\/?p=107796#breadcrumb\"},\"inLanguage\":\"pt-BR\",\"potentialAction\":[{\"@type\":\"ReadAction\",\"target\":[\"https:\\\/\\\/aconteceunovale.com.br\\\/portal\\\/?p=107796\"]}]},{\"@type\":\"ImageObject\",\"inLanguage\":\"pt-BR\",\"@id\":\"https:\\\/\\\/aconteceunovale.com.br\\\/portal\\\/?p=107796#primaryimage\",\"url\":\"https:\\\/\\\/aconteceunovale.com.br\\\/portal\\\/wp-content\\\/uploads\\\/2017\\\/01\\\/trump_aborto.jpg\",\"contentUrl\":\"https:\\\/\\\/aconteceunovale.com.br\\\/portal\\\/wp-content\\\/uploads\\\/2017\\\/01\\\/trump_aborto.jpg\",\"width\":650,\"height\":352},{\"@type\":\"BreadcrumbList\",\"@id\":\"https:\\\/\\\/aconteceunovale.com.br\\\/portal\\\/?p=107796#breadcrumb\",\"itemListElement\":[{\"@type\":\"ListItem\",\"position\":1,\"name\":\"In\u00edcio\",\"item\":\"https:\\\/\\\/aconteceunovale.com.br\\\/portal\\\/\"},{\"@type\":\"ListItem\",\"position\":2,\"name\":\"Donald Trump manda fechar as fronteiras dos EUA para refugiados\"}]},{\"@type\":\"WebSite\",\"@id\":\"https:\\\/\\\/aconteceunovale.com.br\\\/portal\\\/#website\",\"url\":\"https:\\\/\\\/aconteceunovale.com.br\\\/portal\\\/\",\"name\":\"Aconteceu no Vale\",\"description\":\"Portal de Not\u00edcias\",\"potentialAction\":[{\"@type\":\"SearchAction\",\"target\":{\"@type\":\"EntryPoint\",\"urlTemplate\":\"https:\\\/\\\/aconteceunovale.com.br\\\/portal\\\/?s={search_term_string}\"},\"query-input\":{\"@type\":\"PropertyValueSpecification\",\"valueRequired\":true,\"valueName\":\"search_term_string\"}}],\"inLanguage\":\"pt-BR\"},{\"@type\":\"Person\",\"@id\":\"https:\\\/\\\/aconteceunovale.com.br\\\/portal\\\/#\\\/schema\\\/person\\\/633529146f2c94272bef50ac2953d589\",\"name\":\"Aconteceu no Vale\",\"description\":\"Equipe de reportagem do Aconteceu no Vale, portal de not\u00edcias do Vale do Jequitinhonha, em Minas Gerais. Cobrimos as 51 cidades do Vale desde 2013. Sugest\u00f5es de pauta e pedidos de corre\u00e7\u00e3o: contato@aconteceunovale.com.br\",\"sameAs\":[\"http:\\\/\\\/www.aconteceunovale.com.br\"],\"url\":\"https:\\\/\\\/aconteceunovale.com.br\\\/portal\\\/?author=1\"}]}<\/script>\n<!-- \/ Yoast SEO plugin. -->","yoast_head_json":{"title":"Donald Trump manda fechar as fronteiras dos EUA para refugiados - Aconteceu no Vale","robots":{"index":"index","follow":"follow","max-snippet":"max-snippet:-1","max-image-preview":"max-image-preview:large","max-video-preview":"max-video-preview:-1"},"canonical":"https:\/\/aconteceunovale.com.br\/portal\/?p=107796","og_locale":"pt_BR","og_type":"article","og_title":"Donald Trump manda fechar as fronteiras dos EUA para refugiados - Aconteceu no Vale","og_description":"O governo dos Estados Unidos divulgou detalhes sobre as duas ordens executivas assinadas nessa sexta-feira (27\/1\/2017) pelo presidente Donald Trump, durante sua primeira visita ao Pent\u00e1gono, sede do Departamento de Defesa dos Estados Unidos. No momento da assinatura, foi divulgado apenas que as\u00a0ordens\u00a0destinavam-se a manter &#8220;terroristas isl\u00e2micos radicais&#8221; fora dos Estados Unidos. Agora, j\u00e1 se [&hellip;]","og_url":"https:\/\/aconteceunovale.com.br\/portal\/?p=107796","og_site_name":"Aconteceu no Vale","article_publisher":"https:\/\/www.facebook.com\/aconteceunovale\/","article_published_time":"2017-01-28T13:17:24+00:00","og_image":[{"width":650,"height":352,"url":"https:\/\/aconteceunovale.com.br\/portal\/wp-content\/uploads\/2017\/01\/trump_aborto.jpg","type":"image\/jpeg"}],"author":"Aconteceu no Vale","twitter_card":"summary_large_image","twitter_creator":"@noticiadosvales","twitter_site":"@noticiadosvales","twitter_misc":{"Escrito por":"Aconteceu no Vale","Est. tempo de leitura":"3 minutos"},"schema":{"@context":"https:\/\/schema.org","@graph":[{"@type":"Article","@id":"https:\/\/aconteceunovale.com.br\/portal\/?p=107796#article","isPartOf":{"@id":"https:\/\/aconteceunovale.com.br\/portal\/?p=107796"},"author":{"name":"Aconteceu no Vale","@id":"https:\/\/aconteceunovale.com.br\/portal\/#\/schema\/person\/633529146f2c94272bef50ac2953d589"},"headline":"Donald Trump manda fechar as fronteiras dos EUA para refugiados","datePublished":"2017-01-28T13:17:24+00:00","mainEntityOfPage":{"@id":"https:\/\/aconteceunovale.com.br\/portal\/?p=107796"},"wordCount":510,"commentCount":0,"image":{"@id":"https:\/\/aconteceunovale.com.br\/portal\/?p=107796#primaryimage"},"thumbnailUrl":"https:\/\/aconteceunovale.com.br\/portal\/wp-content\/uploads\/2017\/01\/trump_aborto.jpg","keywords":["Donald Trump","Donald Trump manda fechar as fronteiras dos EUA para refugiados","Estados Unidos","First weekend Donald Trump","First Weekend presidente Donald Trump","Fronteiras","governo dos Estados Unidos","imigrantes","presidente Donald Trump","Primeira semana de Donald Trump","Primeira semana do presidente Donald Trump","refugiados"],"articleSection":["Mundo"],"inLanguage":"pt-BR","potentialAction":[{"@type":"CommentAction","name":"Comment","target":["https:\/\/aconteceunovale.com.br\/portal\/?p=107796#respond"]}]},{"@type":"WebPage","@id":"https:\/\/aconteceunovale.com.br\/portal\/?p=107796","url":"https:\/\/aconteceunovale.com.br\/portal\/?p=107796","name":"Donald Trump manda fechar as fronteiras dos EUA para refugiados - Aconteceu no Vale","isPartOf":{"@id":"https:\/\/aconteceunovale.com.br\/portal\/#website"},"primaryImageOfPage":{"@id":"https:\/\/aconteceunovale.com.br\/portal\/?p=107796#primaryimage"},"image":{"@id":"https:\/\/aconteceunovale.com.br\/portal\/?p=107796#primaryimage"},"thumbnailUrl":"https:\/\/aconteceunovale.com.br\/portal\/wp-content\/uploads\/2017\/01\/trump_aborto.jpg","datePublished":"2017-01-28T13:17:24+00:00","author":{"@id":"https:\/\/aconteceunovale.com.br\/portal\/#\/schema\/person\/633529146f2c94272bef50ac2953d589"},"breadcrumb":{"@id":"https:\/\/aconteceunovale.com.br\/portal\/?p=107796#breadcrumb"},"inLanguage":"pt-BR","potentialAction":[{"@type":"ReadAction","target":["https:\/\/aconteceunovale.com.br\/portal\/?p=107796"]}]},{"@type":"ImageObject","inLanguage":"pt-BR","@id":"https:\/\/aconteceunovale.com.br\/portal\/?p=107796#primaryimage","url":"https:\/\/aconteceunovale.com.br\/portal\/wp-content\/uploads\/2017\/01\/trump_aborto.jpg","contentUrl":"https:\/\/aconteceunovale.com.br\/portal\/wp-content\/uploads\/2017\/01\/trump_aborto.jpg","width":650,"height":352},{"@type":"BreadcrumbList","@id":"https:\/\/aconteceunovale.com.br\/portal\/?p=107796#breadcrumb","itemListElement":[{"@type":"ListItem","position":1,"name":"In\u00edcio","item":"https:\/\/aconteceunovale.com.br\/portal\/"},{"@type":"ListItem","position":2,"name":"Donald Trump manda fechar as fronteiras dos EUA para refugiados"}]},{"@type":"WebSite","@id":"https:\/\/aconteceunovale.com.br\/portal\/#website","url":"https:\/\/aconteceunovale.com.br\/portal\/","name":"Aconteceu no Vale","description":"Portal de Not\u00edcias","potentialAction":[{"@type":"SearchAction","target":{"@type":"EntryPoint","urlTemplate":"https:\/\/aconteceunovale.com.br\/portal\/?s={search_term_string}"},"query-input":{"@type":"PropertyValueSpecification","valueRequired":true,"valueName":"search_term_string"}}],"inLanguage":"pt-BR"},{"@type":"Person","@id":"https:\/\/aconteceunovale.com.br\/portal\/#\/schema\/person\/633529146f2c94272bef50ac2953d589","name":"Aconteceu no Vale","description":"Equipe de reportagem do Aconteceu no Vale, portal de not\u00edcias do Vale do Jequitinhonha, em Minas Gerais. Cobrimos as 51 cidades do Vale desde 2013. Sugest\u00f5es de pauta e pedidos de corre\u00e7\u00e3o: contato@aconteceunovale.com.br","sameAs":["http:\/\/www.aconteceunovale.com.br"],"url":"https:\/\/aconteceunovale.com.br\/portal\/?author=1"}]}},"_links":{"self":[{"href":"https:\/\/aconteceunovale.com.br\/portal\/index.php?rest_route=\/wp\/v2\/posts\/107796","targetHints":{"allow":["GET"]}}],"collection":[{"href":"https:\/\/aconteceunovale.com.br\/portal\/index.php?rest_route=\/wp\/v2\/posts"}],"about":[{"href":"https:\/\/aconteceunovale.com.br\/portal\/index.php?rest_route=\/wp\/v2\/types\/post"}],"author":[{"embeddable":true,"href":"https:\/\/aconteceunovale.com.br\/portal\/index.php?rest_route=\/wp\/v2\/users\/1"}],"replies":[{"embeddable":true,"href":"https:\/\/aconteceunovale.com.br\/portal\/index.php?rest_route=%2Fwp%2Fv2%2Fcomments&post=107796"}],"version-history":[{"count":0,"href":"https:\/\/aconteceunovale.com.br\/portal\/index.php?rest_route=\/wp\/v2\/posts\/107796\/revisions"}],"wp:featuredmedia":[{"embeddable":true,"href":"https:\/\/aconteceunovale.com.br\/portal\/index.php?rest_route=\/wp\/v2\/media\/107505"}],"wp:attachment":[{"href":"https:\/\/aconteceunovale.com.br\/portal\/index.php?rest_route=%2Fwp%2Fv2%2Fmedia&parent=107796"}],"wp:term":[{"taxonomy":"category","embeddable":true,"href":"https:\/\/aconteceunovale.com.br\/portal\/index.php?rest_route=%2Fwp%2Fv2%2Fcategories&post=107796"},{"taxonomy":"post_tag","embeddable":true,"href":"https:\/\/aconteceunovale.com.br\/portal\/index.php?rest_route=%2Fwp%2Fv2%2Ftags&post=107796"}],"curies":[{"name":"wp","href":"https:\/\/api.w.org\/{rel}","templated":true}]}}