{"id":107782,"date":"2017-01-28T10:05:07","date_gmt":"2017-01-28T12:05:07","guid":{"rendered":"http:\/\/aconteceunovale.com.br\/portal\/?p=107782"},"modified":"2017-01-28T10:05:07","modified_gmt":"2017-01-28T12:05:07","slug":"vereador-de-bh-segue-preso-por-pousar-helicoptero-em-praia-do-es","status":"publish","type":"post","link":"https:\/\/aconteceunovale.com.br\/portal\/?p=107782","title":{"rendered":"Vereador de BH segue preso por pousar helic\u00f3ptero em praia do ES"},"content":{"rendered":"<p>O vereador de Belo Horizonte Rubens Gon\u00e7alves de Brito, o Bim da Ambul\u00e2ncia (PSDB), aguarda decis\u00e3o da Justi\u00e7a Federal, ap\u00f3s ser preso em flagrante por pousar de helic\u00f3ptero na Praia da Bacutia, em Guarapari, nessa sexta-feira (27\/1\/2017). No momento do pouso, havia dezenas de banhistas no local, que se assustaram com a situa\u00e7\u00e3o inusitada.<\/p>\n<p>De acordo com a imprensa local, que conversou com o parlamentar na delegacia, Bim da Ambul\u00e2ncia teria viajado de carro com a fam\u00edlia e, ao chegar ao aeroporto de Guarapari, trocou o ve\u00edculo pelo helic\u00f3ptero alugado pela empresa Embrasystem. Aos rep\u00f3rteres, o vereador teria afirmado que tem licen\u00e7a para voar, pois pilota h\u00e1 um ano e que n\u00e3o tinha inten\u00e7\u00e3o de causar constrangimentos na praia.<\/p>\n<p><img decoding=\"async\" src=\"http:\/\/aconteceunovale.com.br\/portal\/wp-content\/uploads\/2017\/01\/vereador_praia_es.jpg\" alt=\"\" \/><em>Parlamentar pousou aeronave na praia da Bacutia (Foto: Pol\u00edcia Civil\/Divulga\u00e7\u00e3o)<\/em><br \/>\n<\/br><\/p>\n<p>De acordo com o titular da Delegacia de Pol\u00edcia de Crimes contra o Patrim\u00f4nio de Guarapari, delegado Marcos Nery, Bim da Ambul\u00e2ncia foi autuado por expor os banhistas a riscos e por comprometer a seguran\u00e7a da pr\u00f3pria aeronave.<\/p>\n<p>\u201cEle cometeu dois crimes: artigos 132 e 261 do C\u00f3digo Penal, cujas penas somadas t\u00eam o m\u00ednimo de tr\u00eas anos e o m\u00e1ximo de seis anos e meio\u201d, explicou.<\/p>\n<p>Ainda segundo Marcos Nery, o helic\u00f3ptero foi apreendido e levado pelo pr\u00f3prio pol\u00edtico, junto a um delegado e a um oficial da Pol\u00edcia Militar, para o aeroporto de Guarapari, onde ficar\u00e1 \u00e0 disposi\u00e7\u00e3o da Justi\u00e7a Federal. O caso ser\u00e1 encaminhado para um juiz federal, que decidir\u00e1 pela liberdade provis\u00f3ria ou manuten\u00e7\u00e3o da pris\u00e3o do vereador.<\/p>\n<p>De acordo com a assessoria do vereador, Bim est\u00e1 em Guarapari desde o in\u00edcio da semana e voltaria na segunda-feira, j\u00e1 que as sess\u00f5es na C\u00e2mara Municipal de BH come\u00e7am na pr\u00f3xima quarta.<\/p>\n<p><strong>V\u00eddeo:<\/strong><\/p>\n<p><iframe loading=\"lazy\" width=\"640\" height=\"360\" src=\"https:\/\/www.youtube.com\/embed\/pF8FXviyXuk\" frameborder=\"0\" allowfullscreen><\/iframe><br \/>\n<\/br><\/p>\n<p><strong>Esclarecimentos do delegado:<\/strong><\/p>\n<p><iframe loading=\"lazy\" width=\"640\" height=\"360\" src=\"https:\/\/www.youtube.com\/embed\/Z4wZt2GjrmA\" frameborder=\"0\" allowfullscreen><\/iframe><br \/>\n<\/br><\/p>\n<p><strong>VER PRIMEIRO<\/strong><\/p>\n<p><strong>Receba as not\u00edcias do Aconteceu no Vale em primeira m\u00e3o. Clique em curtir no endere\u00e7o <a href=\"https:\/\/www.facebook.com\/aconteceunovale\" target=\"_blank\"><font color=\"red\">www.facebook.com\/aconteceunovale<\/font><\/a> ou no box abaixo:<\/strong><\/p>\n<div class=\"fb-like\" data-href=\"https:\/\/www.facebook.com\/aconteceunovale\" data-width=\"120\" data-layout=\"standard\" data-action=\"like\" data-size=\"small\" data-show-faces=\"true\" data-share=\"true\"><\/div>\n<p><\/br><\/p>\n<p><em>(Fonte: R\u00e1dio Itatiaia)<\/em><\/p>\n","protected":false},"excerpt":{"rendered":"<p>O vereador de Belo Horizonte Rubens Gon\u00e7alves de Brito, o Bim da Ambul\u00e2ncia (PSDB), aguarda decis\u00e3o da Justi\u00e7a Federal, ap\u00f3s ser preso em flagrante por pousar de helic\u00f3ptero na Praia da Bacutia, em Guarapari, nessa sexta-feira (27\/1\/2017). No momento do pouso, havia dezenas de banhistas no local, que se assustaram com a situa\u00e7\u00e3o inusitada. De [&hellip;]<\/p>\n","protected":false},"author":1,"featured_media":107783,"comment_status":"open","ping_status":"closed","sticky":false,"template":"","format":"standard","meta":{"amp_status":"","footnotes":""},"categories":[6,123],"tags":[137396,194,1017,137390,137392,1018,26931,137393,137394,137391,137389,137386,137384,137395,137399,137400,137388,137398,137387,137385,137447,137448,137397,137383],"class_list":["post-107782","post","type-post","status-publish","format-standard","has-post-thumbnail","hentry","category-br","category-gerais","tag-bacutia","tag-belo-horizonte","tag-bh","tag-bim-da-ambulancia","tag-bim-da-ambulancia-e-preso","tag-destaque","tag-guarapari","tag-helicoptero-em-guarapari","tag-helicoptero-em-praia-de-guarapari","tag-prisao-de-bim-da-ambulancia","tag-prisao-de-vereador-de-belo-horizonte","tag-prisao-de-vereador-de-bh-em-guarapari","tag-prisao-de-vereador-em-guarapari","tag-rubens-goncalves-de-brito","tag-vereador-belo-horizonte-e-preso-apos-pousar-helicoptero-em-praia-no-espirito-santo","tag-vereador-bim-da-ambulancia-e-preso-apos-pousar-helicoptero-em-praia-no-espirito-santo","tag-vereador-de-belo-horizonte-preso","tag-vereador-de-bh-e-preso-apos-pousar-helicoptero-em-praia-no-espirito-santo","tag-vereador-de-bh-preso","tag-vereador-de-bh-preso-em-guarapari","tag-vereador-de-bh-que-pousou-helicoptero-em-praia-do-es-segue-preso","tag-vereador-de-bh-segue-preso-por-pousar-helicoptero-em-praia-do-es","tag-vereador-mineiro-e-preso-apos-pousar-helicoptero-em-praia-no-espirito-santo","tag-vereador-preso-em-guarapari"],"yoast_head":"<!-- This site is optimized with the Yoast SEO plugin v28.3 - https:\/\/yoast.com\/product\/yoast-seo-wordpress\/ -->\n<title>Vereador de BH segue preso por pousar helic\u00f3ptero em praia do ES - Aconteceu no Vale<\/title>\n<meta name=\"robots\" content=\"index, follow, max-snippet:-1, max-image-preview:large, max-video-preview:-1\" \/>\n<link rel=\"canonical\" href=\"https:\/\/aconteceunovale.com.br\/portal\/?p=107782\" \/>\n<meta property=\"og:locale\" content=\"pt_BR\" \/>\n<meta property=\"og:type\" content=\"article\" \/>\n<meta property=\"og:title\" content=\"Vereador de BH segue preso por pousar helic\u00f3ptero em praia do ES - Aconteceu no Vale\" \/>\n<meta property=\"og:description\" content=\"O vereador de Belo Horizonte Rubens Gon\u00e7alves de Brito, o Bim da Ambul\u00e2ncia (PSDB), aguarda decis\u00e3o da Justi\u00e7a Federal, ap\u00f3s ser preso em flagrante por pousar de helic\u00f3ptero na Praia da Bacutia, em Guarapari, nessa sexta-feira (27\/1\/2017). No momento do pouso, havia dezenas de banhistas no local, que se assustaram com a situa\u00e7\u00e3o inusitada. De [&hellip;]\" \/>\n<meta property=\"og:url\" content=\"https:\/\/aconteceunovale.com.br\/portal\/?p=107782\" \/>\n<meta property=\"og:site_name\" content=\"Aconteceu no Vale\" \/>\n<meta property=\"article:publisher\" content=\"https:\/\/www.facebook.com\/aconteceunovale\/\" \/>\n<meta property=\"article:published_time\" content=\"2017-01-28T12:05:07+00:00\" \/>\n<meta property=\"og:image\" content=\"https:\/\/aconteceunovale.com.br\/portal\/wp-content\/uploads\/2017\/01\/vereador_praia_es.jpg\" \/>\n\t<meta property=\"og:image:width\" content=\"600\" \/>\n\t<meta property=\"og:image:height\" content=\"400\" \/>\n\t<meta property=\"og:image:type\" content=\"image\/jpeg\" \/>\n<meta name=\"author\" content=\"Aconteceu no Vale\" \/>\n<meta name=\"twitter:card\" content=\"summary_large_image\" \/>\n<meta name=\"twitter:creator\" content=\"@noticiadosvales\" \/>\n<meta name=\"twitter:site\" content=\"@noticiadosvales\" \/>\n<meta name=\"twitter:label1\" content=\"Escrito por\" \/>\n\t<meta name=\"twitter:data1\" content=\"Aconteceu no Vale\" \/>\n\t<meta name=\"twitter:label2\" content=\"Est. tempo de leitura\" \/>\n\t<meta name=\"twitter:data2\" content=\"2 minutos\" \/>\n<script type=\"application\/ld+json\" class=\"yoast-schema-graph\">{\"@context\":\"https:\\\/\\\/schema.org\",\"@graph\":[{\"@type\":\"Article\",\"@id\":\"https:\\\/\\\/aconteceunovale.com.br\\\/portal\\\/?p=107782#article\",\"isPartOf\":{\"@id\":\"https:\\\/\\\/aconteceunovale.com.br\\\/portal\\\/?p=107782\"},\"author\":{\"name\":\"Aconteceu no Vale\",\"@id\":\"https:\\\/\\\/aconteceunovale.com.br\\\/portal\\\/#\\\/schema\\\/person\\\/633529146f2c94272bef50ac2953d589\"},\"headline\":\"Vereador de BH segue preso por pousar helic\u00f3ptero em praia do ES\",\"datePublished\":\"2017-01-28T12:05:07+00:00\",\"mainEntityOfPage\":{\"@id\":\"https:\\\/\\\/aconteceunovale.com.br\\\/portal\\\/?p=107782\"},\"wordCount\":372,\"commentCount\":0,\"image\":{\"@id\":\"https:\\\/\\\/aconteceunovale.com.br\\\/portal\\\/?p=107782#primaryimage\"},\"thumbnailUrl\":\"https:\\\/\\\/aconteceunovale.com.br\\\/portal\\\/wp-content\\\/uploads\\\/2017\\\/01\\\/vereador_praia_es.jpg\",\"keywords\":[\"Bacutia\",\"Belo Horizonte\",\"bh\",\"Bim da Ambul\u00e2ncia\",\"Bim da Ambul\u00e2ncia \u00e9 preso\",\"destaque\",\"Guarapari\",\"Helic\u00f3ptero em Guarapari\",\"Helic\u00f3ptero em praia de Guarapari\",\"Pris\u00e3o de Bim da Ambul\u00e2ncia\",\"Pris\u00e3o de vereador de Belo Horizonte\",\"Pris\u00e3o de vereador de BH em Guarapari\",\"Pris\u00e3o de vereador em Guarapari\",\"Rubens Gon\u00e7alves de Brito\",\"Vereador Belo Horizonte \u00e9 preso ap\u00f3s pousar helic\u00f3ptero em praia no Esp\u00edrito Santo\",\"Vereador Bim da Ambul\u00e2ncia \u00e9 preso ap\u00f3s pousar helic\u00f3ptero em praia no Esp\u00edrito Santo\",\"Vereador de Belo Horizonte preso\",\"Vereador de BH \u00e9 preso ap\u00f3s pousar helic\u00f3ptero em praia no Esp\u00edrito Santo\",\"Vereador de BH Preso\",\"Vereador de BH preso em Guarapari\",\"Vereador de BH que pousou helic\u00f3ptero em praia do ES segue preso\",\"Vereador de BH segue preso por pousar helic\u00f3ptero em praia do ES\",\"Vereador mineiro \u00e9 preso ap\u00f3s pousar helic\u00f3ptero em praia no Esp\u00edrito Santo\",\"Vereador preso em Guarapari\"],\"articleSection\":[\"Brasil\",\"Minas Gerais\"],\"inLanguage\":\"pt-BR\",\"potentialAction\":[{\"@type\":\"CommentAction\",\"name\":\"Comment\",\"target\":[\"https:\\\/\\\/aconteceunovale.com.br\\\/portal\\\/?p=107782#respond\"]}]},{\"@type\":\"WebPage\",\"@id\":\"https:\\\/\\\/aconteceunovale.com.br\\\/portal\\\/?p=107782\",\"url\":\"https:\\\/\\\/aconteceunovale.com.br\\\/portal\\\/?p=107782\",\"name\":\"Vereador de BH segue preso por pousar helic\u00f3ptero em praia do ES - Aconteceu no Vale\",\"isPartOf\":{\"@id\":\"https:\\\/\\\/aconteceunovale.com.br\\\/portal\\\/#website\"},\"primaryImageOfPage\":{\"@id\":\"https:\\\/\\\/aconteceunovale.com.br\\\/portal\\\/?p=107782#primaryimage\"},\"image\":{\"@id\":\"https:\\\/\\\/aconteceunovale.com.br\\\/portal\\\/?p=107782#primaryimage\"},\"thumbnailUrl\":\"https:\\\/\\\/aconteceunovale.com.br\\\/portal\\\/wp-content\\\/uploads\\\/2017\\\/01\\\/vereador_praia_es.jpg\",\"datePublished\":\"2017-01-28T12:05:07+00:00\",\"author\":{\"@id\":\"https:\\\/\\\/aconteceunovale.com.br\\\/portal\\\/#\\\/schema\\\/person\\\/633529146f2c94272bef50ac2953d589\"},\"breadcrumb\":{\"@id\":\"https:\\\/\\\/aconteceunovale.com.br\\\/portal\\\/?p=107782#breadcrumb\"},\"inLanguage\":\"pt-BR\",\"potentialAction\":[{\"@type\":\"ReadAction\",\"target\":[\"https:\\\/\\\/aconteceunovale.com.br\\\/portal\\\/?p=107782\"]}]},{\"@type\":\"ImageObject\",\"inLanguage\":\"pt-BR\",\"@id\":\"https:\\\/\\\/aconteceunovale.com.br\\\/portal\\\/?p=107782#primaryimage\",\"url\":\"https:\\\/\\\/aconteceunovale.com.br\\\/portal\\\/wp-content\\\/uploads\\\/2017\\\/01\\\/vereador_praia_es.jpg\",\"contentUrl\":\"https:\\\/\\\/aconteceunovale.com.br\\\/portal\\\/wp-content\\\/uploads\\\/2017\\\/01\\\/vereador_praia_es.jpg\",\"width\":600,\"height\":400},{\"@type\":\"BreadcrumbList\",\"@id\":\"https:\\\/\\\/aconteceunovale.com.br\\\/portal\\\/?p=107782#breadcrumb\",\"itemListElement\":[{\"@type\":\"ListItem\",\"position\":1,\"name\":\"In\u00edcio\",\"item\":\"https:\\\/\\\/aconteceunovale.com.br\\\/portal\\\/\"},{\"@type\":\"ListItem\",\"position\":2,\"name\":\"Vereador de BH segue preso por pousar helic\u00f3ptero em praia do ES\"}]},{\"@type\":\"WebSite\",\"@id\":\"https:\\\/\\\/aconteceunovale.com.br\\\/portal\\\/#website\",\"url\":\"https:\\\/\\\/aconteceunovale.com.br\\\/portal\\\/\",\"name\":\"Aconteceu no Vale\",\"description\":\"Portal de Not\u00edcias\",\"potentialAction\":[{\"@type\":\"SearchAction\",\"target\":{\"@type\":\"EntryPoint\",\"urlTemplate\":\"https:\\\/\\\/aconteceunovale.com.br\\\/portal\\\/?s={search_term_string}\"},\"query-input\":{\"@type\":\"PropertyValueSpecification\",\"valueRequired\":true,\"valueName\":\"search_term_string\"}}],\"inLanguage\":\"pt-BR\"},{\"@type\":\"Person\",\"@id\":\"https:\\\/\\\/aconteceunovale.com.br\\\/portal\\\/#\\\/schema\\\/person\\\/633529146f2c94272bef50ac2953d589\",\"name\":\"Aconteceu no Vale\",\"description\":\"Equipe de reportagem do Aconteceu no Vale, portal de not\u00edcias do Vale do Jequitinhonha, em Minas Gerais. Cobrimos as 51 cidades do Vale desde 2013. Sugest\u00f5es de pauta e pedidos de corre\u00e7\u00e3o: contato@aconteceunovale.com.br\",\"sameAs\":[\"http:\\\/\\\/www.aconteceunovale.com.br\"],\"url\":\"https:\\\/\\\/aconteceunovale.com.br\\\/portal\\\/?author=1\"}]}<\/script>\n<!-- \/ Yoast SEO plugin. -->","yoast_head_json":{"title":"Vereador de BH segue preso por pousar helic\u00f3ptero em praia do ES - Aconteceu no Vale","robots":{"index":"index","follow":"follow","max-snippet":"max-snippet:-1","max-image-preview":"max-image-preview:large","max-video-preview":"max-video-preview:-1"},"canonical":"https:\/\/aconteceunovale.com.br\/portal\/?p=107782","og_locale":"pt_BR","og_type":"article","og_title":"Vereador de BH segue preso por pousar helic\u00f3ptero em praia do ES - Aconteceu no Vale","og_description":"O vereador de Belo Horizonte Rubens Gon\u00e7alves de Brito, o Bim da Ambul\u00e2ncia (PSDB), aguarda decis\u00e3o da Justi\u00e7a Federal, ap\u00f3s ser preso em flagrante por pousar de helic\u00f3ptero na Praia da Bacutia, em Guarapari, nessa sexta-feira (27\/1\/2017). No momento do pouso, havia dezenas de banhistas no local, que se assustaram com a situa\u00e7\u00e3o inusitada. De [&hellip;]","og_url":"https:\/\/aconteceunovale.com.br\/portal\/?p=107782","og_site_name":"Aconteceu no Vale","article_publisher":"https:\/\/www.facebook.com\/aconteceunovale\/","article_published_time":"2017-01-28T12:05:07+00:00","og_image":[{"width":600,"height":400,"url":"https:\/\/aconteceunovale.com.br\/portal\/wp-content\/uploads\/2017\/01\/vereador_praia_es.jpg","type":"image\/jpeg"}],"author":"Aconteceu no Vale","twitter_card":"summary_large_image","twitter_creator":"@noticiadosvales","twitter_site":"@noticiadosvales","twitter_misc":{"Escrito por":"Aconteceu no Vale","Est. tempo de leitura":"2 minutos"},"schema":{"@context":"https:\/\/schema.org","@graph":[{"@type":"Article","@id":"https:\/\/aconteceunovale.com.br\/portal\/?p=107782#article","isPartOf":{"@id":"https:\/\/aconteceunovale.com.br\/portal\/?p=107782"},"author":{"name":"Aconteceu no Vale","@id":"https:\/\/aconteceunovale.com.br\/portal\/#\/schema\/person\/633529146f2c94272bef50ac2953d589"},"headline":"Vereador de BH segue preso por pousar helic\u00f3ptero em praia do ES","datePublished":"2017-01-28T12:05:07+00:00","mainEntityOfPage":{"@id":"https:\/\/aconteceunovale.com.br\/portal\/?p=107782"},"wordCount":372,"commentCount":0,"image":{"@id":"https:\/\/aconteceunovale.com.br\/portal\/?p=107782#primaryimage"},"thumbnailUrl":"https:\/\/aconteceunovale.com.br\/portal\/wp-content\/uploads\/2017\/01\/vereador_praia_es.jpg","keywords":["Bacutia","Belo Horizonte","bh","Bim da Ambul\u00e2ncia","Bim da Ambul\u00e2ncia \u00e9 preso","destaque","Guarapari","Helic\u00f3ptero em Guarapari","Helic\u00f3ptero em praia de Guarapari","Pris\u00e3o de Bim da Ambul\u00e2ncia","Pris\u00e3o de vereador de Belo Horizonte","Pris\u00e3o de vereador de BH em Guarapari","Pris\u00e3o de vereador em Guarapari","Rubens Gon\u00e7alves de Brito","Vereador Belo Horizonte \u00e9 preso ap\u00f3s pousar helic\u00f3ptero em praia no Esp\u00edrito Santo","Vereador Bim da Ambul\u00e2ncia \u00e9 preso ap\u00f3s pousar helic\u00f3ptero em praia no Esp\u00edrito Santo","Vereador de Belo Horizonte preso","Vereador de BH \u00e9 preso ap\u00f3s pousar helic\u00f3ptero em praia no Esp\u00edrito Santo","Vereador de BH Preso","Vereador de BH preso em Guarapari","Vereador de BH que pousou helic\u00f3ptero em praia do ES segue preso","Vereador de BH segue preso por pousar helic\u00f3ptero em praia do ES","Vereador mineiro \u00e9 preso ap\u00f3s pousar helic\u00f3ptero em praia no Esp\u00edrito Santo","Vereador preso em Guarapari"],"articleSection":["Brasil","Minas Gerais"],"inLanguage":"pt-BR","potentialAction":[{"@type":"CommentAction","name":"Comment","target":["https:\/\/aconteceunovale.com.br\/portal\/?p=107782#respond"]}]},{"@type":"WebPage","@id":"https:\/\/aconteceunovale.com.br\/portal\/?p=107782","url":"https:\/\/aconteceunovale.com.br\/portal\/?p=107782","name":"Vereador de BH segue preso por pousar helic\u00f3ptero em praia do ES - Aconteceu no Vale","isPartOf":{"@id":"https:\/\/aconteceunovale.com.br\/portal\/#website"},"primaryImageOfPage":{"@id":"https:\/\/aconteceunovale.com.br\/portal\/?p=107782#primaryimage"},"image":{"@id":"https:\/\/aconteceunovale.com.br\/portal\/?p=107782#primaryimage"},"thumbnailUrl":"https:\/\/aconteceunovale.com.br\/portal\/wp-content\/uploads\/2017\/01\/vereador_praia_es.jpg","datePublished":"2017-01-28T12:05:07+00:00","author":{"@id":"https:\/\/aconteceunovale.com.br\/portal\/#\/schema\/person\/633529146f2c94272bef50ac2953d589"},"breadcrumb":{"@id":"https:\/\/aconteceunovale.com.br\/portal\/?p=107782#breadcrumb"},"inLanguage":"pt-BR","potentialAction":[{"@type":"ReadAction","target":["https:\/\/aconteceunovale.com.br\/portal\/?p=107782"]}]},{"@type":"ImageObject","inLanguage":"pt-BR","@id":"https:\/\/aconteceunovale.com.br\/portal\/?p=107782#primaryimage","url":"https:\/\/aconteceunovale.com.br\/portal\/wp-content\/uploads\/2017\/01\/vereador_praia_es.jpg","contentUrl":"https:\/\/aconteceunovale.com.br\/portal\/wp-content\/uploads\/2017\/01\/vereador_praia_es.jpg","width":600,"height":400},{"@type":"BreadcrumbList","@id":"https:\/\/aconteceunovale.com.br\/portal\/?p=107782#breadcrumb","itemListElement":[{"@type":"ListItem","position":1,"name":"In\u00edcio","item":"https:\/\/aconteceunovale.com.br\/portal\/"},{"@type":"ListItem","position":2,"name":"Vereador de BH segue preso por pousar helic\u00f3ptero em praia do ES"}]},{"@type":"WebSite","@id":"https:\/\/aconteceunovale.com.br\/portal\/#website","url":"https:\/\/aconteceunovale.com.br\/portal\/","name":"Aconteceu no Vale","description":"Portal de Not\u00edcias","potentialAction":[{"@type":"SearchAction","target":{"@type":"EntryPoint","urlTemplate":"https:\/\/aconteceunovale.com.br\/portal\/?s={search_term_string}"},"query-input":{"@type":"PropertyValueSpecification","valueRequired":true,"valueName":"search_term_string"}}],"inLanguage":"pt-BR"},{"@type":"Person","@id":"https:\/\/aconteceunovale.com.br\/portal\/#\/schema\/person\/633529146f2c94272bef50ac2953d589","name":"Aconteceu no Vale","description":"Equipe de reportagem do Aconteceu no Vale, portal de not\u00edcias do Vale do Jequitinhonha, em Minas Gerais. Cobrimos as 51 cidades do Vale desde 2013. Sugest\u00f5es de pauta e pedidos de corre\u00e7\u00e3o: contato@aconteceunovale.com.br","sameAs":["http:\/\/www.aconteceunovale.com.br"],"url":"https:\/\/aconteceunovale.com.br\/portal\/?author=1"}]}},"_links":{"self":[{"href":"https:\/\/aconteceunovale.com.br\/portal\/index.php?rest_route=\/wp\/v2\/posts\/107782","targetHints":{"allow":["GET"]}}],"collection":[{"href":"https:\/\/aconteceunovale.com.br\/portal\/index.php?rest_route=\/wp\/v2\/posts"}],"about":[{"href":"https:\/\/aconteceunovale.com.br\/portal\/index.php?rest_route=\/wp\/v2\/types\/post"}],"author":[{"embeddable":true,"href":"https:\/\/aconteceunovale.com.br\/portal\/index.php?rest_route=\/wp\/v2\/users\/1"}],"replies":[{"embeddable":true,"href":"https:\/\/aconteceunovale.com.br\/portal\/index.php?rest_route=%2Fwp%2Fv2%2Fcomments&post=107782"}],"version-history":[{"count":0,"href":"https:\/\/aconteceunovale.com.br\/portal\/index.php?rest_route=\/wp\/v2\/posts\/107782\/revisions"}],"wp:featuredmedia":[{"embeddable":true,"href":"https:\/\/aconteceunovale.com.br\/portal\/index.php?rest_route=\/wp\/v2\/media\/107783"}],"wp:attachment":[{"href":"https:\/\/aconteceunovale.com.br\/portal\/index.php?rest_route=%2Fwp%2Fv2%2Fmedia&parent=107782"}],"wp:term":[{"taxonomy":"category","embeddable":true,"href":"https:\/\/aconteceunovale.com.br\/portal\/index.php?rest_route=%2Fwp%2Fv2%2Fcategories&post=107782"},{"taxonomy":"post_tag","embeddable":true,"href":"https:\/\/aconteceunovale.com.br\/portal\/index.php?rest_route=%2Fwp%2Fv2%2Ftags&post=107782"}],"curies":[{"name":"wp","href":"https:\/\/api.w.org\/{rel}","templated":true}]}}