{"id":107770,"date":"2017-01-27T23:54:26","date_gmt":"2017-01-28T01:54:26","guid":{"rendered":"http:\/\/aconteceunovale.com.br\/portal\/?p=107770"},"modified":"2017-01-27T23:54:26","modified_gmt":"2017-01-28T01:54:26","slug":"ifmg-campus-governador-valadares-diploma-84-novos-profissionais","status":"publish","type":"post","link":"https:\/\/aconteceunovale.com.br\/portal\/?p=107770","title":{"rendered":"IFMG campus Governador Valadares diploma 84 novos profissionais"},"content":{"rendered":"<p>O Instituto Federal de Educa\u00e7\u00e3o, Ci\u00eancia e Tecnologia de Minas Gerais (IFMG), Campus Governador Valadares realizou, no dia 13 de janeiro, as cerim\u00f4nias de Cola\u00e7\u00e3o de Grau de 24 alunos concluintes dos cursos superiores de Tecnologia em Gest\u00e3o Ambiental e Bacharelado em Engenharia de Produ\u00e7\u00e3o e de Conclus\u00e3o de Curso de dois formandos do curso T\u00e9cnico Subsequente em Seguran\u00e7a do Trabalho.<\/p>\n<p>Ainda em janeiro, no dia 18, ocorreu a cerim\u00f4nia de Conclus\u00e3o de Curso de 58 formandos dos cursos T\u00e9cnico Integrado em Meio Ambiente e T\u00e9cnico Integrado em Seguran\u00e7a do Trabalho.<\/p>\n<p>As cerim\u00f4nias foram presididas pelo diretor-geral professor Willerson Cust\u00f3dio da Silva. A cerim\u00f4nia de conclus\u00e3o dos cursos t\u00e9cnicos integrados contou ainda com a presen\u00e7a da pedagoga Luci Aparecida Souza Borges de Faria, convidada a compor a Mesa de Honra representando os ex-servidores que direta ou indiretamente colaboraram para a forma\u00e7\u00e3o dos novos t\u00e9cnicos. O pedagogo Marcelo Augusto dos Anjos Lima Martins atuou como Mestre de Cerim\u00f4nia. As cerim\u00f4nias foram prestigiadas por pais, familiares, convidados e servidores do campus.<\/p>\n<p>A organiza\u00e7\u00e3o dos respectivos eventos contou com a parceria dos servidores: Clara Regina Agostini Oliveira, coordenadora da Comiss\u00e3o de Organiza\u00e7\u00e3o da Cerim\u00f4nia de Conclus\u00e3o dos Cursos T\u00e9cnicos Integrados, Marcelo Augusto dos Anjos Lima Martins, coordenador da Comiss\u00e3o de Organiza\u00e7\u00e3o da Cerim\u00f4nia de Cola\u00e7\u00e3o de Grau dos cursos Superiores e T\u00e9cnico Subsequente, Hunilson Luiz de Souza, Natalina Aparecida Gomes da Silva, Virg\u00edlio Chagas Resende, Rosana Dias Fernandes e Ronaldo Fernandes Roque.<\/p>\n<p><img decoding=\"async\" src=\"http:\/\/aconteceunovale.com.br\/portal\/wp-content\/uploads\/2017\/01\/diplomados_gv_1.jpg\" alt=\"\" \/><em>Mesa de Honra da cerim\u00f4nia de conclus\u00e3o dos cursos (Foto: Ronaldo Fernandes Roque)<\/em><br \/>\n<\/br><\/p>\n<p><img decoding=\"async\" src=\"http:\/\/aconteceunovale.com.br\/portal\/wp-content\/uploads\/2017\/01\/diplomados_gv_2.jpg\" alt=\"\" \/><em>Formandos do curso T\u00e9cnico em Seguran\u00e7a do Trabalho (Foto: Ronaldo Fernandes Roque)<\/em><br \/>\n<\/br><\/p>\n<p><img decoding=\"async\" src=\"http:\/\/aconteceunovale.com.br\/portal\/wp-content\/uploads\/2017\/01\/diplomados_gv_3.jpg\" alt=\"\" \/><em>Juramento (Foto: Ronaldo Fernandes Roque)<\/em><br \/>\n<\/br><\/p>\n<p><img decoding=\"async\" src=\"http:\/\/aconteceunovale.com.br\/portal\/wp-content\/uploads\/2017\/01\/diplomados_gv_3.jpg\" alt=\"\" \/><em>Homenagem ao funcion\u00e1rio Domingos de Sousa Camelo (Foto: Ronaldo Fernandes Roque)<\/em><br \/>\n<\/br><\/p>\n<p><strong>VER PRIMEIRO<\/strong><\/p>\n<p><strong>Receba as not\u00edcias do Aconteceu no Vale em primeira m\u00e3o. Clique em curtir no endere\u00e7o <a href=\"https:\/\/www.facebook.com\/aconteceunovale\" target=\"_blank\"><font color=\"red\">www.facebook.com\/aconteceunovale<\/font><\/a> ou no box abaixo:<\/strong><\/p>\n<div class=\"fb-like\" data-href=\"https:\/\/www.facebook.com\/aconteceunovale\" data-width=\"120\" data-layout=\"standard\" data-action=\"like\" data-size=\"small\" data-show-faces=\"true\" data-share=\"true\"><\/div>\n<p><\/br><\/p>\n<p><em>(Por Marcelo Augusto dos Anjos Lima Martins\/IFMG)<\/em><\/p>\n","protected":false},"excerpt":{"rendered":"<p>O Instituto Federal de Educa\u00e7\u00e3o, Ci\u00eancia e Tecnologia de Minas Gerais (IFMG), Campus Governador Valadares realizou, no dia 13 de janeiro, as cerim\u00f4nias de Cola\u00e7\u00e3o de Grau de 24 alunos concluintes dos cursos superiores de Tecnologia em Gest\u00e3o Ambiental e Bacharelado em Engenharia de Produ\u00e7\u00e3o e de Conclus\u00e3o de Curso de dois formandos do curso [&hellip;]<\/p>\n","protected":false},"author":1,"featured_media":107776,"comment_status":"open","ping_status":"closed","sticky":false,"template":"","format":"standard","meta":{"amp_status":"","footnotes":""},"categories":[40238,121],"tags":[42296,137444,137445,137446,137443,247,160,258,137442],"class_list":["post-107770","post","type-post","status-publish","format-standard","has-post-thumbnail","hentry","category-educacao-2","category-leste","tag-campus-governador-valadares","tag-diplomacao-ifmg-campus-governador-valadares","tag-diplomados-ifmg-campus-governador-valadares","tag-formandos-ifmg-campus-governador-valadares","tag-formatura-ifmg-campus-governador-valadares","tag-governador-valadares","tag-ifmg","tag-ifmg-campus-governador-valadares","tag-ifmg-campus-governador-valadares-diploma-84-novos-profissionais"],"yoast_head":"<!-- This site is optimized with the Yoast SEO plugin v28.3 - https:\/\/yoast.com\/product\/yoast-seo-wordpress\/ -->\n<title>IFMG campus Governador Valadares diploma 84 novos profissionais - Aconteceu no Vale<\/title>\n<meta name=\"robots\" content=\"index, follow, max-snippet:-1, max-image-preview:large, max-video-preview:-1\" \/>\n<link rel=\"canonical\" href=\"https:\/\/aconteceunovale.com.br\/portal\/?p=107770\" \/>\n<meta property=\"og:locale\" content=\"pt_BR\" \/>\n<meta property=\"og:type\" content=\"article\" \/>\n<meta property=\"og:title\" content=\"IFMG campus Governador Valadares diploma 84 novos profissionais - Aconteceu no Vale\" \/>\n<meta property=\"og:description\" content=\"O Instituto Federal de Educa\u00e7\u00e3o, Ci\u00eancia e Tecnologia de Minas Gerais (IFMG), Campus Governador Valadares realizou, no dia 13 de janeiro, as cerim\u00f4nias de Cola\u00e7\u00e3o de Grau de 24 alunos concluintes dos cursos superiores de Tecnologia em Gest\u00e3o Ambiental e Bacharelado em Engenharia de Produ\u00e7\u00e3o e de Conclus\u00e3o de Curso de dois formandos do curso [&hellip;]\" \/>\n<meta property=\"og:url\" content=\"https:\/\/aconteceunovale.com.br\/portal\/?p=107770\" \/>\n<meta property=\"og:site_name\" content=\"Aconteceu no Vale\" \/>\n<meta property=\"article:publisher\" content=\"https:\/\/www.facebook.com\/aconteceunovale\/\" \/>\n<meta property=\"article:published_time\" content=\"2017-01-28T01:54:26+00:00\" \/>\n<meta property=\"og:image\" content=\"https:\/\/aconteceunovale.com.br\/portal\/wp-content\/uploads\/2017\/01\/diplomados_gv_2.jpg\" \/>\n\t<meta property=\"og:image:width\" content=\"677\" \/>\n\t<meta property=\"og:image:height\" content=\"450\" \/>\n\t<meta property=\"og:image:type\" content=\"image\/jpeg\" \/>\n<meta name=\"author\" content=\"Aconteceu no Vale\" \/>\n<meta name=\"twitter:card\" content=\"summary_large_image\" \/>\n<meta name=\"twitter:creator\" content=\"@noticiadosvales\" \/>\n<meta name=\"twitter:site\" content=\"@noticiadosvales\" \/>\n<meta name=\"twitter:label1\" content=\"Escrito por\" \/>\n\t<meta name=\"twitter:data1\" content=\"Aconteceu no Vale\" \/>\n\t<meta name=\"twitter:label2\" content=\"Est. tempo de leitura\" \/>\n\t<meta name=\"twitter:data2\" content=\"2 minutos\" \/>\n<script type=\"application\/ld+json\" class=\"yoast-schema-graph\">{\"@context\":\"https:\\\/\\\/schema.org\",\"@graph\":[{\"@type\":\"Article\",\"@id\":\"https:\\\/\\\/aconteceunovale.com.br\\\/portal\\\/?p=107770#article\",\"isPartOf\":{\"@id\":\"https:\\\/\\\/aconteceunovale.com.br\\\/portal\\\/?p=107770\"},\"author\":{\"name\":\"Aconteceu no Vale\",\"@id\":\"https:\\\/\\\/aconteceunovale.com.br\\\/portal\\\/#\\\/schema\\\/person\\\/633529146f2c94272bef50ac2953d589\"},\"headline\":\"IFMG campus Governador Valadares diploma 84 novos profissionais\",\"datePublished\":\"2017-01-28T01:54:26+00:00\",\"mainEntityOfPage\":{\"@id\":\"https:\\\/\\\/aconteceunovale.com.br\\\/portal\\\/?p=107770\"},\"wordCount\":360,\"commentCount\":0,\"image\":{\"@id\":\"https:\\\/\\\/aconteceunovale.com.br\\\/portal\\\/?p=107770#primaryimage\"},\"thumbnailUrl\":\"https:\\\/\\\/aconteceunovale.com.br\\\/portal\\\/wp-content\\\/uploads\\\/2017\\\/01\\\/diplomados_gv_2.jpg\",\"keywords\":[\"C\u00e2mpus Governador Valadares\",\"Diploma\u00e7\u00e3o IFMG campus Governador Valadares\",\"Diplomados IFMG campus Governador Valadares\",\"Formandos IFMG campus Governador Valadares\",\"Formatura IFMG campus Governador Valadares\",\"Governador Valadares\",\"IFMG\",\"IFMG Campus Governador Valadares\",\"IFMG campus Governador Valadares diploma 84 novos profissionais\"],\"articleSection\":[\"Educa\u00e7\u00e3o\",\"Leste de Minas\"],\"inLanguage\":\"pt-BR\",\"potentialAction\":[{\"@type\":\"CommentAction\",\"name\":\"Comment\",\"target\":[\"https:\\\/\\\/aconteceunovale.com.br\\\/portal\\\/?p=107770#respond\"]}]},{\"@type\":\"WebPage\",\"@id\":\"https:\\\/\\\/aconteceunovale.com.br\\\/portal\\\/?p=107770\",\"url\":\"https:\\\/\\\/aconteceunovale.com.br\\\/portal\\\/?p=107770\",\"name\":\"IFMG campus Governador Valadares diploma 84 novos profissionais - Aconteceu no Vale\",\"isPartOf\":{\"@id\":\"https:\\\/\\\/aconteceunovale.com.br\\\/portal\\\/#website\"},\"primaryImageOfPage\":{\"@id\":\"https:\\\/\\\/aconteceunovale.com.br\\\/portal\\\/?p=107770#primaryimage\"},\"image\":{\"@id\":\"https:\\\/\\\/aconteceunovale.com.br\\\/portal\\\/?p=107770#primaryimage\"},\"thumbnailUrl\":\"https:\\\/\\\/aconteceunovale.com.br\\\/portal\\\/wp-content\\\/uploads\\\/2017\\\/01\\\/diplomados_gv_2.jpg\",\"datePublished\":\"2017-01-28T01:54:26+00:00\",\"author\":{\"@id\":\"https:\\\/\\\/aconteceunovale.com.br\\\/portal\\\/#\\\/schema\\\/person\\\/633529146f2c94272bef50ac2953d589\"},\"breadcrumb\":{\"@id\":\"https:\\\/\\\/aconteceunovale.com.br\\\/portal\\\/?p=107770#breadcrumb\"},\"inLanguage\":\"pt-BR\",\"potentialAction\":[{\"@type\":\"ReadAction\",\"target\":[\"https:\\\/\\\/aconteceunovale.com.br\\\/portal\\\/?p=107770\"]}]},{\"@type\":\"ImageObject\",\"inLanguage\":\"pt-BR\",\"@id\":\"https:\\\/\\\/aconteceunovale.com.br\\\/portal\\\/?p=107770#primaryimage\",\"url\":\"https:\\\/\\\/aconteceunovale.com.br\\\/portal\\\/wp-content\\\/uploads\\\/2017\\\/01\\\/diplomados_gv_2.jpg\",\"contentUrl\":\"https:\\\/\\\/aconteceunovale.com.br\\\/portal\\\/wp-content\\\/uploads\\\/2017\\\/01\\\/diplomados_gv_2.jpg\",\"width\":677,\"height\":450},{\"@type\":\"BreadcrumbList\",\"@id\":\"https:\\\/\\\/aconteceunovale.com.br\\\/portal\\\/?p=107770#breadcrumb\",\"itemListElement\":[{\"@type\":\"ListItem\",\"position\":1,\"name\":\"In\u00edcio\",\"item\":\"https:\\\/\\\/aconteceunovale.com.br\\\/portal\\\/\"},{\"@type\":\"ListItem\",\"position\":2,\"name\":\"IFMG campus Governador Valadares diploma 84 novos profissionais\"}]},{\"@type\":\"WebSite\",\"@id\":\"https:\\\/\\\/aconteceunovale.com.br\\\/portal\\\/#website\",\"url\":\"https:\\\/\\\/aconteceunovale.com.br\\\/portal\\\/\",\"name\":\"Aconteceu no Vale\",\"description\":\"Portal de Not\u00edcias\",\"potentialAction\":[{\"@type\":\"SearchAction\",\"target\":{\"@type\":\"EntryPoint\",\"urlTemplate\":\"https:\\\/\\\/aconteceunovale.com.br\\\/portal\\\/?s={search_term_string}\"},\"query-input\":{\"@type\":\"PropertyValueSpecification\",\"valueRequired\":true,\"valueName\":\"search_term_string\"}}],\"inLanguage\":\"pt-BR\"},{\"@type\":\"Person\",\"@id\":\"https:\\\/\\\/aconteceunovale.com.br\\\/portal\\\/#\\\/schema\\\/person\\\/633529146f2c94272bef50ac2953d589\",\"name\":\"Aconteceu no Vale\",\"description\":\"Equipe de reportagem do Aconteceu no Vale, portal de not\u00edcias do Vale do Jequitinhonha, em Minas Gerais. Cobrimos as 51 cidades do Vale desde 2013. Sugest\u00f5es de pauta e pedidos de corre\u00e7\u00e3o: contato@aconteceunovale.com.br\",\"sameAs\":[\"http:\\\/\\\/www.aconteceunovale.com.br\"],\"url\":\"https:\\\/\\\/aconteceunovale.com.br\\\/portal\\\/?author=1\"}]}<\/script>\n<!-- \/ Yoast SEO plugin. -->","yoast_head_json":{"title":"IFMG campus Governador Valadares diploma 84 novos profissionais - Aconteceu no Vale","robots":{"index":"index","follow":"follow","max-snippet":"max-snippet:-1","max-image-preview":"max-image-preview:large","max-video-preview":"max-video-preview:-1"},"canonical":"https:\/\/aconteceunovale.com.br\/portal\/?p=107770","og_locale":"pt_BR","og_type":"article","og_title":"IFMG campus Governador Valadares diploma 84 novos profissionais - Aconteceu no Vale","og_description":"O Instituto Federal de Educa\u00e7\u00e3o, Ci\u00eancia e Tecnologia de Minas Gerais (IFMG), Campus Governador Valadares realizou, no dia 13 de janeiro, as cerim\u00f4nias de Cola\u00e7\u00e3o de Grau de 24 alunos concluintes dos cursos superiores de Tecnologia em Gest\u00e3o Ambiental e Bacharelado em Engenharia de Produ\u00e7\u00e3o e de Conclus\u00e3o de Curso de dois formandos do curso [&hellip;]","og_url":"https:\/\/aconteceunovale.com.br\/portal\/?p=107770","og_site_name":"Aconteceu no Vale","article_publisher":"https:\/\/www.facebook.com\/aconteceunovale\/","article_published_time":"2017-01-28T01:54:26+00:00","og_image":[{"width":677,"height":450,"url":"https:\/\/aconteceunovale.com.br\/portal\/wp-content\/uploads\/2017\/01\/diplomados_gv_2.jpg","type":"image\/jpeg"}],"author":"Aconteceu no Vale","twitter_card":"summary_large_image","twitter_creator":"@noticiadosvales","twitter_site":"@noticiadosvales","twitter_misc":{"Escrito por":"Aconteceu no Vale","Est. tempo de leitura":"2 minutos"},"schema":{"@context":"https:\/\/schema.org","@graph":[{"@type":"Article","@id":"https:\/\/aconteceunovale.com.br\/portal\/?p=107770#article","isPartOf":{"@id":"https:\/\/aconteceunovale.com.br\/portal\/?p=107770"},"author":{"name":"Aconteceu no Vale","@id":"https:\/\/aconteceunovale.com.br\/portal\/#\/schema\/person\/633529146f2c94272bef50ac2953d589"},"headline":"IFMG campus Governador Valadares diploma 84 novos profissionais","datePublished":"2017-01-28T01:54:26+00:00","mainEntityOfPage":{"@id":"https:\/\/aconteceunovale.com.br\/portal\/?p=107770"},"wordCount":360,"commentCount":0,"image":{"@id":"https:\/\/aconteceunovale.com.br\/portal\/?p=107770#primaryimage"},"thumbnailUrl":"https:\/\/aconteceunovale.com.br\/portal\/wp-content\/uploads\/2017\/01\/diplomados_gv_2.jpg","keywords":["C\u00e2mpus Governador Valadares","Diploma\u00e7\u00e3o IFMG campus Governador Valadares","Diplomados IFMG campus Governador Valadares","Formandos IFMG campus Governador Valadares","Formatura IFMG campus Governador Valadares","Governador Valadares","IFMG","IFMG Campus Governador Valadares","IFMG campus Governador Valadares diploma 84 novos profissionais"],"articleSection":["Educa\u00e7\u00e3o","Leste de Minas"],"inLanguage":"pt-BR","potentialAction":[{"@type":"CommentAction","name":"Comment","target":["https:\/\/aconteceunovale.com.br\/portal\/?p=107770#respond"]}]},{"@type":"WebPage","@id":"https:\/\/aconteceunovale.com.br\/portal\/?p=107770","url":"https:\/\/aconteceunovale.com.br\/portal\/?p=107770","name":"IFMG campus Governador Valadares diploma 84 novos profissionais - Aconteceu no Vale","isPartOf":{"@id":"https:\/\/aconteceunovale.com.br\/portal\/#website"},"primaryImageOfPage":{"@id":"https:\/\/aconteceunovale.com.br\/portal\/?p=107770#primaryimage"},"image":{"@id":"https:\/\/aconteceunovale.com.br\/portal\/?p=107770#primaryimage"},"thumbnailUrl":"https:\/\/aconteceunovale.com.br\/portal\/wp-content\/uploads\/2017\/01\/diplomados_gv_2.jpg","datePublished":"2017-01-28T01:54:26+00:00","author":{"@id":"https:\/\/aconteceunovale.com.br\/portal\/#\/schema\/person\/633529146f2c94272bef50ac2953d589"},"breadcrumb":{"@id":"https:\/\/aconteceunovale.com.br\/portal\/?p=107770#breadcrumb"},"inLanguage":"pt-BR","potentialAction":[{"@type":"ReadAction","target":["https:\/\/aconteceunovale.com.br\/portal\/?p=107770"]}]},{"@type":"ImageObject","inLanguage":"pt-BR","@id":"https:\/\/aconteceunovale.com.br\/portal\/?p=107770#primaryimage","url":"https:\/\/aconteceunovale.com.br\/portal\/wp-content\/uploads\/2017\/01\/diplomados_gv_2.jpg","contentUrl":"https:\/\/aconteceunovale.com.br\/portal\/wp-content\/uploads\/2017\/01\/diplomados_gv_2.jpg","width":677,"height":450},{"@type":"BreadcrumbList","@id":"https:\/\/aconteceunovale.com.br\/portal\/?p=107770#breadcrumb","itemListElement":[{"@type":"ListItem","position":1,"name":"In\u00edcio","item":"https:\/\/aconteceunovale.com.br\/portal\/"},{"@type":"ListItem","position":2,"name":"IFMG campus Governador Valadares diploma 84 novos profissionais"}]},{"@type":"WebSite","@id":"https:\/\/aconteceunovale.com.br\/portal\/#website","url":"https:\/\/aconteceunovale.com.br\/portal\/","name":"Aconteceu no Vale","description":"Portal de Not\u00edcias","potentialAction":[{"@type":"SearchAction","target":{"@type":"EntryPoint","urlTemplate":"https:\/\/aconteceunovale.com.br\/portal\/?s={search_term_string}"},"query-input":{"@type":"PropertyValueSpecification","valueRequired":true,"valueName":"search_term_string"}}],"inLanguage":"pt-BR"},{"@type":"Person","@id":"https:\/\/aconteceunovale.com.br\/portal\/#\/schema\/person\/633529146f2c94272bef50ac2953d589","name":"Aconteceu no Vale","description":"Equipe de reportagem do Aconteceu no Vale, portal de not\u00edcias do Vale do Jequitinhonha, em Minas Gerais. Cobrimos as 51 cidades do Vale desde 2013. Sugest\u00f5es de pauta e pedidos de corre\u00e7\u00e3o: contato@aconteceunovale.com.br","sameAs":["http:\/\/www.aconteceunovale.com.br"],"url":"https:\/\/aconteceunovale.com.br\/portal\/?author=1"}]}},"_links":{"self":[{"href":"https:\/\/aconteceunovale.com.br\/portal\/index.php?rest_route=\/wp\/v2\/posts\/107770","targetHints":{"allow":["GET"]}}],"collection":[{"href":"https:\/\/aconteceunovale.com.br\/portal\/index.php?rest_route=\/wp\/v2\/posts"}],"about":[{"href":"https:\/\/aconteceunovale.com.br\/portal\/index.php?rest_route=\/wp\/v2\/types\/post"}],"author":[{"embeddable":true,"href":"https:\/\/aconteceunovale.com.br\/portal\/index.php?rest_route=\/wp\/v2\/users\/1"}],"replies":[{"embeddable":true,"href":"https:\/\/aconteceunovale.com.br\/portal\/index.php?rest_route=%2Fwp%2Fv2%2Fcomments&post=107770"}],"version-history":[{"count":0,"href":"https:\/\/aconteceunovale.com.br\/portal\/index.php?rest_route=\/wp\/v2\/posts\/107770\/revisions"}],"wp:featuredmedia":[{"embeddable":true,"href":"https:\/\/aconteceunovale.com.br\/portal\/index.php?rest_route=\/wp\/v2\/media\/107776"}],"wp:attachment":[{"href":"https:\/\/aconteceunovale.com.br\/portal\/index.php?rest_route=%2Fwp%2Fv2%2Fmedia&parent=107770"}],"wp:term":[{"taxonomy":"category","embeddable":true,"href":"https:\/\/aconteceunovale.com.br\/portal\/index.php?rest_route=%2Fwp%2Fv2%2Fcategories&post=107770"},{"taxonomy":"post_tag","embeddable":true,"href":"https:\/\/aconteceunovale.com.br\/portal\/index.php?rest_route=%2Fwp%2Fv2%2Ftags&post=107770"}],"curies":[{"name":"wp","href":"https:\/\/api.w.org\/{rel}","templated":true}]}}