{"id":107761,"date":"2017-01-27T22:46:26","date_gmt":"2017-01-28T00:46:26","guid":{"rendered":"http:\/\/aconteceunovale.com.br\/portal\/?p=107761"},"modified":"2017-01-27T22:46:26","modified_gmt":"2017-01-28T00:46:26","slug":"homem-e-preso-em-montes-claros-com-pecas-e-carcaca-de-carros-roubados","status":"publish","type":"post","link":"https:\/\/aconteceunovale.com.br\/portal\/?p=107761","title":{"rendered":"Homem \u00e9 preso em Montes Claros com pe\u00e7as e carca\u00e7a de carros roubados"},"content":{"rendered":"<p>Um homem de 41 anos foi preso, na madrugada desta sexta-feira (27\/01\/2017), na Avenida S\u00e3o Judas, em Montes Claros. Na casa dele, militares encontraram uma carca\u00e7a de ve\u00edculo desmanchado, v\u00e1rias pe\u00e7as de outros carros espalhadas pelo quintal, al\u00e9m de duas armas escondidas no congelador de uma geladeira e R$ 3.680 sem proced\u00eancia.<\/p>\n<p>A Pol\u00edcia Militar chegou ao im\u00f3vel depois de levantamentos realizados pelo Setor de Intelig\u00eancia sobre um local de desmanche com vendas de pe\u00e7as de ve\u00edculos \u00e0 diversos receptadores.<\/p>\n<p>Os militares constataram que as pe\u00e7as e a carca\u00e7a s\u00e3o de ve\u00edculos furtados em Belo Horizonte, no \u00faltimo dia 18, e em Contagem, em dezembro do ano passado. Um policial civil esteve na ocorr\u00eancia e ajudou nas consultas dos dados dos carros.<\/p>\n<p>Todas as partes dos ve\u00edculos foram recolhidas e entregues a um p\u00e1tio do Detran. O homem foi conduzido para a Delegacia, juntamente com o material apreendido. A pol\u00edcia continua as investiga\u00e7\u00f5es para chegar aos vendedores e compradores das pe\u00e7as.<\/p>\n<p><img decoding=\"async\" src=\"http:\/\/aconteceunovale.com.br\/portal\/wp-content\/uploads\/2017\/01\/carcaca_moc.jpg\" alt=\"\" \/><em>Carca\u00e7a de carro apreendida em Montes Claros (Foto: Pol\u00edcia Militar\/Divulga\u00e7\u00e3o)<\/em><br \/>\n<\/br><\/p>\n<p><strong>VER PRIMEIRO<\/strong><\/p>\n<p><strong>Receba as not\u00edcias do Aconteceu no Vale em primeira m\u00e3o. Clique em curtir no endere\u00e7o <a href=\"https:\/\/www.facebook.com\/aconteceunovale\" target=\"_blank\"><font color=\"red\">www.facebook.com\/aconteceunovale<\/font><\/a> ou no box abaixo:<\/strong><\/p>\n<div class=\"fb-like\" data-href=\"https:\/\/www.facebook.com\/aconteceunovale\" data-width=\"120\" data-layout=\"standard\" data-action=\"like\" data-size=\"small\" data-show-faces=\"true\" data-share=\"true\"><\/div>\n<p><\/br><\/p>\n<p><em>(G1 Grande Minas)<\/em><\/p>\n","protected":false},"excerpt":{"rendered":"<p>Um homem de 41 anos foi preso, na madrugada desta sexta-feira (27\/01\/2017), na Avenida S\u00e3o Judas, em Montes Claros. Na casa dele, militares encontraram uma carca\u00e7a de ve\u00edculo desmanchado, v\u00e1rias pe\u00e7as de outros carros espalhadas pelo quintal, al\u00e9m de duas armas escondidas no congelador de uma geladeira e R$ 3.680 sem proced\u00eancia. A Pol\u00edcia Militar [&hellip;]<\/p>\n","protected":false},"author":1,"featured_media":107762,"comment_status":"open","ping_status":"closed","sticky":false,"template":"","format":"standard","meta":{"amp_status":"","footnotes":""},"categories":[123,1236],"tags":[194,137428,956,1018,137429,210,137427,66614,95595],"class_list":["post-107761","post","type-post","status-publish","format-standard","has-post-thumbnail","hentry","category-gerais","category-norte_de_minas","tag-belo-horizonte","tag-carcaca-de-carro-apreendida-em-montes-claros","tag-contagem","tag-destaque","tag-homem-e-preso-em-montes-claros-com-pecas-e-carcaca-de-carros-roubados","tag-montes-claros","tag-preso-com-carcaca-de-carro-em-montes-claros","tag-preso-em-montes-claros","tag-preso-por-roubo-em-montes-claros"],"yoast_head":"<!-- This site is optimized with the Yoast SEO plugin v28.3 - https:\/\/yoast.com\/product\/yoast-seo-wordpress\/ -->\n<title>Homem \u00e9 preso em Montes Claros com pe\u00e7as e carca\u00e7a de carros roubados - Aconteceu no Vale<\/title>\n<meta name=\"robots\" content=\"index, follow, max-snippet:-1, max-image-preview:large, max-video-preview:-1\" \/>\n<link rel=\"canonical\" href=\"https:\/\/aconteceunovale.com.br\/portal\/?p=107761\" \/>\n<meta property=\"og:locale\" content=\"pt_BR\" \/>\n<meta property=\"og:type\" content=\"article\" \/>\n<meta property=\"og:title\" content=\"Homem \u00e9 preso em Montes Claros com pe\u00e7as e carca\u00e7a de carros roubados - Aconteceu no Vale\" \/>\n<meta property=\"og:description\" content=\"Um homem de 41 anos foi preso, na madrugada desta sexta-feira (27\/01\/2017), na Avenida S\u00e3o Judas, em Montes Claros. Na casa dele, militares encontraram uma carca\u00e7a de ve\u00edculo desmanchado, v\u00e1rias pe\u00e7as de outros carros espalhadas pelo quintal, al\u00e9m de duas armas escondidas no congelador de uma geladeira e R$ 3.680 sem proced\u00eancia. A Pol\u00edcia Militar [&hellip;]\" \/>\n<meta property=\"og:url\" content=\"https:\/\/aconteceunovale.com.br\/portal\/?p=107761\" \/>\n<meta property=\"og:site_name\" content=\"Aconteceu no Vale\" \/>\n<meta property=\"article:publisher\" content=\"https:\/\/www.facebook.com\/aconteceunovale\/\" \/>\n<meta property=\"article:published_time\" content=\"2017-01-28T00:46:26+00:00\" \/>\n<meta property=\"og:image\" content=\"https:\/\/aconteceunovale.com.br\/portal\/wp-content\/uploads\/2017\/01\/carcaca_moc.jpg\" \/>\n\t<meta property=\"og:image:width\" content=\"600\" \/>\n\t<meta property=\"og:image:height\" content=\"450\" \/>\n\t<meta property=\"og:image:type\" content=\"image\/jpeg\" \/>\n<meta name=\"author\" content=\"Aconteceu no Vale\" \/>\n<meta name=\"twitter:card\" content=\"summary_large_image\" \/>\n<meta name=\"twitter:creator\" content=\"@noticiadosvales\" \/>\n<meta name=\"twitter:site\" content=\"@noticiadosvales\" \/>\n<meta name=\"twitter:label1\" content=\"Escrito por\" \/>\n\t<meta name=\"twitter:data1\" content=\"Aconteceu no Vale\" \/>\n\t<meta name=\"twitter:label2\" content=\"Est. tempo de leitura\" \/>\n\t<meta name=\"twitter:data2\" content=\"1 minuto\" \/>\n<script type=\"application\/ld+json\" class=\"yoast-schema-graph\">{\"@context\":\"https:\\\/\\\/schema.org\",\"@graph\":[{\"@type\":\"Article\",\"@id\":\"https:\\\/\\\/aconteceunovale.com.br\\\/portal\\\/?p=107761#article\",\"isPartOf\":{\"@id\":\"https:\\\/\\\/aconteceunovale.com.br\\\/portal\\\/?p=107761\"},\"author\":{\"name\":\"Aconteceu no Vale\",\"@id\":\"https:\\\/\\\/aconteceunovale.com.br\\\/portal\\\/#\\\/schema\\\/person\\\/633529146f2c94272bef50ac2953d589\"},\"headline\":\"Homem \u00e9 preso em Montes Claros com pe\u00e7as e carca\u00e7a de carros roubados\",\"datePublished\":\"2017-01-28T00:46:26+00:00\",\"mainEntityOfPage\":{\"@id\":\"https:\\\/\\\/aconteceunovale.com.br\\\/portal\\\/?p=107761\"},\"wordCount\":237,\"commentCount\":0,\"image\":{\"@id\":\"https:\\\/\\\/aconteceunovale.com.br\\\/portal\\\/?p=107761#primaryimage\"},\"thumbnailUrl\":\"https:\\\/\\\/aconteceunovale.com.br\\\/portal\\\/wp-content\\\/uploads\\\/2017\\\/01\\\/carcaca_moc.jpg\",\"keywords\":[\"Belo Horizonte\",\"Carca\u00e7a de carro apreendida em Montes Claros\",\"Contagem\",\"destaque\",\"Homem \u00e9 preso em Montes Claros com pe\u00e7as e carca\u00e7a de carros roubados\",\"Montes Claros\",\"Preso com carca\u00e7a de carro em Montes Claros\",\"preso em Montes Claros\",\"Preso por roubo em Montes Claros\"],\"articleSection\":[\"Minas Gerais\",\"Norte de Minas\"],\"inLanguage\":\"pt-BR\",\"potentialAction\":[{\"@type\":\"CommentAction\",\"name\":\"Comment\",\"target\":[\"https:\\\/\\\/aconteceunovale.com.br\\\/portal\\\/?p=107761#respond\"]}]},{\"@type\":\"WebPage\",\"@id\":\"https:\\\/\\\/aconteceunovale.com.br\\\/portal\\\/?p=107761\",\"url\":\"https:\\\/\\\/aconteceunovale.com.br\\\/portal\\\/?p=107761\",\"name\":\"Homem \u00e9 preso em Montes Claros com pe\u00e7as e carca\u00e7a de carros roubados - Aconteceu no Vale\",\"isPartOf\":{\"@id\":\"https:\\\/\\\/aconteceunovale.com.br\\\/portal\\\/#website\"},\"primaryImageOfPage\":{\"@id\":\"https:\\\/\\\/aconteceunovale.com.br\\\/portal\\\/?p=107761#primaryimage\"},\"image\":{\"@id\":\"https:\\\/\\\/aconteceunovale.com.br\\\/portal\\\/?p=107761#primaryimage\"},\"thumbnailUrl\":\"https:\\\/\\\/aconteceunovale.com.br\\\/portal\\\/wp-content\\\/uploads\\\/2017\\\/01\\\/carcaca_moc.jpg\",\"datePublished\":\"2017-01-28T00:46:26+00:00\",\"author\":{\"@id\":\"https:\\\/\\\/aconteceunovale.com.br\\\/portal\\\/#\\\/schema\\\/person\\\/633529146f2c94272bef50ac2953d589\"},\"breadcrumb\":{\"@id\":\"https:\\\/\\\/aconteceunovale.com.br\\\/portal\\\/?p=107761#breadcrumb\"},\"inLanguage\":\"pt-BR\",\"potentialAction\":[{\"@type\":\"ReadAction\",\"target\":[\"https:\\\/\\\/aconteceunovale.com.br\\\/portal\\\/?p=107761\"]}]},{\"@type\":\"ImageObject\",\"inLanguage\":\"pt-BR\",\"@id\":\"https:\\\/\\\/aconteceunovale.com.br\\\/portal\\\/?p=107761#primaryimage\",\"url\":\"https:\\\/\\\/aconteceunovale.com.br\\\/portal\\\/wp-content\\\/uploads\\\/2017\\\/01\\\/carcaca_moc.jpg\",\"contentUrl\":\"https:\\\/\\\/aconteceunovale.com.br\\\/portal\\\/wp-content\\\/uploads\\\/2017\\\/01\\\/carcaca_moc.jpg\",\"width\":600,\"height\":450},{\"@type\":\"BreadcrumbList\",\"@id\":\"https:\\\/\\\/aconteceunovale.com.br\\\/portal\\\/?p=107761#breadcrumb\",\"itemListElement\":[{\"@type\":\"ListItem\",\"position\":1,\"name\":\"In\u00edcio\",\"item\":\"https:\\\/\\\/aconteceunovale.com.br\\\/portal\\\/\"},{\"@type\":\"ListItem\",\"position\":2,\"name\":\"Homem \u00e9 preso em Montes Claros com pe\u00e7as e carca\u00e7a de carros roubados\"}]},{\"@type\":\"WebSite\",\"@id\":\"https:\\\/\\\/aconteceunovale.com.br\\\/portal\\\/#website\",\"url\":\"https:\\\/\\\/aconteceunovale.com.br\\\/portal\\\/\",\"name\":\"Aconteceu no Vale\",\"description\":\"Portal de Not\u00edcias\",\"potentialAction\":[{\"@type\":\"SearchAction\",\"target\":{\"@type\":\"EntryPoint\",\"urlTemplate\":\"https:\\\/\\\/aconteceunovale.com.br\\\/portal\\\/?s={search_term_string}\"},\"query-input\":{\"@type\":\"PropertyValueSpecification\",\"valueRequired\":true,\"valueName\":\"search_term_string\"}}],\"inLanguage\":\"pt-BR\"},{\"@type\":\"Person\",\"@id\":\"https:\\\/\\\/aconteceunovale.com.br\\\/portal\\\/#\\\/schema\\\/person\\\/633529146f2c94272bef50ac2953d589\",\"name\":\"Aconteceu no Vale\",\"description\":\"Equipe de reportagem do Aconteceu no Vale, portal de not\u00edcias do Vale do Jequitinhonha, em Minas Gerais. Cobrimos as 51 cidades do Vale desde 2013. Sugest\u00f5es de pauta e pedidos de corre\u00e7\u00e3o: contato@aconteceunovale.com.br\",\"sameAs\":[\"http:\\\/\\\/www.aconteceunovale.com.br\"],\"url\":\"https:\\\/\\\/aconteceunovale.com.br\\\/portal\\\/?author=1\"}]}<\/script>\n<!-- \/ Yoast SEO plugin. -->","yoast_head_json":{"title":"Homem \u00e9 preso em Montes Claros com pe\u00e7as e carca\u00e7a de carros roubados - Aconteceu no Vale","robots":{"index":"index","follow":"follow","max-snippet":"max-snippet:-1","max-image-preview":"max-image-preview:large","max-video-preview":"max-video-preview:-1"},"canonical":"https:\/\/aconteceunovale.com.br\/portal\/?p=107761","og_locale":"pt_BR","og_type":"article","og_title":"Homem \u00e9 preso em Montes Claros com pe\u00e7as e carca\u00e7a de carros roubados - Aconteceu no Vale","og_description":"Um homem de 41 anos foi preso, na madrugada desta sexta-feira (27\/01\/2017), na Avenida S\u00e3o Judas, em Montes Claros. Na casa dele, militares encontraram uma carca\u00e7a de ve\u00edculo desmanchado, v\u00e1rias pe\u00e7as de outros carros espalhadas pelo quintal, al\u00e9m de duas armas escondidas no congelador de uma geladeira e R$ 3.680 sem proced\u00eancia. A Pol\u00edcia Militar [&hellip;]","og_url":"https:\/\/aconteceunovale.com.br\/portal\/?p=107761","og_site_name":"Aconteceu no Vale","article_publisher":"https:\/\/www.facebook.com\/aconteceunovale\/","article_published_time":"2017-01-28T00:46:26+00:00","og_image":[{"width":600,"height":450,"url":"https:\/\/aconteceunovale.com.br\/portal\/wp-content\/uploads\/2017\/01\/carcaca_moc.jpg","type":"image\/jpeg"}],"author":"Aconteceu no Vale","twitter_card":"summary_large_image","twitter_creator":"@noticiadosvales","twitter_site":"@noticiadosvales","twitter_misc":{"Escrito por":"Aconteceu no Vale","Est. tempo de leitura":"1 minuto"},"schema":{"@context":"https:\/\/schema.org","@graph":[{"@type":"Article","@id":"https:\/\/aconteceunovale.com.br\/portal\/?p=107761#article","isPartOf":{"@id":"https:\/\/aconteceunovale.com.br\/portal\/?p=107761"},"author":{"name":"Aconteceu no Vale","@id":"https:\/\/aconteceunovale.com.br\/portal\/#\/schema\/person\/633529146f2c94272bef50ac2953d589"},"headline":"Homem \u00e9 preso em Montes Claros com pe\u00e7as e carca\u00e7a de carros roubados","datePublished":"2017-01-28T00:46:26+00:00","mainEntityOfPage":{"@id":"https:\/\/aconteceunovale.com.br\/portal\/?p=107761"},"wordCount":237,"commentCount":0,"image":{"@id":"https:\/\/aconteceunovale.com.br\/portal\/?p=107761#primaryimage"},"thumbnailUrl":"https:\/\/aconteceunovale.com.br\/portal\/wp-content\/uploads\/2017\/01\/carcaca_moc.jpg","keywords":["Belo Horizonte","Carca\u00e7a de carro apreendida em Montes Claros","Contagem","destaque","Homem \u00e9 preso em Montes Claros com pe\u00e7as e carca\u00e7a de carros roubados","Montes Claros","Preso com carca\u00e7a de carro em Montes Claros","preso em Montes Claros","Preso por roubo em Montes Claros"],"articleSection":["Minas Gerais","Norte de Minas"],"inLanguage":"pt-BR","potentialAction":[{"@type":"CommentAction","name":"Comment","target":["https:\/\/aconteceunovale.com.br\/portal\/?p=107761#respond"]}]},{"@type":"WebPage","@id":"https:\/\/aconteceunovale.com.br\/portal\/?p=107761","url":"https:\/\/aconteceunovale.com.br\/portal\/?p=107761","name":"Homem \u00e9 preso em Montes Claros com pe\u00e7as e carca\u00e7a de carros roubados - Aconteceu no Vale","isPartOf":{"@id":"https:\/\/aconteceunovale.com.br\/portal\/#website"},"primaryImageOfPage":{"@id":"https:\/\/aconteceunovale.com.br\/portal\/?p=107761#primaryimage"},"image":{"@id":"https:\/\/aconteceunovale.com.br\/portal\/?p=107761#primaryimage"},"thumbnailUrl":"https:\/\/aconteceunovale.com.br\/portal\/wp-content\/uploads\/2017\/01\/carcaca_moc.jpg","datePublished":"2017-01-28T00:46:26+00:00","author":{"@id":"https:\/\/aconteceunovale.com.br\/portal\/#\/schema\/person\/633529146f2c94272bef50ac2953d589"},"breadcrumb":{"@id":"https:\/\/aconteceunovale.com.br\/portal\/?p=107761#breadcrumb"},"inLanguage":"pt-BR","potentialAction":[{"@type":"ReadAction","target":["https:\/\/aconteceunovale.com.br\/portal\/?p=107761"]}]},{"@type":"ImageObject","inLanguage":"pt-BR","@id":"https:\/\/aconteceunovale.com.br\/portal\/?p=107761#primaryimage","url":"https:\/\/aconteceunovale.com.br\/portal\/wp-content\/uploads\/2017\/01\/carcaca_moc.jpg","contentUrl":"https:\/\/aconteceunovale.com.br\/portal\/wp-content\/uploads\/2017\/01\/carcaca_moc.jpg","width":600,"height":450},{"@type":"BreadcrumbList","@id":"https:\/\/aconteceunovale.com.br\/portal\/?p=107761#breadcrumb","itemListElement":[{"@type":"ListItem","position":1,"name":"In\u00edcio","item":"https:\/\/aconteceunovale.com.br\/portal\/"},{"@type":"ListItem","position":2,"name":"Homem \u00e9 preso em Montes Claros com pe\u00e7as e carca\u00e7a de carros roubados"}]},{"@type":"WebSite","@id":"https:\/\/aconteceunovale.com.br\/portal\/#website","url":"https:\/\/aconteceunovale.com.br\/portal\/","name":"Aconteceu no Vale","description":"Portal de Not\u00edcias","potentialAction":[{"@type":"SearchAction","target":{"@type":"EntryPoint","urlTemplate":"https:\/\/aconteceunovale.com.br\/portal\/?s={search_term_string}"},"query-input":{"@type":"PropertyValueSpecification","valueRequired":true,"valueName":"search_term_string"}}],"inLanguage":"pt-BR"},{"@type":"Person","@id":"https:\/\/aconteceunovale.com.br\/portal\/#\/schema\/person\/633529146f2c94272bef50ac2953d589","name":"Aconteceu no Vale","description":"Equipe de reportagem do Aconteceu no Vale, portal de not\u00edcias do Vale do Jequitinhonha, em Minas Gerais. Cobrimos as 51 cidades do Vale desde 2013. Sugest\u00f5es de pauta e pedidos de corre\u00e7\u00e3o: contato@aconteceunovale.com.br","sameAs":["http:\/\/www.aconteceunovale.com.br"],"url":"https:\/\/aconteceunovale.com.br\/portal\/?author=1"}]}},"_links":{"self":[{"href":"https:\/\/aconteceunovale.com.br\/portal\/index.php?rest_route=\/wp\/v2\/posts\/107761","targetHints":{"allow":["GET"]}}],"collection":[{"href":"https:\/\/aconteceunovale.com.br\/portal\/index.php?rest_route=\/wp\/v2\/posts"}],"about":[{"href":"https:\/\/aconteceunovale.com.br\/portal\/index.php?rest_route=\/wp\/v2\/types\/post"}],"author":[{"embeddable":true,"href":"https:\/\/aconteceunovale.com.br\/portal\/index.php?rest_route=\/wp\/v2\/users\/1"}],"replies":[{"embeddable":true,"href":"https:\/\/aconteceunovale.com.br\/portal\/index.php?rest_route=%2Fwp%2Fv2%2Fcomments&post=107761"}],"version-history":[{"count":0,"href":"https:\/\/aconteceunovale.com.br\/portal\/index.php?rest_route=\/wp\/v2\/posts\/107761\/revisions"}],"wp:featuredmedia":[{"embeddable":true,"href":"https:\/\/aconteceunovale.com.br\/portal\/index.php?rest_route=\/wp\/v2\/media\/107762"}],"wp:attachment":[{"href":"https:\/\/aconteceunovale.com.br\/portal\/index.php?rest_route=%2Fwp%2Fv2%2Fmedia&parent=107761"}],"wp:term":[{"taxonomy":"category","embeddable":true,"href":"https:\/\/aconteceunovale.com.br\/portal\/index.php?rest_route=%2Fwp%2Fv2%2Fcategories&post=107761"},{"taxonomy":"post_tag","embeddable":true,"href":"https:\/\/aconteceunovale.com.br\/portal\/index.php?rest_route=%2Fwp%2Fv2%2Ftags&post=107761"}],"curies":[{"name":"wp","href":"https:\/\/api.w.org\/{rel}","templated":true}]}}