{"id":107750,"date":"2017-01-27T22:16:20","date_gmt":"2017-01-28T00:16:20","guid":{"rendered":"http:\/\/aconteceunovale.com.br\/portal\/?p=107750"},"modified":"2017-01-27T22:17:18","modified_gmt":"2017-01-28T00:17:18","slug":"secretaria-de-saude-divulga-novo-boletim-sobre-os-casos-de-febre-amarela-em-minas-gerais","status":"publish","type":"post","link":"https:\/\/aconteceunovale.com.br\/portal\/?p=107750","title":{"rendered":"Secretaria de Sa\u00fade divulga novo boletim sobre os casos de febre amarela em Minas Gerais"},"content":{"rendered":"<p>Os casos confirmados de febre amarela subiram para 97 em Minas Gerais, de acordo com o boletim divulgado pela Secretaria de Estado de Sa\u00fade (SES) nesta sexta-feira (27\/1\/2017). O n\u00famero de mortes confirmadas se manteve est\u00e1vel em rela\u00e7\u00e3o ao \u00faltimo boletim: 40. Outros 58 \u00f3bitos s\u00e3o investigados.<\/p>\n<p>Este \u00e9 o pior surto de febre amarela j\u00e1 registrado em Minas Gerais. Nesta ter\u00e7a, o subsecret\u00e1rio de Vigil\u00e2ncia e Prote\u00e7\u00e3o \u00e0 Sa\u00fade de Minas Gerais, Rodrigo Said, disse que a SES espera que os n\u00fameros de novos casos e mortes de febre amarela comecem a reduzir.<\/p>\n<p>De acordo com a secretaria, at\u00e9 esta sexta, foram notificados 486 casos suspeitos. Deste total, 19 foram descartados. Outros 370 ainda est\u00e3o sob investiga\u00e7\u00e3o.<\/p>\n<p>Conforme a SES, os casos confirmados j\u00e1 passaram por exame laboratorial detect\u00e1vel para febre amarela; exame laboratorial n\u00e3o detect\u00e1vel para dengue; hist\u00f3rico vacinal (n\u00e3o vacinado\/vacina\u00e7\u00e3o ignorada); sinais e sintomas compat\u00edveis com a defini\u00e7\u00e3o de caso; e exames complementares que caracterizam disfun\u00e7\u00e3o renal\/hep\u00e1tica.<\/p>\n<p>Ainda segundo a secretaria, as mortes confirmadas est\u00e3o relacionadas \u00e0s cidades dos vales do Rio Doce e do Mucuri: Ladainha (10), Ipanema (4), Te\u00f3filo Otoni (5), Itambacuri (3), Piedade de Caratinga (2), Malacacheta (2), Imb\u00e9 de Minas (2), S\u00e3o Sebasti\u00e3o do Maranh\u00e3o (2), Pot\u00e9 (2), Concei\u00e7\u00e3o de Ipanema (1), Setubinha (1), Jos\u00e9 Raydan (2), Ubaporanga (1), Novo Cruzeiro (1).<\/p>\n<p>Outras duas mortes tem rela\u00e7\u00e3o com os munic\u00edpios de Janu\u00e1ria, no Norte do estado, e Delfin\u00f3polis, no Sul. A SES ainda investiga os locais de cont\u00e1gio nos dois casos. No \u00f3bito relacionado a Janu\u00e1ria, a v\u00edtima morreu em Bras\u00edlia, conforme a secretaria.<\/p>\n<p>Existe tamb\u00e9m um \u00f3bito confirmado de uma pessoa que contraiu a doen\u00e7a em Minas Gerais, na Regional de Te\u00f3filo Otoni, e morreu em S\u00e3o Paulo. A secretaria afirma que a morte est\u00e1 entre as 40 confirma\u00e7\u00f5es.<\/p>\n<p><img decoding=\"async\" src=\"http:\/\/aconteceunovale.com.br\/portal\/wp-content\/uploads\/2017\/01\/mosquito_febreamrela.jpg\" alt=\"\" \/><em>O mosquito Haemagogus leucocelaneaus, exclusivo de matas e ambientes silvestres, \u00e9 vetor de febre amarela silvestre em Minas Gerais (Foto: Josu\u00e9 Damacena\/IOC\/Fiocruz)<\/em><br \/>\n<\/br><\/p>\n<p><strong>Balan\u00e7o do Minist\u00e9rio da Sa\u00fade<\/strong><\/p>\n<p>No boletim do Minist\u00e9rio da Sa\u00fade divulgado na noite desta sexta-feira os n\u00fameros de casos e mortes por febre amarela s\u00e3o diferentes do balan\u00e7o da SES-MG. O minist\u00e9rio contabiliza 83 casos confirmados, 402 sob investiga\u00e7\u00e3o e 19 descartados, que totaliza 504 notifica\u00e7\u00f5es.<\/p>\n<p>Com rela\u00e7\u00e3o \u00e0s mortes, o minist\u00e9rio confirma 39 e investiga outras 61, totalizando 100 notifica\u00e7\u00f5es.<\/p>\n<p>Sobre a diferen\u00e7a no n\u00famero de mortes notificadas, o minist\u00e9rio disse que incluiu \u00f3bitos notificados pelas secretarias da Bahia e do Distrito Federal. A pasta ainda excluiu a morte no DF do n\u00famero de confirmadas, diferente da secretaria de Minas, que j\u00e1 considera o \u00f3bito.<\/p>\n<p>J\u00e1 com rela\u00e7\u00e3o \u00e0 diferen\u00e7a nos casos notificados, o Minist\u00e9rio da Sa\u00fade consideram casos notificados em BA, ES, GO, SP, SC e DF com prov\u00e1vel notifica\u00e7\u00e3o em Minas.<\/p>\n<p><strong>Informe Epidemiol\u00f3gico da Febre Amarela 27\/01<\/strong><\/p>\n<p><embed src=\"http:\/\/aconteceunovale.com.br\/portal\/wp-content\/uploads\/2017\/01\/boletim_fa_27jan.pdf\" width=\"600\" height=\"800\"><br \/>\n<a href=\"http:\/\/aconteceunovale.com.br\/portal\/wp-content\/uploads\/2017\/01\/boletim_fa_27jan.pdf\" target=\"_blank\">Link do Informe Epidemiol\u00f3gico da Febre Amarela 27\/01 (clique aqui)<\/a><\/p>\n<p><strong>VER PRIMEIRO<\/strong><\/p>\n<p><strong>Receba as not\u00edcias do Aconteceu no Vale em primeira m\u00e3o. Clique em curtir no endere\u00e7o <a href=\"https:\/\/www.facebook.com\/aconteceunovale\" target=\"_blank\"><font color=\"red\">www.facebook.com\/aconteceunovale<\/font><\/a> ou no box abaixo:<\/strong><\/p>\n<div class=\"fb-like\" data-href=\"https:\/\/www.facebook.com\/aconteceunovale\" data-width=\"120\" data-layout=\"standard\" data-action=\"like\" data-size=\"small\" data-show-faces=\"true\" data-share=\"true\"><\/div>\n<p><\/br><\/p>\n<p><em>(Fonte: G1 Minas)<\/em><\/p>\n","protected":false},"excerpt":{"rendered":"<p>Os casos confirmados de febre amarela subiram para 97 em Minas Gerais, de acordo com o boletim divulgado pela Secretaria de Estado de Sa\u00fade (SES) nesta sexta-feira (27\/1\/2017). O n\u00famero de mortes confirmadas se manteve est\u00e1vel em rela\u00e7\u00e3o ao \u00faltimo boletim: 40. Outros 58 \u00f3bitos s\u00e3o investigados. Este \u00e9 o pior surto de febre amarela [&hellip;]<\/p>\n","protected":false},"author":1,"featured_media":107751,"comment_status":"open","ping_status":"closed","sticky":false,"template":"","format":"standard","meta":{"amp_status":"","footnotes":""},"categories":[121,123,1236,40242,120,122],"tags":[136636,136642,1558,4606,136639,136637,135063,2877,31798,1018,1727,136641,966,136570,1500,135064,136695,136692,1595,3136,137422,137421,295,1732,188,205,299,344,226,1742,1596,136644,136640,136638,136571,137420,137419,1502,175,136615,136693,32577,136690,4684,308,136708,136707,136709,3139,136643,136694,136691,80907,324,137206,137423,1720,52113,168,137034,136569,164,1105,331,135893,136572],"class_list":["post-107750","post","type-post","status-publish","format-standard","has-post-thumbnail","hentry","category-leste","category-gerais","category-norte_de_minas","category-saude-2","category-jequi","category-mucuri","tag-acoes-contra-a-febre-amarela-em-januaria","tag-apos-morte-em-brasilia","tag-araponga","tag-brasilia","tag-caso-de-febre-amarela-em-brasilia","tag-caso-de-febre-amarela-em-januaria","tag-casos-de-febre-amarela-em-minas-gerais","tag-conceicao-de-ipanema","tag-delfinopolis","tag-destaque","tag-dionisio","tag-distrito-de-januaria","tag-divino","tag-epidemia-de-febre-amarela-em-minas-gerais","tag-ervalia","tag-febre-amarela-em-minas-gerais","tag-febre-amarela-no-parque-da-serra-do-brigadeiro","tag-febre-amarela-no-parque-do-rio-doce","tag-fervedouro","tag-frei-gaspar","tag-haemagogus","tag-haemagogus-leucocelaneaus","tag-imbe-de-minas","tag-ipanema","tag-itambacuri","tag-januaria","tag-jose-raydan","tag-ladainha","tag-malacacheta","tag-marlieria","tag-miradouro","tag-morte-de-mineiro-por-febre-amarela-em-brasilia","tag-morte-por-febre-amarela-em-brasilia","tag-morte-por-febre-amarela-em-januaria","tag-mortes-por-febre-amarela-em-minas-gerais","tag-mosquito-haemagogus","tag-mosquito-haemagogus-leucocelaneaus","tag-muriae","tag-novo-cruzeiro","tag-numero-de-mortes-confirmadas-por-febre-amarela-em-minas-gerais-sobe-para-25","tag-parque-da-serra-do-brigadeiro","tag-parque-do-rio-doce","tag-parques-do-rio-doce-e-da-serra-do-brigadeiro-ficarao-temporariamente-fechados-por-causa-da-febre-amarela","tag-pedra-bonita","tag-piedade-de-caratinga","tag-pior-surto-de-febre-amarela-em-minas-gerais","tag-pior-surto-de-febre-amarela-em-minas-gerais-ja-assombra-38-municipios","tag-pior-surto-de-febre-amarela-silvestre-em-minas-faz-mais-vitimas-e-vira-preocupacao-para-um-numero-cada-vez-maior-de-municipios-mineiros","tag-pote","tag-prefeitura-de-januaria-monta-forca-tarefa-para-combater-febre-amarela","tag-risco-de-febre-amarela-no-parque-da-serra-do-brigadeiro","tag-risco-de-febre-amarela-no-parque-do-rio-doce","tag-sao-joaquim","tag-sao-sebastiao-do-maranhao","tag-secretaria-da-saude-confirma-38-mortes-por-febre-amarela-em-minas-gerais","tag-secretaria-de-saude-divulga-novo-boletim-sobre-os-casos-de-febre-amarela-em-minas-gerais","tag-sericita","tag-ses-mg","tag-setubinha","tag-sobe-para-32-o-numero-de-mortes-por-febre-amarela-em-minas","tag-surto-de-febre-amarela-em-minas-gerais","tag-teofilo-otoni","tag-timoteo","tag-ubaporanga","tag-vitimas-da-febre-amarela-em-minas-gerais","tag-vitimas-de-febre-amarela-em-minas-gerais"],"yoast_head":"<!-- This site is optimized with the Yoast SEO plugin v28.3 - https:\/\/yoast.com\/product\/yoast-seo-wordpress\/ -->\n<title>Secretaria de Sa\u00fade divulga novo boletim sobre os casos de febre amarela em Minas Gerais - Aconteceu no Vale<\/title>\n<meta name=\"robots\" content=\"index, follow, max-snippet:-1, max-image-preview:large, max-video-preview:-1\" \/>\n<link rel=\"canonical\" href=\"https:\/\/aconteceunovale.com.br\/portal\/?p=107750\" \/>\n<meta property=\"og:locale\" content=\"pt_BR\" \/>\n<meta property=\"og:type\" content=\"article\" \/>\n<meta property=\"og:title\" content=\"Secretaria de Sa\u00fade divulga novo boletim sobre os casos de febre amarela em Minas Gerais - Aconteceu no Vale\" \/>\n<meta property=\"og:description\" content=\"Os casos confirmados de febre amarela subiram para 97 em Minas Gerais, de acordo com o boletim divulgado pela Secretaria de Estado de Sa\u00fade (SES) nesta sexta-feira (27\/1\/2017). O n\u00famero de mortes confirmadas se manteve est\u00e1vel em rela\u00e7\u00e3o ao \u00faltimo boletim: 40. Outros 58 \u00f3bitos s\u00e3o investigados. Este \u00e9 o pior surto de febre amarela [&hellip;]\" \/>\n<meta property=\"og:url\" content=\"https:\/\/aconteceunovale.com.br\/portal\/?p=107750\" \/>\n<meta property=\"og:site_name\" content=\"Aconteceu no Vale\" \/>\n<meta property=\"article:publisher\" content=\"https:\/\/www.facebook.com\/aconteceunovale\/\" \/>\n<meta property=\"article:published_time\" content=\"2017-01-28T00:16:20+00:00\" \/>\n<meta property=\"article:modified_time\" content=\"2017-01-28T00:17:18+00:00\" \/>\n<meta property=\"og:image\" content=\"https:\/\/aconteceunovale.com.br\/portal\/wp-content\/uploads\/2017\/01\/mosquito_febreamrela.jpg\" \/>\n\t<meta property=\"og:image:width\" content=\"678\" \/>\n\t<meta property=\"og:image:height\" content=\"381\" \/>\n\t<meta property=\"og:image:type\" content=\"image\/jpeg\" \/>\n<meta name=\"author\" content=\"Aconteceu no Vale\" \/>\n<meta name=\"twitter:card\" content=\"summary_large_image\" \/>\n<meta name=\"twitter:creator\" content=\"@noticiadosvales\" \/>\n<meta name=\"twitter:site\" content=\"@noticiadosvales\" \/>\n<meta name=\"twitter:label1\" content=\"Escrito por\" \/>\n\t<meta name=\"twitter:data1\" content=\"Aconteceu no Vale\" \/>\n\t<meta name=\"twitter:label2\" content=\"Est. tempo de leitura\" \/>\n\t<meta name=\"twitter:data2\" content=\"3 minutos\" \/>\n<script type=\"application\/ld+json\" class=\"yoast-schema-graph\">{\"@context\":\"https:\\\/\\\/schema.org\",\"@graph\":[{\"@type\":\"Article\",\"@id\":\"https:\\\/\\\/aconteceunovale.com.br\\\/portal\\\/?p=107750#article\",\"isPartOf\":{\"@id\":\"https:\\\/\\\/aconteceunovale.com.br\\\/portal\\\/?p=107750\"},\"author\":{\"name\":\"Aconteceu no Vale\",\"@id\":\"https:\\\/\\\/aconteceunovale.com.br\\\/portal\\\/#\\\/schema\\\/person\\\/633529146f2c94272bef50ac2953d589\"},\"headline\":\"Secretaria de Sa\u00fade divulga novo boletim sobre os casos de febre amarela em Minas Gerais\",\"datePublished\":\"2017-01-28T00:16:20+00:00\",\"dateModified\":\"2017-01-28T00:17:18+00:00\",\"mainEntityOfPage\":{\"@id\":\"https:\\\/\\\/aconteceunovale.com.br\\\/portal\\\/?p=107750\"},\"wordCount\":554,\"commentCount\":0,\"image\":{\"@id\":\"https:\\\/\\\/aconteceunovale.com.br\\\/portal\\\/?p=107750#primaryimage\"},\"thumbnailUrl\":\"https:\\\/\\\/aconteceunovale.com.br\\\/portal\\\/wp-content\\\/uploads\\\/2017\\\/01\\\/mosquito_febreamrela.jpg\",\"keywords\":[\"a\u00e7\u00f5es contra a febre amarela em Janu\u00e1ria\",\"Ap\u00f3s morte em Bras\u00edlia\",\"Araponga\",\"Bras\u00edlia\",\"Caso de febre amarela em Bras\u00edlia\",\"Caso de febre amarela em Janu\u00e1ria\",\"Casos de febre amarela em Minas Gerais\",\"Concei\u00e7\u00e3o de Ipanema\",\"Delfin\u00f3polis\",\"destaque\",\"Dion\u00edsio\",\"distrito de Janu\u00e1ria\",\"Divino\",\"Epidemia de Febre amarela em Minas Gerais\",\"Erv\u00e1lia\",\"Febre amarela em Minas Gerais\",\"Febre amarela no Parque da Serra do Brigadeiro\",\"Febre amarela no Parque do Rio Doce\",\"Fervedouro\",\"Frei Gaspar\",\"Haemagogus\",\"Haemagogus leucocelaneaus\",\"Imb\u00e9 de Minas\",\"Ipanema\",\"Itambacuri\",\"Janu\u00e1ria\",\"Jos\u00e9 Raydan\",\"ladainha\",\"Malacacheta\",\"Marli\u00e9ria\",\"Miradouro\",\"morte de mineiro por febre amarela em Bras\u00edlia\",\"Morte por febre amarela em Bras\u00edlia\",\"Morte por febre amarela em Janu\u00e1ria\",\"Mortes por Febre amarela em Minas Gerais\",\"mosquito Haemagogus\",\"mosquito Haemagogus leucocelaneaus\",\"Muria\u00e9\",\"Novo Cruzeiro\",\"N\u00famero de mortes confirmadas por febre amarela em Minas Gerais sobe para 25\",\"Parque da Serra do Brigadeiro\",\"Parque do Rio Doce\",\"Parques do Rio Doce e da Serra do Brigadeiro ficar\u00e3o temporariamente fechados por causa da febre amarela\",\"Pedra Bonita\",\"Piedade de Caratinga\",\"Pior surto de febre amarela em Minas Gerais\",\"Pior surto de febre amarela em Minas Gerais j\u00e1 assombra 38 munic\u00edpios\",\"pior surto de febre amarela silvestre em Minas faz mais v\u00edtimas e vira preocupa\u00e7\u00e3o para um n\u00famero cada vez maior de munic\u00edpios mineiros\",\"Pot\u00e9\",\"Prefeitura de Janu\u00e1ria monta for\u00e7a-tarefa para combater febre amarela\",\"Risco de febre amarela no Parque da Serra do Brigadeiro\",\"Risco de febre amarela no Parque do Rio Doce\",\"S\u00e3o Joaquim\",\"S\u00e3o Sebasti\u00e3o do Maranh\u00e3o\",\"Secretaria da Sa\u00fade confirma 38 mortes por febre amarela em Minas Gerais\",\"Secretaria de Sa\u00fade divulga novo boletim sobre os casos de febre amarela em Minas Gerais\",\"Sericita\",\"SES-MG\",\"Setubinha\",\"Sobe para 32 o n\u00famero de mortes por febre amarela em Minas\",\"Surto de Febre amarela em Minas Gerais\",\"Te\u00f3filo Otoni\",\"Tim\u00f3teo\",\"Ubaporanga\",\"V\u00edtimas da febre amarela em Minas Gerais\",\"V\u00edtimas de Febre amarela em Minas Gerais\"],\"articleSection\":[\"Leste de Minas\",\"Minas Gerais\",\"Norte de Minas\",\"Sa\u00fade\",\"Vale do Jequitinhonha\",\"Vale do Mucuri\"],\"inLanguage\":\"pt-BR\",\"potentialAction\":[{\"@type\":\"CommentAction\",\"name\":\"Comment\",\"target\":[\"https:\\\/\\\/aconteceunovale.com.br\\\/portal\\\/?p=107750#respond\"]}]},{\"@type\":\"WebPage\",\"@id\":\"https:\\\/\\\/aconteceunovale.com.br\\\/portal\\\/?p=107750\",\"url\":\"https:\\\/\\\/aconteceunovale.com.br\\\/portal\\\/?p=107750\",\"name\":\"Secretaria de Sa\u00fade divulga novo boletim sobre os casos de febre amarela em Minas Gerais - Aconteceu no Vale\",\"isPartOf\":{\"@id\":\"https:\\\/\\\/aconteceunovale.com.br\\\/portal\\\/#website\"},\"primaryImageOfPage\":{\"@id\":\"https:\\\/\\\/aconteceunovale.com.br\\\/portal\\\/?p=107750#primaryimage\"},\"image\":{\"@id\":\"https:\\\/\\\/aconteceunovale.com.br\\\/portal\\\/?p=107750#primaryimage\"},\"thumbnailUrl\":\"https:\\\/\\\/aconteceunovale.com.br\\\/portal\\\/wp-content\\\/uploads\\\/2017\\\/01\\\/mosquito_febreamrela.jpg\",\"datePublished\":\"2017-01-28T00:16:20+00:00\",\"dateModified\":\"2017-01-28T00:17:18+00:00\",\"author\":{\"@id\":\"https:\\\/\\\/aconteceunovale.com.br\\\/portal\\\/#\\\/schema\\\/person\\\/633529146f2c94272bef50ac2953d589\"},\"breadcrumb\":{\"@id\":\"https:\\\/\\\/aconteceunovale.com.br\\\/portal\\\/?p=107750#breadcrumb\"},\"inLanguage\":\"pt-BR\",\"potentialAction\":[{\"@type\":\"ReadAction\",\"target\":[\"https:\\\/\\\/aconteceunovale.com.br\\\/portal\\\/?p=107750\"]}]},{\"@type\":\"ImageObject\",\"inLanguage\":\"pt-BR\",\"@id\":\"https:\\\/\\\/aconteceunovale.com.br\\\/portal\\\/?p=107750#primaryimage\",\"url\":\"https:\\\/\\\/aconteceunovale.com.br\\\/portal\\\/wp-content\\\/uploads\\\/2017\\\/01\\\/mosquito_febreamrela.jpg\",\"contentUrl\":\"https:\\\/\\\/aconteceunovale.com.br\\\/portal\\\/wp-content\\\/uploads\\\/2017\\\/01\\\/mosquito_febreamrela.jpg\",\"width\":678,\"height\":381},{\"@type\":\"BreadcrumbList\",\"@id\":\"https:\\\/\\\/aconteceunovale.com.br\\\/portal\\\/?p=107750#breadcrumb\",\"itemListElement\":[{\"@type\":\"ListItem\",\"position\":1,\"name\":\"In\u00edcio\",\"item\":\"https:\\\/\\\/aconteceunovale.com.br\\\/portal\\\/\"},{\"@type\":\"ListItem\",\"position\":2,\"name\":\"Secretaria de Sa\u00fade divulga novo boletim sobre os casos de febre amarela em Minas Gerais\"}]},{\"@type\":\"WebSite\",\"@id\":\"https:\\\/\\\/aconteceunovale.com.br\\\/portal\\\/#website\",\"url\":\"https:\\\/\\\/aconteceunovale.com.br\\\/portal\\\/\",\"name\":\"Aconteceu no Vale\",\"description\":\"Portal de Not\u00edcias\",\"potentialAction\":[{\"@type\":\"SearchAction\",\"target\":{\"@type\":\"EntryPoint\",\"urlTemplate\":\"https:\\\/\\\/aconteceunovale.com.br\\\/portal\\\/?s={search_term_string}\"},\"query-input\":{\"@type\":\"PropertyValueSpecification\",\"valueRequired\":true,\"valueName\":\"search_term_string\"}}],\"inLanguage\":\"pt-BR\"},{\"@type\":\"Person\",\"@id\":\"https:\\\/\\\/aconteceunovale.com.br\\\/portal\\\/#\\\/schema\\\/person\\\/633529146f2c94272bef50ac2953d589\",\"name\":\"Aconteceu no Vale\",\"description\":\"Equipe de reportagem do Aconteceu no Vale, portal de not\u00edcias do Vale do Jequitinhonha, em Minas Gerais. Cobrimos as 51 cidades do Vale desde 2013. Sugest\u00f5es de pauta e pedidos de corre\u00e7\u00e3o: contato@aconteceunovale.com.br\",\"sameAs\":[\"http:\\\/\\\/www.aconteceunovale.com.br\"],\"url\":\"https:\\\/\\\/aconteceunovale.com.br\\\/portal\\\/?author=1\"}]}<\/script>\n<!-- \/ Yoast SEO plugin. -->","yoast_head_json":{"title":"Secretaria de Sa\u00fade divulga novo boletim sobre os casos de febre amarela em Minas Gerais - Aconteceu no Vale","robots":{"index":"index","follow":"follow","max-snippet":"max-snippet:-1","max-image-preview":"max-image-preview:large","max-video-preview":"max-video-preview:-1"},"canonical":"https:\/\/aconteceunovale.com.br\/portal\/?p=107750","og_locale":"pt_BR","og_type":"article","og_title":"Secretaria de Sa\u00fade divulga novo boletim sobre os casos de febre amarela em Minas Gerais - Aconteceu no Vale","og_description":"Os casos confirmados de febre amarela subiram para 97 em Minas Gerais, de acordo com o boletim divulgado pela Secretaria de Estado de Sa\u00fade (SES) nesta sexta-feira (27\/1\/2017). O n\u00famero de mortes confirmadas se manteve est\u00e1vel em rela\u00e7\u00e3o ao \u00faltimo boletim: 40. Outros 58 \u00f3bitos s\u00e3o investigados. Este \u00e9 o pior surto de febre amarela [&hellip;]","og_url":"https:\/\/aconteceunovale.com.br\/portal\/?p=107750","og_site_name":"Aconteceu no Vale","article_publisher":"https:\/\/www.facebook.com\/aconteceunovale\/","article_published_time":"2017-01-28T00:16:20+00:00","article_modified_time":"2017-01-28T00:17:18+00:00","og_image":[{"width":678,"height":381,"url":"https:\/\/aconteceunovale.com.br\/portal\/wp-content\/uploads\/2017\/01\/mosquito_febreamrela.jpg","type":"image\/jpeg"}],"author":"Aconteceu no Vale","twitter_card":"summary_large_image","twitter_creator":"@noticiadosvales","twitter_site":"@noticiadosvales","twitter_misc":{"Escrito por":"Aconteceu no Vale","Est. tempo de leitura":"3 minutos"},"schema":{"@context":"https:\/\/schema.org","@graph":[{"@type":"Article","@id":"https:\/\/aconteceunovale.com.br\/portal\/?p=107750#article","isPartOf":{"@id":"https:\/\/aconteceunovale.com.br\/portal\/?p=107750"},"author":{"name":"Aconteceu no Vale","@id":"https:\/\/aconteceunovale.com.br\/portal\/#\/schema\/person\/633529146f2c94272bef50ac2953d589"},"headline":"Secretaria de Sa\u00fade divulga novo boletim sobre os casos de febre amarela em Minas Gerais","datePublished":"2017-01-28T00:16:20+00:00","dateModified":"2017-01-28T00:17:18+00:00","mainEntityOfPage":{"@id":"https:\/\/aconteceunovale.com.br\/portal\/?p=107750"},"wordCount":554,"commentCount":0,"image":{"@id":"https:\/\/aconteceunovale.com.br\/portal\/?p=107750#primaryimage"},"thumbnailUrl":"https:\/\/aconteceunovale.com.br\/portal\/wp-content\/uploads\/2017\/01\/mosquito_febreamrela.jpg","keywords":["a\u00e7\u00f5es contra a febre amarela em Janu\u00e1ria","Ap\u00f3s morte em Bras\u00edlia","Araponga","Bras\u00edlia","Caso de febre amarela em Bras\u00edlia","Caso de febre amarela em Janu\u00e1ria","Casos de febre amarela em Minas Gerais","Concei\u00e7\u00e3o de Ipanema","Delfin\u00f3polis","destaque","Dion\u00edsio","distrito de Janu\u00e1ria","Divino","Epidemia de Febre amarela em Minas Gerais","Erv\u00e1lia","Febre amarela em Minas Gerais","Febre amarela no Parque da Serra do Brigadeiro","Febre amarela no Parque do Rio Doce","Fervedouro","Frei Gaspar","Haemagogus","Haemagogus leucocelaneaus","Imb\u00e9 de Minas","Ipanema","Itambacuri","Janu\u00e1ria","Jos\u00e9 Raydan","ladainha","Malacacheta","Marli\u00e9ria","Miradouro","morte de mineiro por febre amarela em Bras\u00edlia","Morte por febre amarela em Bras\u00edlia","Morte por febre amarela em Janu\u00e1ria","Mortes por Febre amarela em Minas Gerais","mosquito Haemagogus","mosquito Haemagogus leucocelaneaus","Muria\u00e9","Novo Cruzeiro","N\u00famero de mortes confirmadas por febre amarela em Minas Gerais sobe para 25","Parque da Serra do Brigadeiro","Parque do Rio Doce","Parques do Rio Doce e da Serra do Brigadeiro ficar\u00e3o temporariamente fechados por causa da febre amarela","Pedra Bonita","Piedade de Caratinga","Pior surto de febre amarela em Minas Gerais","Pior surto de febre amarela em Minas Gerais j\u00e1 assombra 38 munic\u00edpios","pior surto de febre amarela silvestre em Minas faz mais v\u00edtimas e vira preocupa\u00e7\u00e3o para um n\u00famero cada vez maior de munic\u00edpios mineiros","Pot\u00e9","Prefeitura de Janu\u00e1ria monta for\u00e7a-tarefa para combater febre amarela","Risco de febre amarela no Parque da Serra do Brigadeiro","Risco de febre amarela no Parque do Rio Doce","S\u00e3o Joaquim","S\u00e3o Sebasti\u00e3o do Maranh\u00e3o","Secretaria da Sa\u00fade confirma 38 mortes por febre amarela em Minas Gerais","Secretaria de Sa\u00fade divulga novo boletim sobre os casos de febre amarela em Minas Gerais","Sericita","SES-MG","Setubinha","Sobe para 32 o n\u00famero de mortes por febre amarela em Minas","Surto de Febre amarela em Minas Gerais","Te\u00f3filo Otoni","Tim\u00f3teo","Ubaporanga","V\u00edtimas da febre amarela em Minas Gerais","V\u00edtimas de Febre amarela em Minas Gerais"],"articleSection":["Leste de Minas","Minas Gerais","Norte de Minas","Sa\u00fade","Vale do Jequitinhonha","Vale do Mucuri"],"inLanguage":"pt-BR","potentialAction":[{"@type":"CommentAction","name":"Comment","target":["https:\/\/aconteceunovale.com.br\/portal\/?p=107750#respond"]}]},{"@type":"WebPage","@id":"https:\/\/aconteceunovale.com.br\/portal\/?p=107750","url":"https:\/\/aconteceunovale.com.br\/portal\/?p=107750","name":"Secretaria de Sa\u00fade divulga novo boletim sobre os casos de febre amarela em Minas Gerais - Aconteceu no Vale","isPartOf":{"@id":"https:\/\/aconteceunovale.com.br\/portal\/#website"},"primaryImageOfPage":{"@id":"https:\/\/aconteceunovale.com.br\/portal\/?p=107750#primaryimage"},"image":{"@id":"https:\/\/aconteceunovale.com.br\/portal\/?p=107750#primaryimage"},"thumbnailUrl":"https:\/\/aconteceunovale.com.br\/portal\/wp-content\/uploads\/2017\/01\/mosquito_febreamrela.jpg","datePublished":"2017-01-28T00:16:20+00:00","dateModified":"2017-01-28T00:17:18+00:00","author":{"@id":"https:\/\/aconteceunovale.com.br\/portal\/#\/schema\/person\/633529146f2c94272bef50ac2953d589"},"breadcrumb":{"@id":"https:\/\/aconteceunovale.com.br\/portal\/?p=107750#breadcrumb"},"inLanguage":"pt-BR","potentialAction":[{"@type":"ReadAction","target":["https:\/\/aconteceunovale.com.br\/portal\/?p=107750"]}]},{"@type":"ImageObject","inLanguage":"pt-BR","@id":"https:\/\/aconteceunovale.com.br\/portal\/?p=107750#primaryimage","url":"https:\/\/aconteceunovale.com.br\/portal\/wp-content\/uploads\/2017\/01\/mosquito_febreamrela.jpg","contentUrl":"https:\/\/aconteceunovale.com.br\/portal\/wp-content\/uploads\/2017\/01\/mosquito_febreamrela.jpg","width":678,"height":381},{"@type":"BreadcrumbList","@id":"https:\/\/aconteceunovale.com.br\/portal\/?p=107750#breadcrumb","itemListElement":[{"@type":"ListItem","position":1,"name":"In\u00edcio","item":"https:\/\/aconteceunovale.com.br\/portal\/"},{"@type":"ListItem","position":2,"name":"Secretaria de Sa\u00fade divulga novo boletim sobre os casos de febre amarela em Minas Gerais"}]},{"@type":"WebSite","@id":"https:\/\/aconteceunovale.com.br\/portal\/#website","url":"https:\/\/aconteceunovale.com.br\/portal\/","name":"Aconteceu no Vale","description":"Portal de Not\u00edcias","potentialAction":[{"@type":"SearchAction","target":{"@type":"EntryPoint","urlTemplate":"https:\/\/aconteceunovale.com.br\/portal\/?s={search_term_string}"},"query-input":{"@type":"PropertyValueSpecification","valueRequired":true,"valueName":"search_term_string"}}],"inLanguage":"pt-BR"},{"@type":"Person","@id":"https:\/\/aconteceunovale.com.br\/portal\/#\/schema\/person\/633529146f2c94272bef50ac2953d589","name":"Aconteceu no Vale","description":"Equipe de reportagem do Aconteceu no Vale, portal de not\u00edcias do Vale do Jequitinhonha, em Minas Gerais. Cobrimos as 51 cidades do Vale desde 2013. Sugest\u00f5es de pauta e pedidos de corre\u00e7\u00e3o: contato@aconteceunovale.com.br","sameAs":["http:\/\/www.aconteceunovale.com.br"],"url":"https:\/\/aconteceunovale.com.br\/portal\/?author=1"}]}},"_links":{"self":[{"href":"https:\/\/aconteceunovale.com.br\/portal\/index.php?rest_route=\/wp\/v2\/posts\/107750","targetHints":{"allow":["GET"]}}],"collection":[{"href":"https:\/\/aconteceunovale.com.br\/portal\/index.php?rest_route=\/wp\/v2\/posts"}],"about":[{"href":"https:\/\/aconteceunovale.com.br\/portal\/index.php?rest_route=\/wp\/v2\/types\/post"}],"author":[{"embeddable":true,"href":"https:\/\/aconteceunovale.com.br\/portal\/index.php?rest_route=\/wp\/v2\/users\/1"}],"replies":[{"embeddable":true,"href":"https:\/\/aconteceunovale.com.br\/portal\/index.php?rest_route=%2Fwp%2Fv2%2Fcomments&post=107750"}],"version-history":[{"count":0,"href":"https:\/\/aconteceunovale.com.br\/portal\/index.php?rest_route=\/wp\/v2\/posts\/107750\/revisions"}],"wp:featuredmedia":[{"embeddable":true,"href":"https:\/\/aconteceunovale.com.br\/portal\/index.php?rest_route=\/wp\/v2\/media\/107751"}],"wp:attachment":[{"href":"https:\/\/aconteceunovale.com.br\/portal\/index.php?rest_route=%2Fwp%2Fv2%2Fmedia&parent=107750"}],"wp:term":[{"taxonomy":"category","embeddable":true,"href":"https:\/\/aconteceunovale.com.br\/portal\/index.php?rest_route=%2Fwp%2Fv2%2Fcategories&post=107750"},{"taxonomy":"post_tag","embeddable":true,"href":"https:\/\/aconteceunovale.com.br\/portal\/index.php?rest_route=%2Fwp%2Fv2%2Ftags&post=107750"}],"curies":[{"name":"wp","href":"https:\/\/api.w.org\/{rel}","templated":true}]}}