{"id":107733,"date":"2017-01-27T19:19:52","date_gmt":"2017-01-27T21:19:52","guid":{"rendered":"http:\/\/aconteceunovale.com.br\/portal\/?p=107733"},"modified":"2017-01-27T21:17:03","modified_gmt":"2017-01-27T23:17:03","slug":"vereador-mineiro-e-preso-apos-pousar-helicoptero-em-praia-no-espirito-santo","status":"publish","type":"post","link":"https:\/\/aconteceunovale.com.br\/portal\/?p=107733","title":{"rendered":"Vereador mineiro \u00e9 preso ap\u00f3s pousar helic\u00f3ptero em praia no Esp\u00edrito Santo"},"content":{"rendered":"<p>O vereador Rubens Gon\u00e7alves de Brito, o Bim da Ambul\u00e2ncia (PSDB), de Belo Horizonte, foi preso nesta sexta-feira (27\/1\/2017) em Guarapari, no Esp\u00edrito Santo, ap\u00f3s pousar seu helic\u00f3ptero na praia de Bacutia. Segundo a Pol\u00edcia Civil, o vereador pode pegar de tr\u00eas a seis anos e meio de pris\u00e3o por exp\u00f4r a vida e a sa\u00fade de outras pessoas em risco, e por tamb\u00e9m exp\u00f4r em risco a pr\u00f3pria aeronave. Os dois crimes est\u00e3o previstos, respectivamente, nos artigos 132 e 261 do C\u00f3digo Penal.<\/p>\n<p>Ao ser detido pela Pol\u00edcia Militar, o vereador foi conduzido ao Centro de Deten\u00e7\u00e3o Provis\u00f3ria. Segundo o delegado Marcos Nery, da Delegacia de Guarapari, o auto de pris\u00e3o em flagrante ser\u00e1 encaminhado \u00e0 Justi\u00e7a Federal, onde o juiz dever\u00e1 decidir pela liberdade provis\u00f3ria ou manuten\u00e7\u00e3o da pris\u00e3o.<\/p>\n<p><img decoding=\"async\" src=\"http:\/\/aconteceunovale.com.br\/portal\/wp-content\/uploads\/2017\/01\/vereador_praia.jpeg\" alt=\"\" \/><em>Vereador pousou helic\u00f3ptero em praia (Foto: Divulga\u00e7\u00e3o\/PMES)<\/em><br \/>\n<\/br><\/p>\n<p>O helic\u00f3ptero foi apreendido e conduzido por outro piloto, na companhia de policiais, para o aeroporto de Guarapari, onde ficar\u00e1 \u00e0 disposi\u00e7\u00e3o da Justi\u00e7a. No momento em que pousou na praia, Bim, que tamb\u00e9m \u00e9 piloto, estava na companhia de familiares e, segundo a pol\u00edcia, alegou que decidiu pousar no local porque a praia estava vazia.<\/p>\n<p>Na manh\u00e3 desta sexta-feira (27), a esposa do vereador postou em seu Instagram uma foto na praia de Bacutia, com a legenda: &#8220;Dias de paz&#8221;. <\/p>\n<p>A reportagem entrou em contato com o chefe de gabinete do vereador, que afirmou ainda n\u00e3o ter informa\u00e7\u00f5es suficientes sobre a situa\u00e7\u00e3o. &#8220;Foi tudo muito repentino, ainda estamos tentando entender e ver o que fazer. Estamos tratando diretamente com a fam\u00edlia do Bim, que estava viajando com ele. Estou no aguardo de novas informa\u00e7\u00f5es e, se preciso, irei para Guarapari&#8221;, disse. <\/p>\n<p><strong>V\u00eddeo:<\/strong><\/p>\n<p><iframe loading=\"lazy\" width=\"640\" height=\"360\" src=\"https:\/\/www.youtube.com\/embed\/pF8FXviyXuk\" frameborder=\"0\" allowfullscreen><\/iframe><br \/>\n<\/br><\/p>\n<p><strong>Esclarecimentos do delegado:<\/strong><\/p>\n<p><iframe loading=\"lazy\" width=\"640\" height=\"360\" src=\"https:\/\/www.youtube.com\/embed\/Z4wZt2GjrmA\" frameborder=\"0\" allowfullscreen><\/iframe><br \/>\n<\/br><\/p>\n<p><strong>VER PRIMEIRO<\/strong><\/p>\n<p><strong>Receba as not\u00edcias do Aconteceu no Vale em primeira m\u00e3o. Clique em curtir no endere\u00e7o <a href=\"https:\/\/www.facebook.com\/aconteceunovale\" target=\"_blank\"><font color=\"red\">www.facebook.com\/aconteceunovale<\/font><\/a> ou no box abaixo:<\/strong><\/p>\n<div class=\"fb-like\" data-href=\"https:\/\/www.facebook.com\/aconteceunovale\" data-width=\"120\" data-layout=\"standard\" data-action=\"like\" data-size=\"small\" data-show-faces=\"true\" data-share=\"true\"><\/div>\n<p><\/br><\/p>\n<p><em>(Fonte: Jornal O Tempo)<\/em><\/p>\n","protected":false},"excerpt":{"rendered":"<p>O vereador Rubens Gon\u00e7alves de Brito, o Bim da Ambul\u00e2ncia (PSDB), de Belo Horizonte, foi preso nesta sexta-feira (27\/1\/2017) em Guarapari, no Esp\u00edrito Santo, ap\u00f3s pousar seu helic\u00f3ptero na praia de Bacutia. Segundo a Pol\u00edcia Civil, o vereador pode pegar de tr\u00eas a seis anos e meio de pris\u00e3o por exp\u00f4r a vida e a [&hellip;]<\/p>\n","protected":false},"author":1,"featured_media":107734,"comment_status":"open","ping_status":"closed","sticky":false,"template":"","format":"standard","meta":{"amp_status":"","footnotes":""},"categories":[6,123],"tags":[137396,194,1017,137390,137392,1018,26931,137393,137394,137391,137389,137386,137384,137395,137399,137400,137388,137398,137387,137385,137397,137383],"class_list":["post-107733","post","type-post","status-publish","format-standard","has-post-thumbnail","hentry","category-br","category-gerais","tag-bacutia","tag-belo-horizonte","tag-bh","tag-bim-da-ambulancia","tag-bim-da-ambulancia-e-preso","tag-destaque","tag-guarapari","tag-helicoptero-em-guarapari","tag-helicoptero-em-praia-de-guarapari","tag-prisao-de-bim-da-ambulancia","tag-prisao-de-vereador-de-belo-horizonte","tag-prisao-de-vereador-de-bh-em-guarapari","tag-prisao-de-vereador-em-guarapari","tag-rubens-goncalves-de-brito","tag-vereador-belo-horizonte-e-preso-apos-pousar-helicoptero-em-praia-no-espirito-santo","tag-vereador-bim-da-ambulancia-e-preso-apos-pousar-helicoptero-em-praia-no-espirito-santo","tag-vereador-de-belo-horizonte-preso","tag-vereador-de-bh-e-preso-apos-pousar-helicoptero-em-praia-no-espirito-santo","tag-vereador-de-bh-preso","tag-vereador-de-bh-preso-em-guarapari","tag-vereador-mineiro-e-preso-apos-pousar-helicoptero-em-praia-no-espirito-santo","tag-vereador-preso-em-guarapari"],"yoast_head":"<!-- This site is optimized with the Yoast SEO plugin v28.3 - https:\/\/yoast.com\/product\/yoast-seo-wordpress\/ -->\n<title>Vereador mineiro \u00e9 preso ap\u00f3s pousar helic\u00f3ptero em praia no Esp\u00edrito Santo - Aconteceu no Vale<\/title>\n<meta name=\"robots\" content=\"index, follow, max-snippet:-1, max-image-preview:large, max-video-preview:-1\" \/>\n<link rel=\"canonical\" href=\"https:\/\/aconteceunovale.com.br\/portal\/?p=107733\" \/>\n<meta property=\"og:locale\" content=\"pt_BR\" \/>\n<meta property=\"og:type\" content=\"article\" \/>\n<meta property=\"og:title\" content=\"Vereador mineiro \u00e9 preso ap\u00f3s pousar helic\u00f3ptero em praia no Esp\u00edrito Santo - Aconteceu no Vale\" \/>\n<meta property=\"og:description\" content=\"O vereador Rubens Gon\u00e7alves de Brito, o Bim da Ambul\u00e2ncia (PSDB), de Belo Horizonte, foi preso nesta sexta-feira (27\/1\/2017) em Guarapari, no Esp\u00edrito Santo, ap\u00f3s pousar seu helic\u00f3ptero na praia de Bacutia. Segundo a Pol\u00edcia Civil, o vereador pode pegar de tr\u00eas a seis anos e meio de pris\u00e3o por exp\u00f4r a vida e a [&hellip;]\" \/>\n<meta property=\"og:url\" content=\"https:\/\/aconteceunovale.com.br\/portal\/?p=107733\" \/>\n<meta property=\"og:site_name\" content=\"Aconteceu no Vale\" \/>\n<meta property=\"article:publisher\" content=\"https:\/\/www.facebook.com\/aconteceunovale\/\" \/>\n<meta property=\"article:published_time\" content=\"2017-01-27T21:19:52+00:00\" \/>\n<meta property=\"article:modified_time\" content=\"2017-01-27T23:17:03+00:00\" \/>\n<meta property=\"og:image\" content=\"https:\/\/aconteceunovale.com.br\/portal\/wp-content\/uploads\/2017\/01\/vereador_praia.jpeg\" \/>\n\t<meta property=\"og:image:width\" content=\"653\" \/>\n\t<meta property=\"og:image:height\" content=\"412\" \/>\n\t<meta property=\"og:image:type\" content=\"image\/jpeg\" \/>\n<meta name=\"author\" content=\"Aconteceu no Vale\" \/>\n<meta name=\"twitter:card\" content=\"summary_large_image\" \/>\n<meta name=\"twitter:creator\" content=\"@noticiadosvales\" \/>\n<meta name=\"twitter:site\" content=\"@noticiadosvales\" \/>\n<meta name=\"twitter:label1\" content=\"Escrito por\" \/>\n\t<meta name=\"twitter:data1\" content=\"Aconteceu no Vale\" \/>\n\t<meta name=\"twitter:label2\" content=\"Est. tempo de leitura\" \/>\n\t<meta name=\"twitter:data2\" content=\"2 minutos\" \/>\n<script type=\"application\/ld+json\" class=\"yoast-schema-graph\">{\"@context\":\"https:\\\/\\\/schema.org\",\"@graph\":[{\"@type\":\"Article\",\"@id\":\"https:\\\/\\\/aconteceunovale.com.br\\\/portal\\\/?p=107733#article\",\"isPartOf\":{\"@id\":\"https:\\\/\\\/aconteceunovale.com.br\\\/portal\\\/?p=107733\"},\"author\":{\"name\":\"Aconteceu no Vale\",\"@id\":\"https:\\\/\\\/aconteceunovale.com.br\\\/portal\\\/#\\\/schema\\\/person\\\/633529146f2c94272bef50ac2953d589\"},\"headline\":\"Vereador mineiro \u00e9 preso ap\u00f3s pousar helic\u00f3ptero em praia no Esp\u00edrito Santo\",\"datePublished\":\"2017-01-27T21:19:52+00:00\",\"dateModified\":\"2017-01-27T23:17:03+00:00\",\"mainEntityOfPage\":{\"@id\":\"https:\\\/\\\/aconteceunovale.com.br\\\/portal\\\/?p=107733\"},\"wordCount\":360,\"commentCount\":0,\"image\":{\"@id\":\"https:\\\/\\\/aconteceunovale.com.br\\\/portal\\\/?p=107733#primaryimage\"},\"thumbnailUrl\":\"https:\\\/\\\/aconteceunovale.com.br\\\/portal\\\/wp-content\\\/uploads\\\/2017\\\/01\\\/vereador_praia.jpeg\",\"keywords\":[\"Bacutia\",\"Belo Horizonte\",\"bh\",\"Bim da Ambul\u00e2ncia\",\"Bim da Ambul\u00e2ncia \u00e9 preso\",\"destaque\",\"Guarapari\",\"Helic\u00f3ptero em Guarapari\",\"Helic\u00f3ptero em praia de Guarapari\",\"Pris\u00e3o de Bim da Ambul\u00e2ncia\",\"Pris\u00e3o de vereador de Belo Horizonte\",\"Pris\u00e3o de vereador de BH em Guarapari\",\"Pris\u00e3o de vereador em Guarapari\",\"Rubens Gon\u00e7alves de Brito\",\"Vereador Belo Horizonte \u00e9 preso ap\u00f3s pousar helic\u00f3ptero em praia no Esp\u00edrito Santo\",\"Vereador Bim da Ambul\u00e2ncia \u00e9 preso ap\u00f3s pousar helic\u00f3ptero em praia no Esp\u00edrito Santo\",\"Vereador de Belo Horizonte preso\",\"Vereador de BH \u00e9 preso ap\u00f3s pousar helic\u00f3ptero em praia no Esp\u00edrito Santo\",\"Vereador de BH Preso\",\"Vereador de BH preso em Guarapari\",\"Vereador mineiro \u00e9 preso ap\u00f3s pousar helic\u00f3ptero em praia no Esp\u00edrito Santo\",\"Vereador preso em Guarapari\"],\"articleSection\":[\"Brasil\",\"Minas Gerais\"],\"inLanguage\":\"pt-BR\",\"potentialAction\":[{\"@type\":\"CommentAction\",\"name\":\"Comment\",\"target\":[\"https:\\\/\\\/aconteceunovale.com.br\\\/portal\\\/?p=107733#respond\"]}]},{\"@type\":\"WebPage\",\"@id\":\"https:\\\/\\\/aconteceunovale.com.br\\\/portal\\\/?p=107733\",\"url\":\"https:\\\/\\\/aconteceunovale.com.br\\\/portal\\\/?p=107733\",\"name\":\"Vereador mineiro \u00e9 preso ap\u00f3s pousar helic\u00f3ptero em praia no Esp\u00edrito Santo - Aconteceu no Vale\",\"isPartOf\":{\"@id\":\"https:\\\/\\\/aconteceunovale.com.br\\\/portal\\\/#website\"},\"primaryImageOfPage\":{\"@id\":\"https:\\\/\\\/aconteceunovale.com.br\\\/portal\\\/?p=107733#primaryimage\"},\"image\":{\"@id\":\"https:\\\/\\\/aconteceunovale.com.br\\\/portal\\\/?p=107733#primaryimage\"},\"thumbnailUrl\":\"https:\\\/\\\/aconteceunovale.com.br\\\/portal\\\/wp-content\\\/uploads\\\/2017\\\/01\\\/vereador_praia.jpeg\",\"datePublished\":\"2017-01-27T21:19:52+00:00\",\"dateModified\":\"2017-01-27T23:17:03+00:00\",\"author\":{\"@id\":\"https:\\\/\\\/aconteceunovale.com.br\\\/portal\\\/#\\\/schema\\\/person\\\/633529146f2c94272bef50ac2953d589\"},\"breadcrumb\":{\"@id\":\"https:\\\/\\\/aconteceunovale.com.br\\\/portal\\\/?p=107733#breadcrumb\"},\"inLanguage\":\"pt-BR\",\"potentialAction\":[{\"@type\":\"ReadAction\",\"target\":[\"https:\\\/\\\/aconteceunovale.com.br\\\/portal\\\/?p=107733\"]}]},{\"@type\":\"ImageObject\",\"inLanguage\":\"pt-BR\",\"@id\":\"https:\\\/\\\/aconteceunovale.com.br\\\/portal\\\/?p=107733#primaryimage\",\"url\":\"https:\\\/\\\/aconteceunovale.com.br\\\/portal\\\/wp-content\\\/uploads\\\/2017\\\/01\\\/vereador_praia.jpeg\",\"contentUrl\":\"https:\\\/\\\/aconteceunovale.com.br\\\/portal\\\/wp-content\\\/uploads\\\/2017\\\/01\\\/vereador_praia.jpeg\",\"width\":653,\"height\":412},{\"@type\":\"BreadcrumbList\",\"@id\":\"https:\\\/\\\/aconteceunovale.com.br\\\/portal\\\/?p=107733#breadcrumb\",\"itemListElement\":[{\"@type\":\"ListItem\",\"position\":1,\"name\":\"In\u00edcio\",\"item\":\"https:\\\/\\\/aconteceunovale.com.br\\\/portal\\\/\"},{\"@type\":\"ListItem\",\"position\":2,\"name\":\"Vereador mineiro \u00e9 preso ap\u00f3s pousar helic\u00f3ptero em praia no Esp\u00edrito Santo\"}]},{\"@type\":\"WebSite\",\"@id\":\"https:\\\/\\\/aconteceunovale.com.br\\\/portal\\\/#website\",\"url\":\"https:\\\/\\\/aconteceunovale.com.br\\\/portal\\\/\",\"name\":\"Aconteceu no Vale\",\"description\":\"Portal de Not\u00edcias\",\"potentialAction\":[{\"@type\":\"SearchAction\",\"target\":{\"@type\":\"EntryPoint\",\"urlTemplate\":\"https:\\\/\\\/aconteceunovale.com.br\\\/portal\\\/?s={search_term_string}\"},\"query-input\":{\"@type\":\"PropertyValueSpecification\",\"valueRequired\":true,\"valueName\":\"search_term_string\"}}],\"inLanguage\":\"pt-BR\"},{\"@type\":\"Person\",\"@id\":\"https:\\\/\\\/aconteceunovale.com.br\\\/portal\\\/#\\\/schema\\\/person\\\/633529146f2c94272bef50ac2953d589\",\"name\":\"Aconteceu no Vale\",\"description\":\"Equipe de reportagem do Aconteceu no Vale, portal de not\u00edcias do Vale do Jequitinhonha, em Minas Gerais. Cobrimos as 51 cidades do Vale desde 2013. Sugest\u00f5es de pauta e pedidos de corre\u00e7\u00e3o: contato@aconteceunovale.com.br\",\"sameAs\":[\"http:\\\/\\\/www.aconteceunovale.com.br\"],\"url\":\"https:\\\/\\\/aconteceunovale.com.br\\\/portal\\\/?author=1\"}]}<\/script>\n<!-- \/ Yoast SEO plugin. -->","yoast_head_json":{"title":"Vereador mineiro \u00e9 preso ap\u00f3s pousar helic\u00f3ptero em praia no Esp\u00edrito Santo - Aconteceu no Vale","robots":{"index":"index","follow":"follow","max-snippet":"max-snippet:-1","max-image-preview":"max-image-preview:large","max-video-preview":"max-video-preview:-1"},"canonical":"https:\/\/aconteceunovale.com.br\/portal\/?p=107733","og_locale":"pt_BR","og_type":"article","og_title":"Vereador mineiro \u00e9 preso ap\u00f3s pousar helic\u00f3ptero em praia no Esp\u00edrito Santo - Aconteceu no Vale","og_description":"O vereador Rubens Gon\u00e7alves de Brito, o Bim da Ambul\u00e2ncia (PSDB), de Belo Horizonte, foi preso nesta sexta-feira (27\/1\/2017) em Guarapari, no Esp\u00edrito Santo, ap\u00f3s pousar seu helic\u00f3ptero na praia de Bacutia. Segundo a Pol\u00edcia Civil, o vereador pode pegar de tr\u00eas a seis anos e meio de pris\u00e3o por exp\u00f4r a vida e a [&hellip;]","og_url":"https:\/\/aconteceunovale.com.br\/portal\/?p=107733","og_site_name":"Aconteceu no Vale","article_publisher":"https:\/\/www.facebook.com\/aconteceunovale\/","article_published_time":"2017-01-27T21:19:52+00:00","article_modified_time":"2017-01-27T23:17:03+00:00","og_image":[{"width":653,"height":412,"url":"https:\/\/aconteceunovale.com.br\/portal\/wp-content\/uploads\/2017\/01\/vereador_praia.jpeg","type":"image\/jpeg"}],"author":"Aconteceu no Vale","twitter_card":"summary_large_image","twitter_creator":"@noticiadosvales","twitter_site":"@noticiadosvales","twitter_misc":{"Escrito por":"Aconteceu no Vale","Est. tempo de leitura":"2 minutos"},"schema":{"@context":"https:\/\/schema.org","@graph":[{"@type":"Article","@id":"https:\/\/aconteceunovale.com.br\/portal\/?p=107733#article","isPartOf":{"@id":"https:\/\/aconteceunovale.com.br\/portal\/?p=107733"},"author":{"name":"Aconteceu no Vale","@id":"https:\/\/aconteceunovale.com.br\/portal\/#\/schema\/person\/633529146f2c94272bef50ac2953d589"},"headline":"Vereador mineiro \u00e9 preso ap\u00f3s pousar helic\u00f3ptero em praia no Esp\u00edrito Santo","datePublished":"2017-01-27T21:19:52+00:00","dateModified":"2017-01-27T23:17:03+00:00","mainEntityOfPage":{"@id":"https:\/\/aconteceunovale.com.br\/portal\/?p=107733"},"wordCount":360,"commentCount":0,"image":{"@id":"https:\/\/aconteceunovale.com.br\/portal\/?p=107733#primaryimage"},"thumbnailUrl":"https:\/\/aconteceunovale.com.br\/portal\/wp-content\/uploads\/2017\/01\/vereador_praia.jpeg","keywords":["Bacutia","Belo Horizonte","bh","Bim da Ambul\u00e2ncia","Bim da Ambul\u00e2ncia \u00e9 preso","destaque","Guarapari","Helic\u00f3ptero em Guarapari","Helic\u00f3ptero em praia de Guarapari","Pris\u00e3o de Bim da Ambul\u00e2ncia","Pris\u00e3o de vereador de Belo Horizonte","Pris\u00e3o de vereador de BH em Guarapari","Pris\u00e3o de vereador em Guarapari","Rubens Gon\u00e7alves de Brito","Vereador Belo Horizonte \u00e9 preso ap\u00f3s pousar helic\u00f3ptero em praia no Esp\u00edrito Santo","Vereador Bim da Ambul\u00e2ncia \u00e9 preso ap\u00f3s pousar helic\u00f3ptero em praia no Esp\u00edrito Santo","Vereador de Belo Horizonte preso","Vereador de BH \u00e9 preso ap\u00f3s pousar helic\u00f3ptero em praia no Esp\u00edrito Santo","Vereador de BH Preso","Vereador de BH preso em Guarapari","Vereador mineiro \u00e9 preso ap\u00f3s pousar helic\u00f3ptero em praia no Esp\u00edrito Santo","Vereador preso em Guarapari"],"articleSection":["Brasil","Minas Gerais"],"inLanguage":"pt-BR","potentialAction":[{"@type":"CommentAction","name":"Comment","target":["https:\/\/aconteceunovale.com.br\/portal\/?p=107733#respond"]}]},{"@type":"WebPage","@id":"https:\/\/aconteceunovale.com.br\/portal\/?p=107733","url":"https:\/\/aconteceunovale.com.br\/portal\/?p=107733","name":"Vereador mineiro \u00e9 preso ap\u00f3s pousar helic\u00f3ptero em praia no Esp\u00edrito Santo - Aconteceu no Vale","isPartOf":{"@id":"https:\/\/aconteceunovale.com.br\/portal\/#website"},"primaryImageOfPage":{"@id":"https:\/\/aconteceunovale.com.br\/portal\/?p=107733#primaryimage"},"image":{"@id":"https:\/\/aconteceunovale.com.br\/portal\/?p=107733#primaryimage"},"thumbnailUrl":"https:\/\/aconteceunovale.com.br\/portal\/wp-content\/uploads\/2017\/01\/vereador_praia.jpeg","datePublished":"2017-01-27T21:19:52+00:00","dateModified":"2017-01-27T23:17:03+00:00","author":{"@id":"https:\/\/aconteceunovale.com.br\/portal\/#\/schema\/person\/633529146f2c94272bef50ac2953d589"},"breadcrumb":{"@id":"https:\/\/aconteceunovale.com.br\/portal\/?p=107733#breadcrumb"},"inLanguage":"pt-BR","potentialAction":[{"@type":"ReadAction","target":["https:\/\/aconteceunovale.com.br\/portal\/?p=107733"]}]},{"@type":"ImageObject","inLanguage":"pt-BR","@id":"https:\/\/aconteceunovale.com.br\/portal\/?p=107733#primaryimage","url":"https:\/\/aconteceunovale.com.br\/portal\/wp-content\/uploads\/2017\/01\/vereador_praia.jpeg","contentUrl":"https:\/\/aconteceunovale.com.br\/portal\/wp-content\/uploads\/2017\/01\/vereador_praia.jpeg","width":653,"height":412},{"@type":"BreadcrumbList","@id":"https:\/\/aconteceunovale.com.br\/portal\/?p=107733#breadcrumb","itemListElement":[{"@type":"ListItem","position":1,"name":"In\u00edcio","item":"https:\/\/aconteceunovale.com.br\/portal\/"},{"@type":"ListItem","position":2,"name":"Vereador mineiro \u00e9 preso ap\u00f3s pousar helic\u00f3ptero em praia no Esp\u00edrito Santo"}]},{"@type":"WebSite","@id":"https:\/\/aconteceunovale.com.br\/portal\/#website","url":"https:\/\/aconteceunovale.com.br\/portal\/","name":"Aconteceu no Vale","description":"Portal de Not\u00edcias","potentialAction":[{"@type":"SearchAction","target":{"@type":"EntryPoint","urlTemplate":"https:\/\/aconteceunovale.com.br\/portal\/?s={search_term_string}"},"query-input":{"@type":"PropertyValueSpecification","valueRequired":true,"valueName":"search_term_string"}}],"inLanguage":"pt-BR"},{"@type":"Person","@id":"https:\/\/aconteceunovale.com.br\/portal\/#\/schema\/person\/633529146f2c94272bef50ac2953d589","name":"Aconteceu no Vale","description":"Equipe de reportagem do Aconteceu no Vale, portal de not\u00edcias do Vale do Jequitinhonha, em Minas Gerais. Cobrimos as 51 cidades do Vale desde 2013. Sugest\u00f5es de pauta e pedidos de corre\u00e7\u00e3o: contato@aconteceunovale.com.br","sameAs":["http:\/\/www.aconteceunovale.com.br"],"url":"https:\/\/aconteceunovale.com.br\/portal\/?author=1"}]}},"_links":{"self":[{"href":"https:\/\/aconteceunovale.com.br\/portal\/index.php?rest_route=\/wp\/v2\/posts\/107733","targetHints":{"allow":["GET"]}}],"collection":[{"href":"https:\/\/aconteceunovale.com.br\/portal\/index.php?rest_route=\/wp\/v2\/posts"}],"about":[{"href":"https:\/\/aconteceunovale.com.br\/portal\/index.php?rest_route=\/wp\/v2\/types\/post"}],"author":[{"embeddable":true,"href":"https:\/\/aconteceunovale.com.br\/portal\/index.php?rest_route=\/wp\/v2\/users\/1"}],"replies":[{"embeddable":true,"href":"https:\/\/aconteceunovale.com.br\/portal\/index.php?rest_route=%2Fwp%2Fv2%2Fcomments&post=107733"}],"version-history":[{"count":0,"href":"https:\/\/aconteceunovale.com.br\/portal\/index.php?rest_route=\/wp\/v2\/posts\/107733\/revisions"}],"wp:featuredmedia":[{"embeddable":true,"href":"https:\/\/aconteceunovale.com.br\/portal\/index.php?rest_route=\/wp\/v2\/media\/107734"}],"wp:attachment":[{"href":"https:\/\/aconteceunovale.com.br\/portal\/index.php?rest_route=%2Fwp%2Fv2%2Fmedia&parent=107733"}],"wp:term":[{"taxonomy":"category","embeddable":true,"href":"https:\/\/aconteceunovale.com.br\/portal\/index.php?rest_route=%2Fwp%2Fv2%2Fcategories&post=107733"},{"taxonomy":"post_tag","embeddable":true,"href":"https:\/\/aconteceunovale.com.br\/portal\/index.php?rest_route=%2Fwp%2Fv2%2Ftags&post=107733"}],"curies":[{"name":"wp","href":"https:\/\/api.w.org\/{rel}","templated":true}]}}