{"id":107553,"date":"2017-01-24T08:34:36","date_gmt":"2017-01-24T10:34:36","guid":{"rendered":"http:\/\/aconteceunovale.com.br\/portal\/?p=107553"},"modified":"2017-01-24T08:34:36","modified_gmt":"2017-01-24T10:34:36","slug":"previsao-do-tempo-para-minas-gerais-nesta-terca-feira-24-de-janeiro","status":"publish","type":"post","link":"https:\/\/aconteceunovale.com.br\/portal\/?p=107553","title":{"rendered":"Previs\u00e3o do tempo para Minas Gerais, nesta ter\u00e7a-feira, 24 de janeiro"},"content":{"rendered":"<h4><strong><em>Temperaturas oscilam entre 18 e 28\u00b0C, com umidade do ar \u00e0 tarde em torno de 50% em BH.<\/em><\/strong><\/h4>\n<p>A instabilidade ganha for\u00e7a e deixa o c\u00e9u nublado com pancadas de chuva e descargas atmosf\u00e9ricas no Centro, Oeste, Noroeste, Tri\u00e2ngulo Mineiro, Alto Parana\u00edba, Sul, Campo das Vertentes e Zona da Mata.<\/p>\n<p>Nas demais regi\u00f5es mineiras, o tempo deve ficar parcialmente nublado. Na Regi\u00e3o Metropolitana de Belo Horizonte e capital, o c\u00e9u fica parcialmente nublado a nublado com pancadas de chuva e raios a partir da tarde. Temperaturas oscilam entre 18 e 28\u00b0C, com umidade do ar \u00e0 tarde em torno de 50% em BH.<\/p>\n<p><strong>VER PRIMEIRO<\/strong><\/p>\n<p><strong>Receba as not\u00edcias do Aconteceu no Vale em primeira m\u00e3o. Clique em curtir no endere\u00e7o <a href=\"https:\/\/www.facebook.com\/aconteceunovale\" target=\"_blank\"><font color=\"red\">www.facebook.com\/aconteceunovale<\/font><\/a> ou no box abaixo:<\/strong><\/p>\n<div class=\"fb-like\" data-href=\"https:\/\/www.facebook.com\/aconteceunovale\" data-width=\"120\" data-layout=\"standard\" data-action=\"like\" data-size=\"small\" data-show-faces=\"true\" data-share=\"true\"><\/div>\n<p><\/br><\/p>\n","protected":false},"excerpt":{"rendered":"<p>Temperaturas oscilam entre 18 e 28\u00b0C, com umidade do ar \u00e0 tarde em torno de 50% em BH. A instabilidade ganha for\u00e7a e deixa o c\u00e9u nublado com pancadas de chuva e descargas atmosf\u00e9ricas no Centro, Oeste, Noroeste, Tri\u00e2ngulo Mineiro, Alto Parana\u00edba, Sul, Campo das Vertentes e Zona da Mata. Nas demais regi\u00f5es mineiras, o [&hellip;]<\/p>\n","protected":false},"author":1,"featured_media":105059,"comment_status":"open","ping_status":"closed","sticky":false,"template":"","format":"standard","meta":{"amp_status":"","footnotes":""},"categories":[123],"tags":[137120,194,131,36891,1956,27340,137125,87017,137124,1839,137122,28255,137121,137123],"class_list":["post-107553","post","type-post","status-publish","format-standard","has-post-thumbnail","hentry","category-gerais","tag-24-de-janeiro","tag-belo-horizonte","tag-minas-gerais","tag-nesta-terca-feira","tag-previsao-do-tempo","tag-previsao-do-tempo-para-belo-horizonte","tag-previsao-do-tempo-para-belo-horizonte-24-de-janeiro","tag-previsao-do-tempo-para-belo-horizonte-nesta-terca-feira","tag-previsao-do-tempo-para-belo-horizonte-nesta-terca-feira-24-de-janeiro","tag-previsao-do-tempo-para-minas-gerais","tag-previsao-do-tempo-para-minas-gerais-24-de-janeiro","tag-previsao-do-tempo-para-minas-gerais-nesta-terca-feira","tag-previsao-do-tempo-para-minas-gerais-nesta-terca-feira-24-de-janeiro","tag-terca-feira-24-de-janeiro"],"_links":{"self":[{"href":"https:\/\/aconteceunovale.com.br\/portal\/index.php?rest_route=\/wp\/v2\/posts\/107553","targetHints":{"allow":["GET"]}}],"collection":[{"href":"https:\/\/aconteceunovale.com.br\/portal\/index.php?rest_route=\/wp\/v2\/posts"}],"about":[{"href":"https:\/\/aconteceunovale.com.br\/portal\/index.php?rest_route=\/wp\/v2\/types\/post"}],"author":[{"embeddable":true,"href":"https:\/\/aconteceunovale.com.br\/portal\/index.php?rest_route=\/wp\/v2\/users\/1"}],"replies":[{"embeddable":true,"href":"https:\/\/aconteceunovale.com.br\/portal\/index.php?rest_route=%2Fwp%2Fv2%2Fcomments&post=107553"}],"version-history":[{"count":0,"href":"https:\/\/aconteceunovale.com.br\/portal\/index.php?rest_route=\/wp\/v2\/posts\/107553\/revisions"}],"wp:featuredmedia":[{"embeddable":true,"href":"https:\/\/aconteceunovale.com.br\/portal\/index.php?rest_route=\/wp\/v2\/media\/105059"}],"wp:attachment":[{"href":"https:\/\/aconteceunovale.com.br\/portal\/index.php?rest_route=%2Fwp%2Fv2%2Fmedia&parent=107553"}],"wp:term":[{"taxonomy":"category","embeddable":true,"href":"https:\/\/aconteceunovale.com.br\/portal\/index.php?rest_route=%2Fwp%2Fv2%2Fcategories&post=107553"},{"taxonomy":"post_tag","embeddable":true,"href":"https:\/\/aconteceunovale.com.br\/portal\/index.php?rest_route=%2Fwp%2Fv2%2Ftags&post=107553"}],"curies":[{"name":"wp","href":"https:\/\/api.w.org\/{rel}","templated":true}]}}