{"id":107500,"date":"2017-01-23T20:12:17","date_gmt":"2017-01-23T22:12:17","guid":{"rendered":"http:\/\/aconteceunovale.com.br\/portal\/?p=107500"},"modified":"2017-01-23T20:12:17","modified_gmt":"2017-01-23T22:12:17","slug":"justica-decreta-sigilo-de-investigacoes-do-acidente-que-matou-teori-zavascki","status":"publish","type":"post","link":"https:\/\/aconteceunovale.com.br\/portal\/?p=107500","title":{"rendered":"Justi\u00e7a decreta sigilo de investiga\u00e7\u00f5es do acidente que matou Teori Zavascki"},"content":{"rendered":"<p>O juiz da 1\u00aa Vara Federal de Angra dos Reis, Raffaele Felice Pinto, decretou hoje (23\/1\/2017) o sigilo das investiga\u00e7\u00f5es sobre a queda do avi\u00e3o King Air C 90, que transportava o ministro do Supremo Tribunal Federal (STF) Teori Zavascki e outras quatro pessoas. <\/p>\n<p>A aeronave caiu no mar, a 2 quil\u00f4metros da Ilha Rasa, em Paraty, na \u00faltima quinta-feira (19), matando todos os ocupantes. A partir de amanh\u00e3 (24), o Minist\u00e9rio P\u00fablico Federal (MPF) e a Pol\u00edcia Federal come\u00e7am a ouvir testemunhas do acidente.<\/p>\n<p><strong>Gravador de voz<\/strong><\/p>\n<p>A Aeron\u00e1utica informou hoje que o gravador de voz do avi\u00e3o sofreu danos ao chocar-se com o mar, mas que o equipamento possui duas partes e que o aparelho \u00e9 altamente protegido.<\/p>\n<p>Em nota, a Aeron\u00e1utica informou que o gravador de voz chegou na manh\u00e3 de s\u00e1bado (21) a Bras\u00edlia para ser analisado em um laborat\u00f3rio do Centro de Investiga\u00e7\u00e3o e Preven\u00e7\u00e3o de Acidentes Aeron\u00e1uticos (Cenipa).<\/p>\n<p>O gravador, comumente conhecido como caixa-preta, sofreu danos devido ao contato com a \u00e1gua do mar. A partir deste momento, diz a nota, ser\u00e3o seguidos os seguintes passos: secagem do equipamento, verifica\u00e7\u00e3o da integridade dos dados, processo de degrava\u00e7\u00e3o e transcri\u00e7\u00e3o das conversas.<\/p>\n<p>O tempo de dura\u00e7\u00e3o de todo o processo depende das condi\u00e7\u00f5es do equipamento. \u201c\u00c9 importante esclarecer que o cockpit voice recorder (CVR) possui duas partes. A primeira \u00e9 o gravador em si, que armazena os dados. Essa parte \u00e9 altamente protegida. A segunda \u00e9 a chamada \u201cbase\u201d, que cont\u00e9m cabos e circuitos que fazem a liga\u00e7\u00e3o com o armazenamento de dados. \u00c9 essa segunda parte que est\u00e1 molhada e precisa ser recuperada\u201d.<\/p>\n<p><strong>VER PRIMEIRO<\/strong><\/p>\n<p><strong>Receba as not\u00edcias do Aconteceu no Vale em primeira m\u00e3o. Clique em curtir no endere\u00e7o <a href=\"https:\/\/www.facebook.com\/aconteceunovale\" target=\"_blank\"><font color=\"red\">www.facebook.com\/aconteceunovale<\/font><\/a> ou no box abaixo:<\/strong><\/p>\n<div class=\"fb-like\" data-href=\"https:\/\/www.facebook.com\/aconteceunovale\" data-width=\"120\" data-layout=\"standard\" data-action=\"like\" data-size=\"small\" data-show-faces=\"true\" data-share=\"true\"><\/div>\n<p><\/br><\/p>\n<p><em>(Fonte: Ag\u00eancia Brasil)<\/em><\/p>\n","protected":false},"excerpt":{"rendered":"<p>O juiz da 1\u00aa Vara Federal de Angra dos Reis, Raffaele Felice Pinto, decretou hoje (23\/1\/2017) o sigilo das investiga\u00e7\u00f5es sobre a queda do avi\u00e3o King Air C 90, que transportava o ministro do Supremo Tribunal Federal (STF) Teori Zavascki e outras quatro pessoas. A aeronave caiu no mar, a 2 quil\u00f4metros da Ilha Rasa, [&hellip;]<\/p>\n","protected":false},"author":1,"featured_media":82469,"comment_status":"open","ping_status":"closed","sticky":false,"template":"","format":"standard","meta":{"amp_status":"","footnotes":""},"categories":[6],"tags":[137014,136558,136550,136553,136548,136549,136554,58545,136555,136717,136714,136557,136715,137017,136720,136718,136719,136551,136546,136545,18095,136716,20915,63041,136552,136547,136559,136556,136544,137015,137016,28511,36643],"class_list":["post-107500","post","type-post","status-publish","format-standard","has-post-thumbnail","hentry","category-br","tag-1a-vara-federal-de-angra-dos-reis","tag-acidente-aereo-mata-ministro-teori-zavascki","tag-acidente-com-aviao-de-ministro-do-stf","tag-acidente-com-aviao-de-teori-zavascki","tag-acidente-com-aviao-do-ministro-do-supremo-tribunal-federal","tag-acidente-com-ministro-do-supremo-tribunal-federal","tag-acidente-com-teori-zavascki","tag-acidente-em-paraty","tag-acidente-teori","tag-carlos-alberto","tag-carlos-alberto-filgueiras","tag-francisco-zavascki","tag-hotel-emiliano","tag-justica-decreta-sigilo-de-investigacoes-do-acidente-que-matou-teori-zavascki","tag-laudo-constata-que-choque-com-queda-de-aviao-matou-teori-zavascki","tag-maira-panas","tag-maria-panas","tag-ministro-do-stf","tag-morre-o-ministro-teori-zavascki","tag-morte-de-teori-zavascki","tag-operacao-lava-jato","tag-osmar-rodrigues","tag-paraty","tag-queda-de-aviao","tag-queda-de-aviao-de-ministro-do-stf","tag-queda-de-aviao-do-ministro-do-supremo-tribunal-federal","tag-queda-de-aviao-em-paraty","tag-queda-de-aviao-teori","tag-queda-de-aviao-teori-zavascki","tag-raffaele-felice-pinto","tag-sigilo-das-investigacoes-sobre-a-queda-do-aviao-king-air-c-90","tag-stf","tag-teori-zavascki"],"_links":{"self":[{"href":"https:\/\/aconteceunovale.com.br\/portal\/index.php?rest_route=\/wp\/v2\/posts\/107500","targetHints":{"allow":["GET"]}}],"collection":[{"href":"https:\/\/aconteceunovale.com.br\/portal\/index.php?rest_route=\/wp\/v2\/posts"}],"about":[{"href":"https:\/\/aconteceunovale.com.br\/portal\/index.php?rest_route=\/wp\/v2\/types\/post"}],"author":[{"embeddable":true,"href":"https:\/\/aconteceunovale.com.br\/portal\/index.php?rest_route=\/wp\/v2\/users\/1"}],"replies":[{"embeddable":true,"href":"https:\/\/aconteceunovale.com.br\/portal\/index.php?rest_route=%2Fwp%2Fv2%2Fcomments&post=107500"}],"version-history":[{"count":0,"href":"https:\/\/aconteceunovale.com.br\/portal\/index.php?rest_route=\/wp\/v2\/posts\/107500\/revisions"}],"wp:featuredmedia":[{"embeddable":true,"href":"https:\/\/aconteceunovale.com.br\/portal\/index.php?rest_route=\/wp\/v2\/media\/82469"}],"wp:attachment":[{"href":"https:\/\/aconteceunovale.com.br\/portal\/index.php?rest_route=%2Fwp%2Fv2%2Fmedia&parent=107500"}],"wp:term":[{"taxonomy":"category","embeddable":true,"href":"https:\/\/aconteceunovale.com.br\/portal\/index.php?rest_route=%2Fwp%2Fv2%2Fcategories&post=107500"},{"taxonomy":"post_tag","embeddable":true,"href":"https:\/\/aconteceunovale.com.br\/portal\/index.php?rest_route=%2Fwp%2Fv2%2Ftags&post=107500"}],"curies":[{"name":"wp","href":"https:\/\/api.w.org\/{rel}","templated":true}]}}