{"id":107492,"date":"2017-01-23T19:53:12","date_gmt":"2017-01-23T21:53:12","guid":{"rendered":"http:\/\/aconteceunovale.com.br\/portal\/?p=107492"},"modified":"2017-01-23T19:53:12","modified_gmt":"2017-01-23T21:53:12","slug":"sao-paulo-confirma-tres-mortes-por-febre-amarela","status":"publish","type":"post","link":"https:\/\/aconteceunovale.com.br\/portal\/?p=107492","title":{"rendered":"S\u00e3o Paulo confirma tr\u00eas mortes por febre amarela"},"content":{"rendered":"<p>O estado de S\u00e3o Paulo confirmou, desde o in\u00edcio deste ano, tr\u00eas mortes por febre amarela, nas cidades de Am\u00e9rico Brasiliense, Batatais (ambos aut\u00f3ctones, adquiridas no pr\u00f3prio estado) e Santana do Parna\u00edba (caso importado, pois a v\u00edtima havia viajado para Minas Gerais). As informa\u00e7\u00f5es foram divulgadas hoje (23\/1\/2017) pela Secretaria Estadual da Sa\u00fade.<\/p>\n<p>Outras tr\u00eas mortes, que est\u00e3o sendo investigadas pela secretaria, de pessoas que voltaram de Minas Gerais com sintomas da doen\u00e7a, tamb\u00e9m podem ter ocorrido por febre amarela. Al\u00e9m desses \u00f3bitos, existem sete pacientes em todo o estado com suspeita de terem contra\u00eddo a febre amarela.<\/p>\n<p>No final do ano passado, um homem de 52 anos morreu em Ribeir\u00e3o Preto, no interior do estado, com diagn\u00f3stico confirmado de febre amarela. Ele ficou quatro dias internado e morreu no dia 26 de dezembro. O homem morava pr\u00f3ximo a uma regi\u00e3o de mata, onde vivem macacos hospedeiros do v\u00edrus. A suspeita \u00e9 que esp\u00e9cies silvestres do mosquito\u00a0<em>Aedes aegypti<\/em>, que transmite a doen\u00e7a, possam ter infectado a v\u00edtima.<\/p>\n<p>Em abril do ano passado, outra pessoa tamb\u00e9m teve a morte confirmada no munic\u00edpio de Bady Bassit, no interior paulista. O local de infec\u00e7\u00e3o dessa v\u00edtima foi uma \u00e1rea silvestre, chamada de Mata dos Macacos, no munic\u00edpio de S\u00e3o Jos\u00e9 do Rio Preto.<\/p>\n<p><strong>Vacina\u00e7\u00e3o<\/strong><\/p>\n<p>No Instituto Em\u00edlio Ribas, na capital paulista, hospital refer\u00eancia em infectologia, houve expressivo aumento da procura por vacinas contra febre amarela. No \u00faltimo s\u00e1bado (21), a imuniza\u00e7\u00e3o foi aplicada em 320 pessoas. A m\u00e9dia di\u00e1ria de vacina\u00e7\u00e3o registrada pelo hospital \u00e9 de 50 por dia, chegando a 150 em per\u00edodo de f\u00e9rias, quando as pessoas mais viajam.<\/p>\n<p>O infectologista e coordenador de Medicina de Viajantes do Em\u00edlio Ribas, Jess\u00e9 Alves Reis, n\u00e3o aconselha vacina\u00e7\u00e3o em pessoas que n\u00e3o v\u00e3o viajar para \u00e1reas de risco. \u201c\u00c9 importante que as pessoas entendam que, quem vive ou viaja para as \u00e1reas de risco deve se vacinar. As pessoas que est\u00e3o fora dessas regi\u00f5es n\u00e3o tem necessidade de correr para tomar vacina\u201d, afirmou.<\/p>\n<p><strong>Viajante para MG<\/strong><\/p>\n<p>Maria de F\u00e1tima Diniz Viana, 64 anos, vai viajar para a cidade de Governador Valadares, em Minas Gerais, e depois embarca para Portugal. Por precau\u00e7\u00e3o, ela vai tomar a vacina e pretende levar a certifica\u00e7\u00e3o de imuniza\u00e7\u00e3o para entrar na Europa. \u201cMeus familiares em Minas est\u00e3o apreensivos, tomaram a vacina porque a regi\u00e3o rural j\u00e1 est\u00e1 sendo atingida. Eu vou para a \u00e1rea urbana, mas vou tomar por precau\u00e7\u00e3o\u201d, disse.<\/p>\n<p>Graziela Porfilho, 28 anos, vai viajar para a \u00e1rea rural da cidade de Parais\u00f3polis, em Minas Gerais. \u201cMeu irm\u00e3o, que mora l\u00e1 h\u00e1 2 meses, disse que n\u00e3o tem surto na cidade, mas como acabamos indo para outras cidades, vai saber. Ele est\u00e1 l\u00e1 h\u00e1 2 meses e ainda n\u00e3o tomou a vacina.&#8221;<\/p>\n<p>A vacina est\u00e1 dispon\u00edvel na rede p\u00fablica e deve ser tomada 10 dias antes de viagens para as \u00e1reas de risco, que s\u00e3o basicamente \u00e1reas de floresta e zona rural. A vacina tem efeitos adversos e n\u00e3o pode ser tomada por pessoas com doen\u00e7as imunol\u00f3gicas, que est\u00e3o tomando rem\u00e9dios que possam afetar o sistema imune, gestantes, menores de 6 meses e idosos acima de 60 anos.<\/p>\n<p><strong>Modo silvestre<\/strong><\/p>\n<p>Desde 1942, n\u00e3o h\u00e1 registro de transmiss\u00e3o urbana de febre amarela no Brasil. O risco de uma volta da transmiss\u00e3o urbana \u00e9 te\u00f3rica, mas existe, disse Jess\u00e9. De acordo com ele, o pa\u00eds registrou ciclos silvestres de transmiss\u00e3o em 2003, 2008 e 2009.<\/p>\n<p>Em todo o pa\u00eds, de acordo com o Minist\u00e9rio da Sa\u00fade, os casos continuam concentrados em regi\u00e3o de mata silvestre. O \u00faltimo balan\u00e7o do minist\u00e9rio, de sexta-feira (20) aponta 272 casos suspeitos em Minas Gerias, 47 foram confirmados e 25 \u00f3bitos. No Esp\u00edrito Santo, s\u00e3o 11 casos suspeitos. O pr\u00f3ximo balan\u00e7o ser\u00e1 divulgado hoje (23) \u00e0 noite.<\/p>\n<p><strong>VER PRIMEIRO<\/strong><\/p>\n<p><strong>Receba as not\u00edcias do Aconteceu no Vale em primeira m\u00e3o. Clique em curtir no endere\u00e7o <a href=\"https:\/\/www.facebook.com\/aconteceunovale\" target=\"_blank\"><font color=\"red\">www.facebook.com\/aconteceunovale<\/font><\/a> ou no box abaixo:<\/strong><\/p>\n<div class=\"fb-like\" data-href=\"https:\/\/www.facebook.com\/aconteceunovale\" data-width=\"120\" data-layout=\"standard\" data-action=\"like\" data-size=\"small\" data-show-faces=\"true\" data-share=\"true\"><\/div>\n<p><\/br><\/p>\n<p><em>(Fonte: Ag\u00eancia Brasil)<\/em><\/p>\n","protected":false},"excerpt":{"rendered":"<p>O estado de S\u00e3o Paulo confirmou, desde o in\u00edcio deste ano, tr\u00eas mortes por febre amarela, nas cidades de Am\u00e9rico Brasiliense, Batatais (ambos aut\u00f3ctones, adquiridas no pr\u00f3prio estado) e Santana do Parna\u00edba (caso importado, pois a v\u00edtima havia viajado para Minas Gerais). As informa\u00e7\u00f5es foram divulgadas hoje (23\/1\/2017) pela Secretaria Estadual da Sa\u00fade. Outras tr\u00eas [&hellip;]<\/p>\n","protected":false},"author":1,"featured_media":107193,"comment_status":"open","ping_status":"closed","sticky":false,"template":"","format":"standard","meta":{"amp_status":"","footnotes":""},"categories":[6,121],"tags":[136985,91099,136979,136983,136990,47713,136977,136981,247,136989,136987,136988,33341,136978,136982,12264,9516,136986,2382,136991,19152,136980,136984],"class_list":["post-107492","post","type-post","status-publish","format-standard","has-post-thumbnail","hentry","category-br","category-leste","tag-americo-brasiliense","tag-batatais","tag-casos-de-febre-amarela-em-sao-paulo","tag-casos-de-febre-amarela-em-sp","tag-casos-suspeitos","tag-febre-amarela","tag-febre-amarela-em-sao-paulo","tag-febre-amarela-em-sp","tag-governador-valadares","tag-graziela-porfilho","tag-instituto-emilio-ribas","tag-maria-de-fatima-diniz-viana","tag-mortes","tag-mortes-por-febre-amarela-em-sao-paulo","tag-mortes-por-febre-amarela-em-sp","tag-paraisopolis","tag-ribeirao-preto","tag-santana-do-parnaiba","tag-sao-paulo","tag-sao-paulo-confirma-tres-mortes-por-febre-amarela","tag-saude","tag-vitimas-de-febre-amarela-em-sao-paulo","tag-vitimas-de-febre-amarela-em-sp"],"_links":{"self":[{"href":"https:\/\/aconteceunovale.com.br\/portal\/index.php?rest_route=\/wp\/v2\/posts\/107492","targetHints":{"allow":["GET"]}}],"collection":[{"href":"https:\/\/aconteceunovale.com.br\/portal\/index.php?rest_route=\/wp\/v2\/posts"}],"about":[{"href":"https:\/\/aconteceunovale.com.br\/portal\/index.php?rest_route=\/wp\/v2\/types\/post"}],"author":[{"embeddable":true,"href":"https:\/\/aconteceunovale.com.br\/portal\/index.php?rest_route=\/wp\/v2\/users\/1"}],"replies":[{"embeddable":true,"href":"https:\/\/aconteceunovale.com.br\/portal\/index.php?rest_route=%2Fwp%2Fv2%2Fcomments&post=107492"}],"version-history":[{"count":0,"href":"https:\/\/aconteceunovale.com.br\/portal\/index.php?rest_route=\/wp\/v2\/posts\/107492\/revisions"}],"wp:featuredmedia":[{"embeddable":true,"href":"https:\/\/aconteceunovale.com.br\/portal\/index.php?rest_route=\/wp\/v2\/media\/107193"}],"wp:attachment":[{"href":"https:\/\/aconteceunovale.com.br\/portal\/index.php?rest_route=%2Fwp%2Fv2%2Fmedia&parent=107492"}],"wp:term":[{"taxonomy":"category","embeddable":true,"href":"https:\/\/aconteceunovale.com.br\/portal\/index.php?rest_route=%2Fwp%2Fv2%2Fcategories&post=107492"},{"taxonomy":"post_tag","embeddable":true,"href":"https:\/\/aconteceunovale.com.br\/portal\/index.php?rest_route=%2Fwp%2Fv2%2Ftags&post=107492"}],"curies":[{"name":"wp","href":"https:\/\/api.w.org\/{rel}","templated":true}]}}