{"id":107488,"date":"2017-01-23T19:38:37","date_gmt":"2017-01-23T21:38:37","guid":{"rendered":"http:\/\/aconteceunovale.com.br\/portal\/?p=107488"},"modified":"2017-01-23T19:38:37","modified_gmt":"2017-01-23T21:38:37","slug":"justica-eleitoral-marca-eleicoes-suplementares-em-dois-municipios-mineiros","status":"publish","type":"post","link":"https:\/\/aconteceunovale.com.br\/portal\/?p=107488","title":{"rendered":"Justi\u00e7a Eleitoral marca elei\u00e7\u00f5es suplementares em dois munic\u00edpios mineiros"},"content":{"rendered":"<p>Na primeira sess\u00e3o de julgamentos do ano, o TRE marcou para o dia 12 de mar\u00e7o as elei\u00e7\u00f5es suplementares ou extempor\u00e2neas para prefeito e vice nos munic\u00edpios de Erv\u00e1lia, na Zona da Mata, e S\u00e3o Bento Abade, no Sul de Minas. As elei\u00e7\u00f5es foram marcadas ap\u00f3s aprova\u00e7\u00e3o pela Corte das Resolu\u00e7\u00f5es contendo o calend\u00e1rio e as demais instru\u00e7\u00f5es que v\u00e3o reger as elei\u00e7\u00f5es nos dois munic\u00edpios.<\/p>\n<p>As datas referentes ao Calend\u00e1rio Eleitoral s\u00e3o as mesmas para os dois munic\u00edpios. A partir do dia 1\u00ba de fevereiro at\u00e9 o dia 6 do mesmo m\u00eas, os \u00f3rg\u00e3os partid\u00e1rios poder\u00e3o se reunir em conven\u00e7\u00f5es para deliberar sobre a escolha dos candidatos. Ap\u00f3s a escolha em conven\u00e7\u00e3o, o candidato que ser\u00e1 registrado, caso ocupe cargo gerador de inelegibilidade, deve afastar-se no prazo de 24 horas. No dia 10 de fevereiro, \u00e0s 19h, ser\u00e1 encerrado o prazo para entrega dos pedidos de registros dos candidatos \u00e0 Justi\u00e7a Eleitoral. A partir do dia 11 de fevereiro, os candidatos podem iniciar a propaganda eleitoral, regulamentada pela Resolu\u00e7\u00e3o 23.457\/2015, que cuidou das regras relativas \u00e0 propaganda nas Elei\u00e7\u00f5es 2016, e pela Lei 9.504\/97.<\/p>\n<p>No dia 12 de mar\u00e7o, os eleitores dos dois munic\u00edpios, os mesmos que votaram nas Elei\u00e7\u00f5es 2016, voltam as urnas para escolher prefeito e vice. As elei\u00e7\u00f5es ser\u00e3o das 8h \u00e0s 17h, com as mesmas Mesas Receptoras de votos constitu\u00eddas para as elei\u00e7\u00f5es que aconteceram em outubro de 2016. A diploma\u00e7\u00e3o dos candidatos eleitos deve ocorrer at\u00e9 o dia 31 de mar\u00e7o.<\/p>\n<p>A partir do dia 10 de fevereiro at\u00e9 a proclama\u00e7\u00e3o dos candidatos eleitos, os cart\u00f3rios eleitorais dos dois munic\u00edpios funcionar\u00e3o das 12h \u00e0s 19h nos dias \u00fateis, e das 13h \u00e0s 19h aos s\u00e1bados, domingos e feriados.<\/p>\n<p>Em Erv\u00e1lia, o candidato a prefeito mais votado, Edson Rezende (Coliga\u00e7\u00e3o Rumo aos Novos Tempos \u2013 DEM\/PSD\/PMDB\/PTB\/PDT\/PP\/PRB) teve seu registro impugnado e indeferido por ter tido contas p\u00fablicas rejeitadas. O mesmo motivo foi o que levou \u00e0 impugna\u00e7\u00e3o e posterior indeferimento do registro de Janete Rezende Silva (Coliga\u00e7\u00e3o Renovar para Crescer \u2013 PRB\/PRTB\/PT\/PSDC\/PTdoB), candidata a prefeita mais votada em S\u00e3o Bento Abade. A inelegibilidade que baseou os dois casos \u00e9 a do artigo 1\u00ba, inciso I, al\u00ednea g, da Lei Complementar 64\/90.<\/p>\n<p>Enquanto n\u00e3o h\u00e1 candidatos eleitos nas novas elei\u00e7\u00f5es, os presidentes das C\u00e2maras de Vereadores dos munic\u00edpios \u00e9 que assumem o Executivo municipal.<\/p>\n<p><strong>VER PRIMEIRO<\/strong><\/p>\n<p><strong>Receba as not\u00edcias do Aconteceu no Vale em primeira m\u00e3o. Clique em curtir no endere\u00e7o <a href=\"https:\/\/www.facebook.com\/aconteceunovale\" target=\"_blank\"><font color=\"red\">www.facebook.com\/aconteceunovale<\/font><\/a> ou no box abaixo:<\/strong><\/p>\n<div class=\"fb-like\" data-href=\"https:\/\/www.facebook.com\/aconteceunovale\" data-width=\"120\" data-layout=\"standard\" data-action=\"like\" data-size=\"small\" data-show-faces=\"true\" data-share=\"true\"><\/div>\n<p><\/br><\/p>\n<p><em>(Fonte: TRE-MG)<\/em><em><\/p>\n","protected":false},"excerpt":{"rendered":"<p>Na primeira sess\u00e3o de julgamentos do ano, o TRE marcou para o dia 12 de mar\u00e7o as elei\u00e7\u00f5es suplementares ou extempor\u00e2neas para prefeito e vice nos munic\u00edpios de Erv\u00e1lia, na Zona da Mata, e S\u00e3o Bento Abade, no Sul de Minas. As elei\u00e7\u00f5es foram marcadas ap\u00f3s aprova\u00e7\u00e3o pela Corte das Resolu\u00e7\u00f5es contendo o calend\u00e1rio e [&hellip;]<\/p>\n","protected":false},"author":1,"featured_media":92935,"comment_status":"open","ping_status":"closed","sticky":false,"template":"","format":"standard","meta":{"amp_status":"","footnotes":""},"categories":[123,40240],"tags":[136968,136969,136967,136966,1500,136970,136971,1625],"class_list":["post-107488","post","type-post","status-publish","format-standard","has-post-thumbnail","hentry","category-gerais","category-politica-2","tag-eleicao-extemporanea-em-ervalia","tag-eleicao-extemporanea-em-sao-bento-abade","tag-eleicoes-extemporaneas-em-minas-gerais","tag-eleicoes-suplementares-em-minas-gerais","tag-ervalia","tag-justica-eleitoral-marca-eleicoes-suplementares-em-dois-municipios-de-minas-gerais","tag-justica-eleitoral-marca-eleicoes-suplementares-em-dois-municipios-mineiros","tag-sao-bento-abade"],"_links":{"self":[{"href":"https:\/\/aconteceunovale.com.br\/portal\/index.php?rest_route=\/wp\/v2\/posts\/107488","targetHints":{"allow":["GET"]}}],"collection":[{"href":"https:\/\/aconteceunovale.com.br\/portal\/index.php?rest_route=\/wp\/v2\/posts"}],"about":[{"href":"https:\/\/aconteceunovale.com.br\/portal\/index.php?rest_route=\/wp\/v2\/types\/post"}],"author":[{"embeddable":true,"href":"https:\/\/aconteceunovale.com.br\/portal\/index.php?rest_route=\/wp\/v2\/users\/1"}],"replies":[{"embeddable":true,"href":"https:\/\/aconteceunovale.com.br\/portal\/index.php?rest_route=%2Fwp%2Fv2%2Fcomments&post=107488"}],"version-history":[{"count":0,"href":"https:\/\/aconteceunovale.com.br\/portal\/index.php?rest_route=\/wp\/v2\/posts\/107488\/revisions"}],"wp:featuredmedia":[{"embeddable":true,"href":"https:\/\/aconteceunovale.com.br\/portal\/index.php?rest_route=\/wp\/v2\/media\/92935"}],"wp:attachment":[{"href":"https:\/\/aconteceunovale.com.br\/portal\/index.php?rest_route=%2Fwp%2Fv2%2Fmedia&parent=107488"}],"wp:term":[{"taxonomy":"category","embeddable":true,"href":"https:\/\/aconteceunovale.com.br\/portal\/index.php?rest_route=%2Fwp%2Fv2%2Fcategories&post=107488"},{"taxonomy":"post_tag","embeddable":true,"href":"https:\/\/aconteceunovale.com.br\/portal\/index.php?rest_route=%2Fwp%2Fv2%2Ftags&post=107488"}],"curies":[{"name":"wp","href":"https:\/\/api.w.org\/{rel}","templated":true}]}}