{"id":107484,"date":"2017-01-23T19:24:30","date_gmt":"2017-01-23T21:24:30","guid":{"rendered":"http:\/\/aconteceunovale.com.br\/portal\/?p=107484"},"modified":"2017-01-23T19:24:30","modified_gmt":"2017-01-23T21:24:30","slug":"prefeitura-de-itamarandiba-realiza-chamamento-publico-para-contratacao-de-profissionais-da-educacao-basica","status":"publish","type":"post","link":"https:\/\/aconteceunovale.com.br\/portal\/?p=107484","title":{"rendered":"Prefeitura de Itamarandiba realiza chamamento p\u00fablico para contrata\u00e7\u00e3o de profissionais da educa\u00e7\u00e3o b\u00e1sica"},"content":{"rendered":"<p>A Prefeitura de Itamarandiba, por meio da Secretaria Municipal de Educa\u00e7\u00e3o, torna p\u00fablico que nos dias 25 e 26 de janeiro de 2017 (quarta e quinta-feira) ser\u00e1 realizado o chamamento p\u00fablico para contrata\u00e7\u00e3o\/designa\u00e7\u00e3o de profissionais da educa\u00e7\u00e3o b\u00e1sica I, II, III. <\/p>\n<p>O Edital est\u00e1 dispon\u00edvel para visualiza\u00e7\u00e3o, bem como impress\u00e3o no link: <a href=\"https:\/\/drive.google.com\/file\/d\/0B0L9AtE3Ykq4aWVTdGRuMHBUb2s\/view\" target=\"_blank\">https:\/\/drive.google.com\/file\/d\/0B0L9AtE3Ykq4aWVTdGRuMHBUb2s\/view<\/a><\/p>\n<p><strong>Chamamento p\u00fablico &#8211; Contrata\u00e7\u00e3o\/designa\u00e7\u00e3o de profissionais da Educa\u00e7\u00e3o B\u00e1sica I, II, III:<\/strong><\/p>\n<p>Local: Secretaria Municipal de Educa\u00e7\u00e3o (Rua Tiradentes, N\u00ba 169, centro)<\/p>\n<p>Per\u00edodo de Sele\u00e7\u00e3o (sess\u00e3o p\u00fablica de sele\u00e7\u00e3o):<br \/>\nDia: 25 de Janeiro de 2017<br \/>\n&#8211; Hor\u00e1rio: 14:00 horas: Professor da Educa\u00e7\u00e3o B\u00e1sica I \u2013 Educa\u00e7\u00e3o Infantil <\/p>\n<p>Dia: 26 de Janeiro de 2017<br \/>\n&#8211; Hor\u00e1rio: 08:30 horas: Professor da Educa\u00e7\u00e3o B\u00e1sica II \u2013 Anos Iniciais do Ensino Fundamental<\/p>\n<p>Dia: 26 de Janeiro de 2017<br \/>\n&#8211; Professor da Educa\u00e7\u00e3o B\u00e1sica III \u2013 Anos Finais do Ensino Fundamental e EJA \u2013 Educa\u00e7\u00e3o de Jovens e Adultos: 14:00 \u2013 l\u00edngua Portuguesa; 14:30 \u2013 Matem\u00e1tica; 15:00 \u2013 Ci\u00eancias; 15:20 \u2013 Hist\u00f3ria; 15:40 \u2013 Arte; 16:00 \u2013 Educa\u00e7\u00e3o F\u00edsica; 16:20 \u2013 L\u00edngua Inglesa; 16:40 \u2013 Ensino Religioso; 17:00 \u2013 Geografia<\/p>\n<p><strong>VER PRIMEIRO<\/strong><\/p>\n<p><strong>Receba as not\u00edcias do Aconteceu no Vale em primeira m\u00e3o. Clique em curtir no endere\u00e7o <a href=\"https:\/\/www.facebook.com\/aconteceunovale\" target=\"_blank\"><font color=\"red\">www.facebook.com\/aconteceunovale<\/font><\/a> ou no box abaixo:<\/strong><\/p>\n<div class=\"fb-like\" data-href=\"https:\/\/www.facebook.com\/aconteceunovale\" data-width=\"120\" data-layout=\"standard\" data-action=\"like\" data-size=\"small\" data-show-faces=\"true\" data-share=\"true\"><\/div>\n<p><\/br><\/p>\n<p><em>(Ascom Prefeitura de Itamarandiba)<\/em><\/p>\n","protected":false},"excerpt":{"rendered":"<p>A Prefeitura de Itamarandiba, por meio da Secretaria Municipal de Educa\u00e7\u00e3o, torna p\u00fablico que nos dias 25 e 26 de janeiro de 2017 (quarta e quinta-feira) ser\u00e1 realizado o chamamento p\u00fablico para contrata\u00e7\u00e3o\/designa\u00e7\u00e3o de profissionais da educa\u00e7\u00e3o b\u00e1sica I, II, III. O Edital est\u00e1 dispon\u00edvel para visualiza\u00e7\u00e3o, bem como impress\u00e3o no link: https:\/\/drive.google.com\/file\/d\/0B0L9AtE3Ykq4aWVTdGRuMHBUb2s\/view Chamamento p\u00fablico [&hellip;]<\/p>\n","protected":false},"author":1,"featured_media":107486,"comment_status":"open","ping_status":"closed","sticky":false,"template":"","format":"standard","meta":{"amp_status":"","footnotes":""},"categories":[40238,120],"tags":[77204,136964,136962,136965,68996,136960,77205,136961,136963,77206],"class_list":["post-107484","post","type-post","status-publish","format-standard","has-post-thumbnail","hentry","category-educacao-2","category-jequi","tag-emprego-na-prefeitura-de-itamarandiba","tag-emprego-para-professor-em-itamarandiba","tag-oportunidade-na-prefeitura-de-itamarandiba","tag-oportunidade-para-professor-em-itamarandiba","tag-prefeitura-de-itamarandiba","tag-prefeitura-de-itamarandiba-realiza-chamamento-publico-para-contratacao-de-profissionais-da-educacao-basica","tag-trabalho-na-prefeitura-de-itamarandiba","tag-vaga-de-emprego-na-prefeitura-de-itamarandiba","tag-vaga-para-professor-em-itamarandiba","tag-vagas-na-prefeitura-de-itamarandiba"],"_links":{"self":[{"href":"https:\/\/aconteceunovale.com.br\/portal\/index.php?rest_route=\/wp\/v2\/posts\/107484","targetHints":{"allow":["GET"]}}],"collection":[{"href":"https:\/\/aconteceunovale.com.br\/portal\/index.php?rest_route=\/wp\/v2\/posts"}],"about":[{"href":"https:\/\/aconteceunovale.com.br\/portal\/index.php?rest_route=\/wp\/v2\/types\/post"}],"author":[{"embeddable":true,"href":"https:\/\/aconteceunovale.com.br\/portal\/index.php?rest_route=\/wp\/v2\/users\/1"}],"replies":[{"embeddable":true,"href":"https:\/\/aconteceunovale.com.br\/portal\/index.php?rest_route=%2Fwp%2Fv2%2Fcomments&post=107484"}],"version-history":[{"count":0,"href":"https:\/\/aconteceunovale.com.br\/portal\/index.php?rest_route=\/wp\/v2\/posts\/107484\/revisions"}],"wp:featuredmedia":[{"embeddable":true,"href":"https:\/\/aconteceunovale.com.br\/portal\/index.php?rest_route=\/wp\/v2\/media\/107486"}],"wp:attachment":[{"href":"https:\/\/aconteceunovale.com.br\/portal\/index.php?rest_route=%2Fwp%2Fv2%2Fmedia&parent=107484"}],"wp:term":[{"taxonomy":"category","embeddable":true,"href":"https:\/\/aconteceunovale.com.br\/portal\/index.php?rest_route=%2Fwp%2Fv2%2Fcategories&post=107484"},{"taxonomy":"post_tag","embeddable":true,"href":"https:\/\/aconteceunovale.com.br\/portal\/index.php?rest_route=%2Fwp%2Fv2%2Ftags&post=107484"}],"curies":[{"name":"wp","href":"https:\/\/api.w.org\/{rel}","templated":true}]}}