{"id":107481,"date":"2017-01-23T19:15:50","date_gmt":"2017-01-23T21:15:50","guid":{"rendered":"http:\/\/aconteceunovale.com.br\/portal\/?p=107481"},"modified":"2017-01-23T19:15:50","modified_gmt":"2017-01-23T21:15:50","slug":"itamarandiba-confirma-carnaval-2017","status":"publish","type":"post","link":"https:\/\/aconteceunovale.com.br\/portal\/?p=107481","title":{"rendered":"Itamarandiba confirma carnaval 2017"},"content":{"rendered":"<p>Com o objetivo de manter viva as tradi\u00e7\u00f5es culturais do munic\u00edpio, a Prefeitura de Itamarandiba, atrav\u00e9s da Secretaria Municipal de Esportes, Lazer, Cultura e Turismo, decidiu e confirmou, na \u00faltima semana, que o tradicional carnaval itamarandibano ser\u00e1 realizado entre os dias 24 e 28 de fevereiro de 2017.<\/p>\n<p>Apesar das dificuldades financeiras, pelas quais passam as municipalidades brasileiras, o Secret\u00e1rio Walber Miranda, respons\u00e1vel pela pasta cultural, assegurou que a Equipe de Governo montar\u00e1 uma for\u00e7a tarefa, na qual n\u00e3o ser\u00e3o poupados esfor\u00e7os, para que itamarandibanos e visitantes tenham 05 dias de muita divers\u00e3o. \u201cQueremos fazer uma festa de qualidade, por\u00e9m com custos reduzidos para os cofres do munic\u00edpio. Para isso, estamos tra\u00e7ando estrat\u00e9gias e buscando apoio junto ao com\u00e9rcio local. \u00c9 com determina\u00e7\u00e3o e ajuda que vamos fazer o resgate cultural e manter a tradi\u00e7\u00e3o da festa do momo em Itamarandiba.\u201d, explicou Miranda.<\/p>\n<p>De acordo com o Secret\u00e1rio, as bandas que se apresentar\u00e3o nas noites e matin\u00eas, ainda, n\u00e3o foram definidas; entretanto ele confirmou que os blocos S\u00f3 K\u2019minha Dentro, Me Deu Onda, Esquenta e Alcoologia j\u00e1 est\u00e3o confirmados no Itafolia 2017. \u201cDevido a situa\u00e7\u00e3o financeira do Munic\u00edpio, as bandas que abrilhantar\u00e3o nosso Carnaval, ainda, n\u00e3o foram escolhidas; isso ser\u00e1 feito de maneira respons\u00e1vel e cautelosa. Por outro lado, quatro blocos de rua, grandes protagonistas de nossa festa, j\u00e1 confirmaram presen\u00e7a.\u201d, argumentou o Secret\u00e1rio.<\/p>\n<p>Esse ano os blocos ter\u00e3o uma novidade e incentivo a mais para fazerem bonito pelas Ruas centen\u00e1rias de Itamarandiba. Visto que, o 1\u00ba colocado, al\u00e9m de receber uma quantia em dinheiro, ter\u00e1, tamb\u00e9m, como premia\u00e7\u00e3o um passeio ecol\u00f3gico, para 40 pessoas, no Parque Estadual da Serra Negra com transporte, almo\u00e7o e guia incluso. Mais informa\u00e7\u00f5es na Secretaria Municipal de Esportes, Lazer, Cultura e Turismo; situada \u00e0 Avenida Jequitinhonha, 298, 2\u00ba Andar (im\u00f3vel P\u00f3lo UAB) ou pelo telefone (38) 3521-1381.<\/p>\n<h4><strong>Cidades sem folia em 2017<\/strong><\/h4>\n<p>Os munic\u00edpios de Ouro Branco, na regi\u00e3o Central, Patos de Minas, no Alto Parana\u00edba, Nova Lima, na Regi\u00e3o Metropolitana de Belo Horizonte, e Uberl\u00e2ndia, no Tri\u00e2ngulo Mineiro, n\u00e3o v\u00e3o realizar as festividades de carnaval neste ano. As prefeituras das quatro cidades alegam que passam por dificuldades financeiras e que preferem investir o dinheiro da folia em \u00e1reas priorit\u00e1rias.<\/p>\n<p>J\u00e1 no Sul de Minas, pelo menos duas cidades cancelaram o Carnaval. As administra\u00e7\u00f5es das cidades de Passos e Pouso Alegre decidiram n\u00e3o realizar a folia neste ano pelo mesmo motivo: falta de dinheiro em caixa. O que as duas cidades planejam \u00e9 juntar recursos para que consigam fazer o Carnaval em 2018.<\/p>\n<p><strong>VER PRIMEIRO<\/strong><\/p>\n<p><strong>Receba as not\u00edcias do Aconteceu no Vale em primeira m\u00e3o. Clique em curtir no endere\u00e7o <a href=\"https:\/\/www.facebook.com\/aconteceunovale\" target=\"_blank\"><font color=\"red\">www.facebook.com\/aconteceunovale<\/font><\/a> ou no box abaixo:<\/strong><\/p>\n<div class=\"fb-like\" data-href=\"https:\/\/www.facebook.com\/aconteceunovale\" data-width=\"120\" data-layout=\"standard\" data-action=\"like\" data-size=\"small\" data-show-faces=\"true\" data-share=\"true\"><\/div>\n<p><\/br><\/p>\n<p><em>(Com Ascom da Prefeitura de Itamarandiba e O Tempo)<\/em><\/p>\n","protected":false},"excerpt":{"rendered":"<p>Com o objetivo de manter viva as tradi\u00e7\u00f5es culturais do munic\u00edpio, a Prefeitura de Itamarandiba, atrav\u00e9s da Secretaria Municipal de Esportes, Lazer, Cultura e Turismo, decidiu e confirmou, na \u00faltima semana, que o tradicional carnaval itamarandibano ser\u00e1 realizado entre os dias 24 e 28 de fevereiro de 2017. Apesar das dificuldades financeiras, pelas quais passam [&hellip;]<\/p>\n","protected":false},"author":1,"featured_media":107482,"comment_status":"open","ping_status":"closed","sticky":false,"template":"","format":"standard","meta":{"amp_status":"","footnotes":""},"categories":[125,120],"tags":[1543,136713,135651,136453,136038,136039,136955,135652,136035,136448,136036,136450,136032,136031,76464,32266,136034,136447,3651,135647,136451,5188,135648,136030,136037,136956,30518,136712,136449,136452,196,136028,136029,72613,136710,72611,135650,135644,136958,136957,149,136959,136454,136711,136033,1496,1529,211,213,135645,135643,214,135649,254,216,135646,68996,221],"class_list":["post-107481","post","type-post","status-publish","format-standard","has-post-thumbnail","hentry","category-noticias","category-jequi","tag-camanducaia","tag-cancelamento-do-carnaval-de-nova-lima","tag-carnaval-2017","tag-carnaval-2017-de-uberlandia","tag-carnaval-2017-em-camanducaia","tag-carnaval-2017-em-caxambu","tag-carnaval-2017-em-itamarandiba","tag-carnaval-2017-em-minas-gerais","tag-carnaval-2017-em-nova-lima","tag-carnaval-2017-em-ouro-branco","tag-carnaval-2017-em-ouro-preto","tag-carnaval-2017-em-patos-de-minas","tag-carnaval-2017-em-pirapora","tag-carnaval-2017-em-uberlandia","tag-carnaval-de-caxambu","tag-carnaval-de-itamarandiba","tag-carnaval-de-nova-lima","tag-carnaval-de-ouro-branco","tag-carnaval-de-ouro-preto","tag-carnaval-de-passos","tag-carnaval-de-patos-de-minas","tag-carnaval-de-pirapora","tag-carnaval-de-pouso-alegre","tag-carnaval-de-uberlandia","tag-carnaval-em-camanducaia","tag-carnaval-em-itamarandiba","tag-carnaval-em-minas-gerais","tag-carnaval-em-nova-lima","tag-carnaval-em-patos-de-minas","tag-carnaval-em-uberlandia","tag-caxambu","tag-cidades-mineiras-cancelam-ou-reduzem-investimento-no-carnaval","tag-crise-economica-e-a-mudanca-de-prefeitos-na-maioria-dos-municipios-de-minas-farao-do-carnaval-deste-ano-uma-festa-mais-enxuta","tag-crise-em-minas-gerais","tag-crise-financeira-cancela-carnaval-2017-em-mais-uma-cidade-mineira","tag-crise-financeira-em-minas-gerais","tag-duas-cidades-mineiras-cancelam-carnaval-em-2017-por-causa-da-crise-financeira","tag-duas-cidades-mineiras-cancelam-carnaval-em-2017-por-falta-de-dinheiro","tag-itafolia","tag-itafolia-2017","tag-itamarandiba","tag-itamarandiba-confirma-carnaval-2017","tag-mais-tres-municipios-de-minas-gerais-cancelam-o-carnaval-por-falta-de-dinheiro","tag-mais-um-municipio-mineiro-cancela-o-carnaval-por-causa-da-crise-financeira","tag-marcella-machado-ribas","tag-nova-lima","tag-ouro-branco","tag-ouro-preto","tag-passos","tag-passos-cancela-carnaval-em-2017-por-falta-de-dinheiro","tag-passos-e-pouso-alegre-cancelam-carnaval-em-2017-por-falta-de-dinheiro","tag-patos-de-minas","tag-pelo-menos-duas-cidades-do-sul-de-minas-cancelaram-o-carnaval-de-2017-por-causa-da-crise-financeira","tag-pirapora","tag-pouso-alegre","tag-pouso-alegre-cancela-carnaval-em-2017-por-falta-de-dinheiro","tag-prefeitura-de-itamarandiba","tag-uberlandia"],"_links":{"self":[{"href":"https:\/\/aconteceunovale.com.br\/portal\/index.php?rest_route=\/wp\/v2\/posts\/107481","targetHints":{"allow":["GET"]}}],"collection":[{"href":"https:\/\/aconteceunovale.com.br\/portal\/index.php?rest_route=\/wp\/v2\/posts"}],"about":[{"href":"https:\/\/aconteceunovale.com.br\/portal\/index.php?rest_route=\/wp\/v2\/types\/post"}],"author":[{"embeddable":true,"href":"https:\/\/aconteceunovale.com.br\/portal\/index.php?rest_route=\/wp\/v2\/users\/1"}],"replies":[{"embeddable":true,"href":"https:\/\/aconteceunovale.com.br\/portal\/index.php?rest_route=%2Fwp%2Fv2%2Fcomments&post=107481"}],"version-history":[{"count":0,"href":"https:\/\/aconteceunovale.com.br\/portal\/index.php?rest_route=\/wp\/v2\/posts\/107481\/revisions"}],"wp:featuredmedia":[{"embeddable":true,"href":"https:\/\/aconteceunovale.com.br\/portal\/index.php?rest_route=\/wp\/v2\/media\/107482"}],"wp:attachment":[{"href":"https:\/\/aconteceunovale.com.br\/portal\/index.php?rest_route=%2Fwp%2Fv2%2Fmedia&parent=107481"}],"wp:term":[{"taxonomy":"category","embeddable":true,"href":"https:\/\/aconteceunovale.com.br\/portal\/index.php?rest_route=%2Fwp%2Fv2%2Fcategories&post=107481"},{"taxonomy":"post_tag","embeddable":true,"href":"https:\/\/aconteceunovale.com.br\/portal\/index.php?rest_route=%2Fwp%2Fv2%2Ftags&post=107481"}],"curies":[{"name":"wp","href":"https:\/\/api.w.org\/{rel}","templated":true}]}}