{"id":107479,"date":"2017-01-23T19:02:45","date_gmt":"2017-01-23T21:02:45","guid":{"rendered":"http:\/\/aconteceunovale.com.br\/portal\/?p=107479"},"modified":"2017-01-23T19:02:45","modified_gmt":"2017-01-23T21:02:45","slug":"hemominas-registra-baixo-estoque-de-sangue-e-convoca-doadores","status":"publish","type":"post","link":"https:\/\/aconteceunovale.com.br\/portal\/?p=107479","title":{"rendered":"Hemominas registra baixo estoque de sangue e convoca doadores"},"content":{"rendered":"<p>Os doadores de sangue, fidelizados ou n\u00e3o, s\u00e3o ainda mais importantes, neste momento, para ajudar a regi\u00e3o de Governador Valadares, no Territ\u00f3rio Vale do Rio Doce, no Leste de Minas Gerais. A\u00a0Funda\u00e7\u00e3o Hemominas\u00a0informa que foi registrada queda de mais de 50% no estoque dos grupos sangu\u00edneos nos bancos de sangue no hemocentro da regi\u00e3o.<\/p>\n<p>As baixas, que atingem todos os tipos sangu\u00edneos, s\u00e3o mais expressivas no estoque de sangue &#8216;O&#8217; negativo (- 33,66%) e positivo (- 6,79%), &#8216;A&#8217; negativo (- 19,31%), &#8216;B&#8217; negativo (- 13,75%) e &#8216;AB&#8217; negativo (- 32,65%). Al\u00e9m do per\u00edodo de f\u00e9rias e baixas de comparecimento, a Funda\u00e7\u00e3o Hemominas aponta a aus\u00eancia ainda maior de doadores por conta do surto de febre amarela na regi\u00e3o.<\/p>\n<p>Neste momento, segundo o diretor t\u00e9cnico cient\u00edfico da Funda\u00e7\u00e3o Hemominas, Fernando Basques, duas a\u00e7\u00f5es s\u00e3o trabalhadas especificamente. A primeira, para fortalecer a capta\u00e7\u00e3o em unidades da Hemominas que n\u00e3o t\u00eam surto de febre amarela. A ideia, segundo Basques, \u00e9 que &#8220;essas unidades aumentem a capta\u00e7\u00e3o, de forma a atender \u00e0 demanda que surge nas regi\u00f5es Nordeste e Leste do estado, e tamb\u00e9m parte do Sul, que est\u00e3o entre os principais focos&#8221;, observa.<\/p>\n<p>Outro ponto, j\u00e1 direcionado\u00a0\u00e0 popula\u00e7\u00e3o de Valadares e regi\u00e3o, \u00e9 garantir que os doadores locais realizem suas doa\u00e7\u00f5es antes de tomarem a vacina contra a febre amarela. &#8220;\u00c9 sempre importante que as pessoas, principalmente da regi\u00e3o do surto, se vacinem. Mas, antes de se vacinarem, \u00e9 preciso que compare\u00e7am a uma unidade e fa\u00e7am sua doa\u00e7\u00e3o. Isto porque, ap\u00f3s vacinadas, as pessoas ficam sem poder doar sangue por quatro semanas&#8221;, explica Basques.<\/p>\n<p><strong>Plano Rel\u00f3gio<\/strong><\/p>\n<p>O estoque vem diminuindo em todo o estado, e \u00e9 necess\u00e1rio que a situa\u00e7\u00e3o seja normalizada para que a Hemominas possa manter o n\u00famero estrat\u00e9gico de bolsas de sangue em Minas Gerais e, assim, atender \u00e0 demanda de pacientes.<\/p>\n<p>Para ampliar a coleta de sangue em momentos de crise ou eventos de grande porte, a Funda\u00e7\u00e3o Hemominas recorre ao &#8220;Plano Rel\u00f3gio&#8221;. Ativada\u00a0em 2017, em fun\u00e7\u00e3o do surto de febre amarela, a a\u00e7\u00e3o busca aumentar o estoque estrat\u00e9gico da funda\u00e7\u00e3o em 20%.<\/p>\n<p>Como o sangue \u00e9 perec\u00edvel e deve ser continuamente coletado para composi\u00e7\u00e3o de estoques dispon\u00edveis, o Plano Rel\u00f3gio organiza as unidades em grupos com metas estabelecidas por per\u00edodos determinados. Vale lembrar que as plaquetas, por exemplo, s\u00e3o v\u00e1lidas para transfus\u00e3o em at\u00e9 cinco dias ap\u00f3s a coleta do sangue. J\u00e1 as hem\u00e1cias (parte vermelha do sangue), podem ser usadas no prazo de at\u00e9 42 dias ap\u00f3s a coleta.<\/p>\n<p>&#8220;Estamos na primeira parte, para conseguir a coleta e um grande estoque. As a\u00e7\u00f5es v\u00e3o caminhando de forma que cada regi\u00e3o do estado consiga, durante mais tempo, fornecer para as unidades&#8221;, aponta o diretor t\u00e9cnico Fernando Basques. Com a intensifica\u00e7\u00e3o regional e por um prazo determinado, lembra Basques, a popula\u00e7\u00e3o doadora volunt\u00e1ria pode participar sem esgotar a capacidade de oferta de sangue de um s\u00f3 munic\u00edpio.<\/p>\n<p>O Plano Rel\u00f3gio j\u00e1 foi testado, com sucesso, em Minas Gerais, durante a Copa das Confedera\u00e7\u00f5es (2013) e Copa do Mundo (2014).<\/p>\n<p><strong>Contrata\u00e7\u00e3o<\/strong><\/p>\n<p>A Funda\u00e7\u00e3o Hemominas abre, nesta ter\u00e7a (24\/1) e quarta-feira (25\/1), das 9h \u00e0s 16h30, chamamento p\u00fablico para contrata\u00e7\u00e3o tempor\u00e1ria e imediata de profissionais, justamente em virtude da Situa\u00e7\u00e3o Emergencial gerada pelo surto de febre amarela.<\/p>\n<p>Somente neste per\u00edodo, a institui\u00e7\u00e3o receber\u00e1 curr\u00edculos dos profissionais\u00a0na plataforma Hemocurr\u00edculo, dispon\u00edvel no site\u00a0<a href=\"http:\/\/www.hemominas.mg.gov.br\/\" target=\"_blank\">www.hemominas.mg.gov.br<\/a>. O chamamento \u00e9 para as seguintes fun\u00e7\u00f5es e localidades:<\/p>\n<p><strong><span style=\"text-decoration: underline;\">Local de atua\u00e7\u00e3o<\/span>: Hemocentro Regional de Governador Valadares<\/strong><br \/>\n&#8211; T\u00e9cnico de Enfermagem;<br \/>\n&#8211; T\u00e9cnico de Patologia Cl\u00ednica;<br \/>\n&#8211; Auxiliar Administrativo;<br \/>\n&#8211; Farmac\u00eautico Bioqu\u00edmico\/Biom\u00e9dico;<br \/>\n&#8211; M\u00e9dico Cl\u00ednico com Resid\u00eancia.<\/p>\n<p><strong><span style=\"text-decoration: underline;\">Local de atua\u00e7\u00e3o<\/span>: Hemocentro Regional de Juiz de Fora<\/strong><br \/>\n&#8211; T\u00e9cnico de Enfermagem;<br \/>\n&#8211; T\u00e9cnico de Patologia Cl\u00ednica.<\/p>\n<p><strong><span style=\"text-decoration: underline;\">Local de atua\u00e7\u00e3o<\/span>: Hemocentro Regional de Montes Claros<\/strong><br \/>\nT\u00e9cnico de Enfermagem;<br \/>\n&#8211; T\u00e9cnico de Patologia Cl\u00ednica;<br \/>\n&#8211;\u00a0 Auxiliar Administrativo;<br \/>\n&#8211; Farmac\u00eautico Bioqu\u00edmico\/Biom\u00e9dico;<br \/>\n&#8211; M\u00e9dico Cl\u00ednico com Resid\u00eancia.<\/p>\n<p>A contrata\u00e7\u00e3o ser\u00e1 por meio de contrato administrativo e por prazo determinado. O regulamento, modelo de curr\u00edculo, entre outros detalhes, podem ser acessados\u00a0<a href=\"http:\/\/www.hemominas.mg.gov.br\/trabalhe\/selecao-publica\/category\/172-chamamento-publico-febre-amarela\" target=\"_blank\">neste link (www.hemominas.mg.gov.br)<\/a>.<\/p>\n<p><strong>VER PRIMEIRO<\/strong><\/p>\n<p><strong>Receba as not\u00edcias do Aconteceu no Vale em primeira m\u00e3o. Clique em curtir no endere\u00e7o <a href=\"https:\/\/www.facebook.com\/aconteceunovale\" target=\"_blank\"><font color=\"red\">www.facebook.com\/aconteceunovale<\/font><\/a> ou no box abaixo:<\/strong><\/p>\n<div class=\"fb-like\" data-href=\"https:\/\/www.facebook.com\/aconteceunovale\" data-width=\"120\" data-layout=\"standard\" data-action=\"like\" data-size=\"small\" data-show-faces=\"true\" data-share=\"true\"><\/div>\n<p><\/br><\/p>\n<p><em>(Ag\u00eancia Minas)<\/em><\/p>\n","protected":false},"excerpt":{"rendered":"<p>Os doadores de sangue, fidelizados ou n\u00e3o, s\u00e3o ainda mais importantes, neste momento, para ajudar a regi\u00e3o de Governador Valadares, no Territ\u00f3rio Vale do Rio Doce, no Leste de Minas Gerais. A\u00a0Funda\u00e7\u00e3o Hemominas\u00a0informa que foi registrada queda de mais de 50% no estoque dos grupos sangu\u00edneos nos bancos de sangue no hemocentro da regi\u00e3o. As [&hellip;]<\/p>\n","protected":false},"author":1,"featured_media":83674,"comment_status":"open","ping_status":"closed","sticky":false,"template":"","format":"standard","meta":{"amp_status":"","footnotes":""},"categories":[121,123,40242],"tags":[136951,136953,136952,50415,6879,247,33098,136954,206,210],"class_list":["post-107479","post","type-post","status-publish","format-standard","has-post-thumbnail","hentry","category-leste","category-gerais","category-saude-2","tag-doacao-de-sangue-governador-valadares","tag-doadores-de-sangue-governador-valadares","tag-falta-de-sangue-governador-valadares","tag-fernando-basques","tag-fundacao-hemominas","tag-governador-valadares","tag-hemominas","tag-hemominas-registra-baixo-estoque-de-sangue-e-convoca-doadores","tag-juiz-de-fora","tag-montes-claros"],"_links":{"self":[{"href":"https:\/\/aconteceunovale.com.br\/portal\/index.php?rest_route=\/wp\/v2\/posts\/107479","targetHints":{"allow":["GET"]}}],"collection":[{"href":"https:\/\/aconteceunovale.com.br\/portal\/index.php?rest_route=\/wp\/v2\/posts"}],"about":[{"href":"https:\/\/aconteceunovale.com.br\/portal\/index.php?rest_route=\/wp\/v2\/types\/post"}],"author":[{"embeddable":true,"href":"https:\/\/aconteceunovale.com.br\/portal\/index.php?rest_route=\/wp\/v2\/users\/1"}],"replies":[{"embeddable":true,"href":"https:\/\/aconteceunovale.com.br\/portal\/index.php?rest_route=%2Fwp%2Fv2%2Fcomments&post=107479"}],"version-history":[{"count":0,"href":"https:\/\/aconteceunovale.com.br\/portal\/index.php?rest_route=\/wp\/v2\/posts\/107479\/revisions"}],"wp:featuredmedia":[{"embeddable":true,"href":"https:\/\/aconteceunovale.com.br\/portal\/index.php?rest_route=\/wp\/v2\/media\/83674"}],"wp:attachment":[{"href":"https:\/\/aconteceunovale.com.br\/portal\/index.php?rest_route=%2Fwp%2Fv2%2Fmedia&parent=107479"}],"wp:term":[{"taxonomy":"category","embeddable":true,"href":"https:\/\/aconteceunovale.com.br\/portal\/index.php?rest_route=%2Fwp%2Fv2%2Fcategories&post=107479"},{"taxonomy":"post_tag","embeddable":true,"href":"https:\/\/aconteceunovale.com.br\/portal\/index.php?rest_route=%2Fwp%2Fv2%2Ftags&post=107479"}],"curies":[{"name":"wp","href":"https:\/\/api.w.org\/{rel}","templated":true}]}}