{"id":107471,"date":"2017-01-23T11:41:26","date_gmt":"2017-01-23T13:41:26","guid":{"rendered":"http:\/\/aconteceunovale.com.br\/portal\/?p=107471"},"modified":"2017-01-23T13:39:10","modified_gmt":"2017-01-23T15:39:10","slug":"secretaria-de-educacao-de-capelinha-abre-inscricoes-para-professor-e-educador-infantil","status":"publish","type":"post","link":"https:\/\/aconteceunovale.com.br\/portal\/?p=107471","title":{"rendered":"Secretaria de Educa\u00e7\u00e3o de Capelinha abre inscri\u00e7\u00f5es para professor e educador infantil"},"content":{"rendered":"<p>A secret\u00e1ria municipal de Educa\u00e7\u00e3o de Capelinha, \u00c9lida C\u00edcera Machado (que tamb\u00e9m \u00e9 vice-prefeita), informa que as inscri\u00e7\u00f5es para professor (a) e educador (a) infantil para atuar na rede p\u00fablica municipal come\u00e7am nesta segunda-feira, 23 de janeiro de 2017, \u00e0s 13h, e v\u00e3o at\u00e9 as 17h.<\/p>\n<p>As inscri\u00e7\u00f5es servir\u00e3o para preencher as vagas remanescentes da Educa\u00e7\u00e3o municipal. \u00c9 necess\u00e1rio levar os documentos pessoais e o comprovante de habilita\u00e7\u00e3o escolar.<\/p>\n<p>A partir de ter\u00e7a-feira, dia 24, as inscri\u00e7\u00f5es continuam em hor\u00e1rio normal de atendimento: das 7h \u00e0s 11h, e das 13h \u00e0s 17h. Educadores poder\u00e3o se inscrever at\u00e9 a pr\u00f3xima sexta-feira, dia 27 de janeiro.<\/p>\n<p>Dona \u00c9lida informa ainda que a Secretaria de Educa\u00e7\u00e3o de Capelinha est\u00e1 em novo endere\u00e7o: rua Eun\u00e9sio Dias Magalh\u00e3es, 650, bairro Planalto &#8211; em frente ao P\u00e1tio da Prefeitura (no antigo endere\u00e7o do Caf\u00e9 Gema de Minas).<\/p>\n<p><img decoding=\"async\" src=\"http:\/\/aconteceunovale.com.br\/portal\/wp-content\/uploads\/2017\/01\/educacao_cap.jpg\" alt=\"\" \/><em>Secretaria Municipal de Educa\u00e7\u00e3o est\u00e1 em novo endere\u00e7o: rua Eun\u00e9sio Dias Magalh\u00e3es, em frente ao P\u00e1tio da Prefeitura (Foto: Divulga\u00e7\u00e3o\/Ascom Prefeitura de Capelinha)<\/em><br \/>\n<\/br><\/p>\n<p><strong>VER PRIMEIRO<\/strong><\/p>\n<p><strong>Receba as not\u00edcias do Aconteceu no Vale em primeira m\u00e3o. Clique em curtir no endere\u00e7o <a href=\"https:\/\/www.facebook.com\/aconteceunovale\" target=\"_blank\"><font color=\"red\">www.facebook.com\/aconteceunovale<\/font><\/a> ou no box abaixo:<\/strong><\/p>\n<div class=\"fb-like\" data-href=\"https:\/\/www.facebook.com\/aconteceunovale\" data-width=\"120\" data-layout=\"standard\" data-action=\"like\" data-size=\"small\" data-show-faces=\"true\" data-share=\"true\"><\/div>\n<p><\/br><\/p>\n<p><em>(Ascom Prefeitura de Capelinha)<\/em><\/p>\n","protected":false},"excerpt":{"rendered":"<p>A secret\u00e1ria municipal de Educa\u00e7\u00e3o de Capelinha, \u00c9lida C\u00edcera Machado (que tamb\u00e9m \u00e9 vice-prefeita), informa que as inscri\u00e7\u00f5es para professor (a) e educador (a) infantil para atuar na rede p\u00fablica municipal come\u00e7am nesta segunda-feira, 23 de janeiro de 2017, \u00e0s 13h, e v\u00e3o at\u00e9 as 17h. As inscri\u00e7\u00f5es servir\u00e3o para preencher as vagas remanescentes da [&hellip;]<\/p>\n","protected":false},"author":1,"featured_media":107472,"comment_status":"open","ping_status":"closed","sticky":false,"template":"","format":"standard","meta":{"amp_status":"","footnotes":""},"categories":[40238,120],"tags":[132,136933,136937,136939,136940,136934,136938,136936,136935],"class_list":["post-107471","post","type-post","status-publish","format-standard","has-post-thumbnail","hentry","category-educacao-2","category-jequi","tag-capelinha","tag-elida-cicera-machado","tag-emprego-para-professor-em-capelinha","tag-oportunidade-para-professor-em-capelinha","tag-secretaria-de-educacao-de-capelinha-abre-inscricoes-para-professor-e-educador-infantil","tag-secretaria-municipal-de-educacao-de-capelinha","tag-trabalho-para-professor-em-capelinha","tag-vaga-para-professor-em-capelinha","tag-vagas-para-professores-em-capelinha"],"_links":{"self":[{"href":"https:\/\/aconteceunovale.com.br\/portal\/index.php?rest_route=\/wp\/v2\/posts\/107471","targetHints":{"allow":["GET"]}}],"collection":[{"href":"https:\/\/aconteceunovale.com.br\/portal\/index.php?rest_route=\/wp\/v2\/posts"}],"about":[{"href":"https:\/\/aconteceunovale.com.br\/portal\/index.php?rest_route=\/wp\/v2\/types\/post"}],"author":[{"embeddable":true,"href":"https:\/\/aconteceunovale.com.br\/portal\/index.php?rest_route=\/wp\/v2\/users\/1"}],"replies":[{"embeddable":true,"href":"https:\/\/aconteceunovale.com.br\/portal\/index.php?rest_route=%2Fwp%2Fv2%2Fcomments&post=107471"}],"version-history":[{"count":0,"href":"https:\/\/aconteceunovale.com.br\/portal\/index.php?rest_route=\/wp\/v2\/posts\/107471\/revisions"}],"wp:featuredmedia":[{"embeddable":true,"href":"https:\/\/aconteceunovale.com.br\/portal\/index.php?rest_route=\/wp\/v2\/media\/107472"}],"wp:attachment":[{"href":"https:\/\/aconteceunovale.com.br\/portal\/index.php?rest_route=%2Fwp%2Fv2%2Fmedia&parent=107471"}],"wp:term":[{"taxonomy":"category","embeddable":true,"href":"https:\/\/aconteceunovale.com.br\/portal\/index.php?rest_route=%2Fwp%2Fv2%2Fcategories&post=107471"},{"taxonomy":"post_tag","embeddable":true,"href":"https:\/\/aconteceunovale.com.br\/portal\/index.php?rest_route=%2Fwp%2Fv2%2Ftags&post=107471"}],"curies":[{"name":"wp","href":"https:\/\/api.w.org\/{rel}","templated":true}]}}