{"id":107467,"date":"2017-01-23T08:59:53","date_gmt":"2017-01-23T10:59:53","guid":{"rendered":"http:\/\/aconteceunovale.com.br\/portal\/?p=107467"},"modified":"2017-01-23T08:59:53","modified_gmt":"2017-01-23T10:59:53","slug":"previsao-do-tempo-para-minas-gerais-nesta-segunda-feira-23-de-janeiro","status":"publish","type":"post","link":"https:\/\/aconteceunovale.com.br\/portal\/?p=107467","title":{"rendered":"Previs\u00e3o do tempo para Minas Gerais, nesta segunda-feira, 23 de janeiro"},"content":{"rendered":"<h4><strong><em>Ao longo da semana o tempo deve ficar inst\u00e1vel com chuvas em grande parte de Minas Gerais.<\/em><\/strong><\/h4>\n<p>O tempo deve ficar nublado com pancadas de chuva e trovoadas no Noroeste, Tri\u00e2ngulo Mineiro, Alto Parana\u00edba e Sul. Nas demais regi\u00f5es, o tempo deve ficar ensolarado a parcialmente nublado. H\u00e1 possibilidade de chuvas no Oeste, Centro, Norte, Campo das Vertentes e Zona da Mata.<\/p>\n<p>Na Regi\u00e3o Metropolitana de Belo Horizonte o dia ser\u00e1 de c\u00e9u parcialmente nublado com chance de chuva \u00e0 tarde. Em Belo Horizonte, a semana come\u00e7a com tempo ensolarado a parcialmente nublado e h\u00e1 chances de pancadas de chuva, a temperatura deve variar entre 17\u00b0C e 29\u00b0C com umidade do ar \u00e0 tarde em torno de 45%. Ao longo da semana o tempo deve ficar inst\u00e1vel com chuvas em grande parte de Minas Gerais.<\/p>\n<p><strong>VER PRIMEIRO<\/strong><\/p>\n<p><strong>Receba as not\u00edcias do Aconteceu no Vale em primeira m\u00e3o. Clique em curtir no endere\u00e7o <a href=\"https:\/\/www.facebook.com\/aconteceunovale\" target=\"_blank\"><font color=\"red\">www.facebook.com\/aconteceunovale<\/font><\/a> ou no box abaixo:<\/strong><\/p>\n<div class=\"fb-like\" data-href=\"https:\/\/www.facebook.com\/aconteceunovale\" data-width=\"120\" data-layout=\"standard\" data-action=\"like\" data-size=\"small\" data-show-faces=\"true\" data-share=\"true\"><\/div>\n<p><\/br><\/p>\n","protected":false},"excerpt":{"rendered":"<p>Ao longo da semana o tempo deve ficar inst\u00e1vel com chuvas em grande parte de Minas Gerais. O tempo deve ficar nublado com pancadas de chuva e trovoadas no Noroeste, Tri\u00e2ngulo Mineiro, Alto Parana\u00edba e Sul. Nas demais regi\u00f5es, o tempo deve ficar ensolarado a parcialmente nublado. H\u00e1 possibilidade de chuvas no Oeste, Centro, Norte, [&hellip;]<\/p>\n","protected":false},"author":1,"featured_media":105059,"comment_status":"open","ping_status":"closed","sticky":false,"template":"","format":"standard","meta":{"amp_status":"","footnotes":""},"categories":[123],"tags":[136927,194,131,44471,1956,27340,136932,86833,136931,1839,136929,28170,136928,136930],"class_list":["post-107467","post","type-post","status-publish","format-standard","has-post-thumbnail","hentry","category-gerais","tag-23-de-janeiro","tag-belo-horizonte","tag-minas-gerais","tag-nesta-segunda-feira","tag-previsao-do-tempo","tag-previsao-do-tempo-para-belo-horizonte","tag-previsao-do-tempo-para-belo-horizonte-23-de-janeiro","tag-previsao-do-tempo-para-belo-horizonte-nesta-segunda-feira","tag-previsao-do-tempo-para-belo-horizonte-nesta-segunda-feira-23-de-janeiro","tag-previsao-do-tempo-para-minas-gerais","tag-previsao-do-tempo-para-minas-gerais-23-de-janeiro","tag-previsao-do-tempo-para-minas-gerais-nesta-segunda-feira","tag-previsao-do-tempo-para-minas-gerais-nesta-segunda-feira-23-de-janeiro","tag-segunda-feira-23-de-janeiro"],"_links":{"self":[{"href":"https:\/\/aconteceunovale.com.br\/portal\/index.php?rest_route=\/wp\/v2\/posts\/107467","targetHints":{"allow":["GET"]}}],"collection":[{"href":"https:\/\/aconteceunovale.com.br\/portal\/index.php?rest_route=\/wp\/v2\/posts"}],"about":[{"href":"https:\/\/aconteceunovale.com.br\/portal\/index.php?rest_route=\/wp\/v2\/types\/post"}],"author":[{"embeddable":true,"href":"https:\/\/aconteceunovale.com.br\/portal\/index.php?rest_route=\/wp\/v2\/users\/1"}],"replies":[{"embeddable":true,"href":"https:\/\/aconteceunovale.com.br\/portal\/index.php?rest_route=%2Fwp%2Fv2%2Fcomments&post=107467"}],"version-history":[{"count":0,"href":"https:\/\/aconteceunovale.com.br\/portal\/index.php?rest_route=\/wp\/v2\/posts\/107467\/revisions"}],"wp:featuredmedia":[{"embeddable":true,"href":"https:\/\/aconteceunovale.com.br\/portal\/index.php?rest_route=\/wp\/v2\/media\/105059"}],"wp:attachment":[{"href":"https:\/\/aconteceunovale.com.br\/portal\/index.php?rest_route=%2Fwp%2Fv2%2Fmedia&parent=107467"}],"wp:term":[{"taxonomy":"category","embeddable":true,"href":"https:\/\/aconteceunovale.com.br\/portal\/index.php?rest_route=%2Fwp%2Fv2%2Fcategories&post=107467"},{"taxonomy":"post_tag","embeddable":true,"href":"https:\/\/aconteceunovale.com.br\/portal\/index.php?rest_route=%2Fwp%2Fv2%2Ftags&post=107467"}],"curies":[{"name":"wp","href":"https:\/\/api.w.org\/{rel}","templated":true}]}}