{"id":107461,"date":"2017-01-23T08:07:49","date_gmt":"2017-01-23T10:07:49","guid":{"rendered":"http:\/\/aconteceunovale.com.br\/portal\/?p=107461"},"modified":"2017-01-23T08:07:49","modified_gmt":"2017-01-23T10:07:49","slug":"papa-francisco-ataca-populismo-e-alerta-para-salvadores","status":"publish","type":"post","link":"https:\/\/aconteceunovale.com.br\/portal\/?p=107461","title":{"rendered":"Papa Francisco ataca populismo e alerta para &#8220;salvadores&#8221;"},"content":{"rendered":"<p>Em meio \u00e0 onda populista que se alastra pela Europa e pelos Estados Unidos, o papa Francisco afirmou que um dos grandes perigos da atualidade \u00e9 procurar &#8220;salvadores&#8221;, assim como ocorreu com Adolf Hitler na d\u00e9cada de 30. <\/p>\n<p>A declara\u00e7\u00e3o foi dada durante longa entrevista ao jornal espanhol\u00a0<em>El Pa\u00eds<\/em>\u00a0e provocou rea\u00e7\u00f5es imediatas na It\u00e1lia. Perguntado sobre a aus\u00eancia de lideran\u00e7as s\u00f3lidas em fun\u00e7\u00e3o da crise e do aumento da desigualdade, o pont\u00edfice disse que o exemplo mais t\u00edpico do populismo europeu \u00e9 a Alemanha.<\/p>\n<p>&#8220;Destro\u00e7ada, a Alemanha busca se levantar, busca sua identidade, busca um l\u00edder, algu\u00e9m que devolva sua identidade, e h\u00e1 um rapazinho que se chama Adolf Hitler e diz: &#8216;eu posso, eu posso&#8217;. E a Alemanha inteira vota em Hitler. Hitler n\u00e3o roubou o poder, foi votado por seu povo e depois destruiu seu povo. Esse \u00e9 o perigo. Em momentos de crise, o discernimento n\u00e3o funciona&#8221;, declarou.<\/p>\n<p>O papa acrescentou que a sociedade busca um &#8220;salvador&#8221; que a defenda com &#8220;muros, alambrados, com o que seja, de outros povos&#8221; que possam &#8220;tirar sua identidade&#8221;. &#8220;Isso \u00e9 muito grave. Por isso sempre digo: dialoguem entre voc\u00eas. O caso da Alemanha em 1933 \u00e9 t\u00edpico: um povo que estava em crise, que buscou sua identidade, e apareceu esse l\u00edder carism\u00e1tico que prometeu lhes dar uma identidade. E sabemos o que aconteceu&#8221;, lembrou Francisco.<\/p>\n<p>O l\u00edder da Igreja Cat\u00f3lica tamb\u00e9m ressaltou que todos os pa\u00edses t\u00eam o direito de controlar suas fronteiras, principalmente os amea\u00e7ados pelo terrorismo, mas que nenhum pode privar seus cidad\u00e3os do di\u00e1logo com os vizinhos.<\/p>\n<p>S\u00edmbolo do populismo e ultranacionalismo na It\u00e1lia, o secret\u00e1rio federal do partido Liga Norte, Matteo Salvini, comentou as declara\u00e7\u00f5es e recha\u00e7ou compara\u00e7\u00f5es com Hitler. &#8220;O papa diz que Hitler nasceu do populismo? Deve ter sido mal interpretado. O papa fala com as almas. Al\u00e9m disso, Hitler morreu e foi sepultado. Se dizem que sou populista, fico contente, porque quer dizer que falo com o povo&#8221;, afirmou.<\/p>\n<p><strong>VER PRIMEIRO<\/strong><\/p>\n<p><strong>Receba as not\u00edcias do Aconteceu no Vale em primeira m\u00e3o. Clique em curtir no endere\u00e7o <a href=\"https:\/\/www.facebook.com\/aconteceunovale\" target=\"_blank\"><font color=\"red\">www.facebook.com\/aconteceunovale<\/font><\/a> ou no box abaixo:<\/strong><\/p>\n<div class=\"fb-like\" data-href=\"https:\/\/www.facebook.com\/aconteceunovale\" data-width=\"120\" data-layout=\"standard\" data-action=\"like\" data-size=\"small\" data-show-faces=\"true\" data-share=\"true\"><\/div>\n<p><\/br><\/p>\n<p><em>(Fonte: Ag\u00eancia Ansa)<\/em><\/p>\n","protected":false},"excerpt":{"rendered":"<p>Em meio \u00e0 onda populista que se alastra pela Europa e pelos Estados Unidos, o papa Francisco afirmou que um dos grandes perigos da atualidade \u00e9 procurar &#8220;salvadores&#8221;, assim como ocorreu com Adolf Hitler na d\u00e9cada de 30. A declara\u00e7\u00e3o foi dada durante longa entrevista ao jornal espanhol\u00a0El Pa\u00eds\u00a0e provocou rea\u00e7\u00f5es imediatas na It\u00e1lia. Perguntado [&hellip;]<\/p>\n","protected":false},"author":1,"featured_media":59841,"comment_status":"open","ping_status":"closed","sticky":false,"template":"","format":"standard","meta":{"amp_status":"","footnotes":""},"categories":[28848],"tags":[136912,43145,66413,136907,136909,136908,63088,946,136911,136910,136915,136913,136904,136905,136906,136914],"class_list":["post-107461","post","type-post","status-publish","format-standard","has-post-thumbnail","hentry","category-mundo","tag-adolf-hitler","tag-alerta","tag-entrevista","tag-onda-populista-na-europa","tag-onda-populista-nos-estados-unidos","tag-onda-populista-nos-eua","tag-papa","tag-papa-francisco","tag-papa-francisco-ataca-onda-populista","tag-papa-francisco-ataca-populismo","tag-papa-francisco-ataca-populismo-e-alerta-para-salvadores","tag-populismo","tag-populismo-na-europa","tag-populismo-nos-estados-unidos","tag-populismo-nos-eua","tag-salvadores"],"_links":{"self":[{"href":"https:\/\/aconteceunovale.com.br\/portal\/index.php?rest_route=\/wp\/v2\/posts\/107461","targetHints":{"allow":["GET"]}}],"collection":[{"href":"https:\/\/aconteceunovale.com.br\/portal\/index.php?rest_route=\/wp\/v2\/posts"}],"about":[{"href":"https:\/\/aconteceunovale.com.br\/portal\/index.php?rest_route=\/wp\/v2\/types\/post"}],"author":[{"embeddable":true,"href":"https:\/\/aconteceunovale.com.br\/portal\/index.php?rest_route=\/wp\/v2\/users\/1"}],"replies":[{"embeddable":true,"href":"https:\/\/aconteceunovale.com.br\/portal\/index.php?rest_route=%2Fwp%2Fv2%2Fcomments&post=107461"}],"version-history":[{"count":0,"href":"https:\/\/aconteceunovale.com.br\/portal\/index.php?rest_route=\/wp\/v2\/posts\/107461\/revisions"}],"wp:featuredmedia":[{"embeddable":true,"href":"https:\/\/aconteceunovale.com.br\/portal\/index.php?rest_route=\/wp\/v2\/media\/59841"}],"wp:attachment":[{"href":"https:\/\/aconteceunovale.com.br\/portal\/index.php?rest_route=%2Fwp%2Fv2%2Fmedia&parent=107461"}],"wp:term":[{"taxonomy":"category","embeddable":true,"href":"https:\/\/aconteceunovale.com.br\/portal\/index.php?rest_route=%2Fwp%2Fv2%2Fcategories&post=107461"},{"taxonomy":"post_tag","embeddable":true,"href":"https:\/\/aconteceunovale.com.br\/portal\/index.php?rest_route=%2Fwp%2Fv2%2Ftags&post=107461"}],"curies":[{"name":"wp","href":"https:\/\/api.w.org\/{rel}","templated":true}]}}