{"id":107452,"date":"2017-01-22T22:52:58","date_gmt":"2017-01-23T00:52:58","guid":{"rendered":"http:\/\/aconteceunovale.com.br\/portal\/?p=107452"},"modified":"2017-01-22T23:37:04","modified_gmt":"2017-01-23T01:37:04","slug":"montes-clarense-hadassa-priscila-brilha-no-the-voice-kids","status":"publish","type":"post","link":"https:\/\/aconteceunovale.com.br\/portal\/?p=107452","title":{"rendered":"Montes-clarense Hadassa Priscila brilha no \u201cThe Voice Kids\u201d"},"content":{"rendered":"<p>A montes-clarense Hadassa Priscila, de 11 anos, foi um dos destaques do terceiro dia de audi\u00e7\u00f5es \u00e0s cegas do The Voice Kids. O programa foi exibido pela TV Globo na tarde deste domingo (22\/1\/2017). A mineirinha cantou a m\u00fasica &#8216;Era Uma Vez\u2019 e conquistou o cora\u00e7\u00e3o da baiana Ivete Sangalo, \u00fanica t\u00e9cnica a virar a cadeira.<\/p>\n<p>Hadassa canta desde os quatro anos de idade e descobriu a sua voca\u00e7\u00e3o para a m\u00fasica em um show de talentos da igreja que frequentava. Ela tamb\u00e9m faz aula de canto, dan\u00e7a e ballet. No palco do The Voice Kids, Hadassa arrancou suspiros da plateia e do primo que a acompanhava na audi\u00e7\u00e3o.<\/p>\n<p><img decoding=\"async\" src=\"http:\/\/aconteceunovale.com.br\/portal\/wp-content\/uploads\/2017\/01\/hadassa_moc.jpg\" alt=\"\" \/><em>Hadassa Priscila \u00e9 de Montes Claros (Foto: Reprodu\u00e7\u00e3o\/TV Globo)<\/em><br \/>\n<\/br><\/p>\n<p><strong>Terceiro dia de audi\u00e7\u00f5es \u00e0s cegas<\/strong><\/p>\n<p>O The Voice Kids chegou, neste domingo, ao terceiro dia de audi\u00e7\u00f5es \u00e0s cegas. As apresenta\u00e7\u00f5es encantaram os t\u00e9cnicos e, mais uma vez, o programa esbanjou fofura, com declara\u00e7\u00f5es de ambas as partes, al\u00e9m de muitos abra\u00e7os e beijos. Onze crian\u00e7as sa\u00edram com suas equipes definidas. <\/p>\n<p>Ana Clara, de 11 anos, foi a primeira a se apresentar e logo encantou os t\u00e9cnicos. Todos viraram suas cadeiras para a menina de Cuiab\u00e1 (MT) com a sua apresenta\u00e7\u00e3o de &#8220;Cry me a river&#8221;, mas Ana Clara escolheu o time de Ivete Sangalo. J\u00e1 o mineiro Jo\u00e3o Lucas, de Arapor\u00e3, cantou &#8220;O campe\u00e3o&#8221;. Tocando viola, o menino de 12 anos conquistou todos os t\u00e9cnicos, mas a dupla Victor &#038; Leo foi a selecionada. <\/p>\n<p>Duda Bonini, de Salvador, na Bahia, chegou ao palco com hist\u00f3rico familiar de m\u00fasicos. A m\u00e3e dela \u00e9 Thaynara da dupla Thayna e Thaynara e j\u00e1 havia tentado vaga no The Voice, enquanto a prima Thayn\u00e3 fez parte da primeira temporada da vers\u00e3o kids. Duda escolheu a m\u00fasica &#8220;Coisa linda&#8221;, de Tiago Iorc, e fez sucesso e escolheu Ivete para ser sua instrutora. Na sequ\u00eancia veio Laura Castro, de 14 anos e de S\u00e3o Paulo. Ao som de &#8220;Apologize&#8221;, Ivete foi a primeira a virar para ela e tamb\u00e9m a escolhida para ser sua t\u00e9cnica. <\/p>\n<p>Carlinhos Brown n\u00e3o resistiu ao ouvir Kriscia Incerti cantar &#8220;Admir\u00e1vel Gado Novo&#8221;, de Z\u00e9 Ramalho, e incorporou a menina de 12 anos de Uberl\u00e2ndia (MG) \u00e0 sua equipe. Joyce Mendes, de 12 anos, encantou com a m\u00fasica &#8220;Tudo o que se Quer&#8221; e Carlinho Brown virou a cadeira para ela, apesar de ter ressaltado que ela escorregou algumas vezes durante a execu\u00e7\u00e3o da can\u00e7\u00e3o.<\/p>\n<p>A ga\u00facha Amanda Lambert, de 15 anos, comentou ser f\u00e3 de cosplay, mas confessou o nervosismo de se apresentar sendo ela. Tamb\u00e9m foi Carlinhos Brown que apostou na garota, que esbanjou simpatia e felicidade ao interpretar &#8220;Whataya Want from Me&#8221;.<\/p>\n<p>A mineira de Contagem Isadora Ferreira, de 9 anos, faz bal\u00e9 desde os 4 anos. Para a apresenta\u00e7\u00e3o no The Voice, por\u00e9m, escolheu samba, estilo musical pelo qual se diz apaixonada. A m\u00fasica foi &#8220;Samba das tr\u00eas ra\u00e7as&#8221; e, mais uma vez, foi Brownquem virou a cadeira.<\/p>\n<p>O acorde\u00e3o teve espa\u00e7o no The Voice Kids pelas m\u00e3os de Jo\u00e3o Pedro Locatelli, da cidade de Realeza, Paran\u00e1, e o sertanejo voltou \u00e0 cena. Ele cantou &#8220;60 dias apaixonado&#8221;. Como n\u00e3o poderia deixar de ser, a identifica\u00e7\u00e3o com a dupla Victor &#038; Leo fez o jovem escolher eles como instrutores. A mineira Gabi Borges, de 13 anos, optou pela m\u00fasica &#8220;Bust your windows&#8221;. Carlinhos e Victor &#038; Leo viraram as cadeiras para ela, que optou pelo primeiro.<\/p>\n<p>Hadassa Priscila, de 11 anos, de Montes Claros, em Minas Gerais, tamb\u00e9m encantou com uma das vozes mais angelicais da tarde deste domingo e foi Ivete Sangalo que virou a cadeira e garantiu a crian\u00e7a no grupo. <\/p>\n<p>Um momento triste foi quando o jovem Iago Iah, de 13 anos, morador de Maripor\u00e3, em S\u00e3o Paulo, se apresentou, mas n\u00e3o foi escolhido por nenhum t\u00e9cnico.<\/p>\n<p><strong>Apresenta\u00e7\u00e3o de Hadassa Priscila<\/strong><\/p>\n<p><iframe loading=\"lazy\" src=\"https:\/\/www.facebook.com\/plugins\/video.php?href=https%3A%2F%2Fwww.facebook.com%2FMocUrgent%2Fvideos%2F1850375575207593%2F&#038;show_text=0&#038;width=620\" width=\"620\" height=\"340\" style=\"border:none;overflow:hidden\" scrolling=\"no\" frameborder=\"0\" allowTransparency=\"true\" allowFullScreen=\"true\"><\/iframe><br \/>\n<\/br><\/p>\n<p><strong>VER PRIMEIRO<\/strong><\/p>\n<p><strong>Receba as not\u00edcias do Aconteceu no Vale em primeira m\u00e3o. Clique em curtir no endere\u00e7o <a href=\"https:\/\/www.facebook.com\/aconteceunovale\" target=\"_blank\"><font color=\"red\">www.facebook.com\/aconteceunovale<\/font><\/a> ou no box abaixo:<\/strong><\/p>\n<div class=\"fb-like\" data-href=\"https:\/\/www.facebook.com\/aconteceunovale\" data-width=\"120\" data-layout=\"standard\" data-action=\"like\" data-size=\"small\" data-show-faces=\"true\" data-share=\"true\"><\/div>\n<p><\/br><\/p>\n<p><em>(Com Di\u00e1rio de Pernambuco)<\/em><\/p>\n","protected":false},"excerpt":{"rendered":"<p>A montes-clarense Hadassa Priscila, de 11 anos, foi um dos destaques do terceiro dia de audi\u00e7\u00f5es \u00e0s cegas do The Voice Kids. O programa foi exibido pela TV Globo na tarde deste domingo (22\/1\/2017). A mineirinha cantou a m\u00fasica &#8216;Era Uma Vez\u2019 e conquistou o cora\u00e7\u00e3o da baiana Ivete Sangalo, \u00fanica t\u00e9cnica a virar a [&hellip;]<\/p>\n","protected":false},"author":1,"featured_media":107453,"comment_status":"open","ping_status":"closed","sticky":false,"template":"","format":"standard","meta":{"amp_status":"","footnotes":""},"categories":[6,1236],"tags":[1018,136899,136900,19275,210,136901,136898,136902,136903],"class_list":["post-107452","post","type-post","status-publish","format-standard","has-post-thumbnail","hentry","category-br","category-norte_de_minas","tag-destaque","tag-hadassa-priscila","tag-hadassa-priscila-the-voice-kids","tag-ivete-sangalo","tag-montes-claros","tag-montes-claros-no-the-voice-kids","tag-montes-clarense-hadassa-priscila-brilha-no-the-voice-kids","tag-montes-clarense-no-the-voice-kids","tag-the-voice-kids"],"_links":{"self":[{"href":"https:\/\/aconteceunovale.com.br\/portal\/index.php?rest_route=\/wp\/v2\/posts\/107452","targetHints":{"allow":["GET"]}}],"collection":[{"href":"https:\/\/aconteceunovale.com.br\/portal\/index.php?rest_route=\/wp\/v2\/posts"}],"about":[{"href":"https:\/\/aconteceunovale.com.br\/portal\/index.php?rest_route=\/wp\/v2\/types\/post"}],"author":[{"embeddable":true,"href":"https:\/\/aconteceunovale.com.br\/portal\/index.php?rest_route=\/wp\/v2\/users\/1"}],"replies":[{"embeddable":true,"href":"https:\/\/aconteceunovale.com.br\/portal\/index.php?rest_route=%2Fwp%2Fv2%2Fcomments&post=107452"}],"version-history":[{"count":0,"href":"https:\/\/aconteceunovale.com.br\/portal\/index.php?rest_route=\/wp\/v2\/posts\/107452\/revisions"}],"wp:featuredmedia":[{"embeddable":true,"href":"https:\/\/aconteceunovale.com.br\/portal\/index.php?rest_route=\/wp\/v2\/media\/107453"}],"wp:attachment":[{"href":"https:\/\/aconteceunovale.com.br\/portal\/index.php?rest_route=%2Fwp%2Fv2%2Fmedia&parent=107452"}],"wp:term":[{"taxonomy":"category","embeddable":true,"href":"https:\/\/aconteceunovale.com.br\/portal\/index.php?rest_route=%2Fwp%2Fv2%2Fcategories&post=107452"},{"taxonomy":"post_tag","embeddable":true,"href":"https:\/\/aconteceunovale.com.br\/portal\/index.php?rest_route=%2Fwp%2Fv2%2Ftags&post=107452"}],"curies":[{"name":"wp","href":"https:\/\/api.w.org\/{rel}","templated":true}]}}