{"id":107448,"date":"2017-01-22T22:19:47","date_gmt":"2017-01-23T00:19:47","guid":{"rendered":"http:\/\/aconteceunovale.com.br\/portal\/?p=107448"},"modified":"2017-01-23T22:30:52","modified_gmt":"2017-01-24T00:30:52","slug":"metalurgico-de-ipatinga-morre-em-acidente-entre-motos-na-br-381-em-governador-valadares","status":"publish","type":"post","link":"https:\/\/aconteceunovale.com.br\/portal\/?p=107448","title":{"rendered":"Metal\u00fargico de Ipatinga morre em acidente entre motos na BR-381, em Governador Valadares"},"content":{"rendered":"<p>A colis\u00e3o entre duas motocicletas deixou uma pessoa morta e outra gravemente ferida, na manh\u00e3 deste domingo, 22 de janeiro de 2017, na BR-381, pr\u00f3ximo ao Posto do Toninho, em Governador Valadares, no Vale do Rio Doce. O metal\u00fargico Dem\u00e9trius Nascimento Sim\u00f5es, de 36 anos, conduzia uma Yamaha R1, licenciada em Ipatinga, quando aconteceu a batida com uma Honda CG Titan 150, de Valadares. <\/p>\n<p>Segundo informa\u00e7\u00f5es a moto CG Titan estava atravessando a rodovia e foi violentamente atingida pela R1. O metal\u00fargico Dem\u00e9trius, que estava com um grupo de amigos motociclistas, n\u00e3o resistiu aos graves ferimentos e morreu no local.<\/p>\n<p><img decoding=\"async\" src=\"http:\/\/aconteceunovale.com.br\/portal\/wp-content\/uploads\/2017\/01\/acidente_motos_gv_1.jpg\" alt=\"\" \/><em>Yamaha R1 que era conduzida pela v\u00edtima (Foto: Reprodu\u00e7\u00e3o\/WhatsApp)<\/em><br \/>\n<\/br><\/p>\n<p>O outro motociclista, identificado como Marcos Gon\u00e7alves Braga, de 36 anos, teve membros arrancados com o impacto da batida. Ele foi socorrido pelo Corpo de Bombeiros e encaminhado para o Hospital Municipal de Governador Valadares. <\/p>\n<p>A Per\u00edcia T\u00e9cnica da Pol\u00edcia Civil foi acionada e ap\u00f3s os trabalhos de praxe, o corpo de Dem\u00e9trius foi levado para o Instituto M\u00e9dico Legal (IML). As causas e circunst\u00e2ncias do acidente ser\u00e3o apuradas pelas autoridades.<\/p>\n<p><strong>Atualiza\u00e7\u00e3o<\/strong><\/p>\n<p>Na manh\u00e3 desta segunda-feira (23\/1), o Hospital de Governador Valadares informou que Marcos Gon\u00e7alves tamb\u00e9m morreu. Segundo o Corpo de Bombeiros, ele teve o bra\u00e7o esquerdo amputado e um ferimento grave em uma das pernas.<\/p>\n<p><img decoding=\"async\" src=\"http:\/\/aconteceunovale.com.br\/portal\/wp-content\/uploads\/2017\/01\/acidente_motos_gv_2.jpg\" alt=\"\" \/><em>CG Titan envolvida no acidente (Foto: Reprodu\u00e7\u00e3o\/WhatsApp)<\/em><br \/>\n<\/br><\/p>\n<p><strong>VER PRIMEIRO<\/strong><\/p>\n<p><strong>Receba as not\u00edcias do Aconteceu no Vale em primeira m\u00e3o. Clique em curtir no endere\u00e7o <a href=\"https:\/\/www.facebook.com\/aconteceunovale\" target=\"_blank\"><font color=\"red\">www.facebook.com\/aconteceunovale<\/font><\/a> ou no box abaixo:<\/strong><\/p>\n<div class=\"fb-like\" data-href=\"https:\/\/www.facebook.com\/aconteceunovale\" data-width=\"120\" data-layout=\"standard\" data-action=\"like\" data-size=\"small\" data-show-faces=\"true\" data-share=\"true\"><\/div>\n<p><\/br><\/p>\n","protected":false},"excerpt":{"rendered":"<p>A colis\u00e3o entre duas motocicletas deixou uma pessoa morta e outra gravemente ferida, na manh\u00e3 deste domingo, 22 de janeiro de 2017, na BR-381, pr\u00f3ximo ao Posto do Toninho, em Governador Valadares, no Vale do Rio Doce. O metal\u00fargico Dem\u00e9trius Nascimento Sim\u00f5es, de 36 anos, conduzia uma Yamaha R1, licenciada em Ipatinga, quando aconteceu a [&hellip;]<\/p>\n","protected":false},"author":1,"featured_media":107449,"comment_status":"open","ping_status":"closed","sticky":false,"template":"","format":"standard","meta":{"amp_status":"","footnotes":""},"categories":[121],"tags":[136894,136892,136889,136895,136896,66364,26618,247,201,136897,136891,136888,136886,136887,52202,136893,136890,6808],"class_list":["post-107448","post","type-post","status-publish","format-standard","has-post-thumbnail","hentry","category-leste","tag-acidente-com-funcionario-da-usiminas","tag-acidente-com-metalurgico-da-usiminas","tag-acidente-com-metalurgico-de-ipatinga","tag-acidente-com-moto-de-ipatinga","tag-demetrius-nascimento-simoes","tag-em-governador-valadares","tag-funcionario-da-usiminas","tag-governador-valadares","tag-ipatinga","tag-marcos-goncalves-braga","tag-metalurgico-da-usiminas","tag-metalurgico-de-ipatinga","tag-metalurgico-de-ipatinga-morre-em-acidente-entre-motos-na-br-381","tag-metalurgico-de-ipatinga-morre-em-acidente-entre-motos-na-br-381-em-governador-valadares","tag-morte-de-funcionario-da-usiminas","tag-morte-de-metalurgico-da-usiminas","tag-morte-de-metalurgico-de-ipatinga","tag-usiminas"],"_links":{"self":[{"href":"https:\/\/aconteceunovale.com.br\/portal\/index.php?rest_route=\/wp\/v2\/posts\/107448","targetHints":{"allow":["GET"]}}],"collection":[{"href":"https:\/\/aconteceunovale.com.br\/portal\/index.php?rest_route=\/wp\/v2\/posts"}],"about":[{"href":"https:\/\/aconteceunovale.com.br\/portal\/index.php?rest_route=\/wp\/v2\/types\/post"}],"author":[{"embeddable":true,"href":"https:\/\/aconteceunovale.com.br\/portal\/index.php?rest_route=\/wp\/v2\/users\/1"}],"replies":[{"embeddable":true,"href":"https:\/\/aconteceunovale.com.br\/portal\/index.php?rest_route=%2Fwp%2Fv2%2Fcomments&post=107448"}],"version-history":[{"count":0,"href":"https:\/\/aconteceunovale.com.br\/portal\/index.php?rest_route=\/wp\/v2\/posts\/107448\/revisions"}],"wp:featuredmedia":[{"embeddable":true,"href":"https:\/\/aconteceunovale.com.br\/portal\/index.php?rest_route=\/wp\/v2\/media\/107449"}],"wp:attachment":[{"href":"https:\/\/aconteceunovale.com.br\/portal\/index.php?rest_route=%2Fwp%2Fv2%2Fmedia&parent=107448"}],"wp:term":[{"taxonomy":"category","embeddable":true,"href":"https:\/\/aconteceunovale.com.br\/portal\/index.php?rest_route=%2Fwp%2Fv2%2Fcategories&post=107448"},{"taxonomy":"post_tag","embeddable":true,"href":"https:\/\/aconteceunovale.com.br\/portal\/index.php?rest_route=%2Fwp%2Fv2%2Ftags&post=107448"}],"curies":[{"name":"wp","href":"https:\/\/api.w.org\/{rel}","templated":true}]}}