{"id":107430,"date":"2017-01-22T20:31:04","date_gmt":"2017-01-22T22:31:04","guid":{"rendered":"http:\/\/aconteceunovale.com.br\/portal\/?p=107430"},"modified":"2017-01-22T23:45:50","modified_gmt":"2017-01-23T01:45:50","slug":"helicoptero-cai-em-rio-de-minas-gerais","status":"publish","type":"post","link":"https:\/\/aconteceunovale.com.br\/portal\/?p=107430","title":{"rendered":"Helic\u00f3ptero cai em rio de Minas Gerais"},"content":{"rendered":"<p>Um helic\u00f3ptero caiu no munic\u00edpio de Capit\u00f3lio, em Escarpas do Lago, no Sul de Minas Gerais, na tarde deste domingo (22\/1\/2017). Segundo informa\u00e7\u00f5es do Corpo de Bombeiros de Piumhi, dos quatro tripulantes, tr\u00eas ficaram feridos e foram conduzidos de ambul\u00e2ncia at\u00e9 o hospital da cidade de Passos. Apenas o piloto n\u00e3o se machucou.<\/p>\n<p>O acidente ocorreu num momento em que havia v\u00e1rios banhistas no local, causando gritaria entre os que testemunharam a queda.  Uma pessoa filmou o acidente. Nas imagens, \u00e9 poss\u00edvel observar que, em princ\u00edpio, alguns banhistas reclamaram da baixa altitude do helic\u00f3ptero, que, segundo o Corpo de Bombeiros, pertence \u00e0 empresa Wsfly.<\/p>\n<p><img decoding=\"async\" src=\"http:\/\/aconteceunovale.com.br\/portal\/wp-content\/uploads\/2017\/01\/acidente_capitolio.jpg\" alt=\"\" \/><em>Banhistas ajudaram a resgatar as v\u00edtimas (foto: Divulga\u00e7\u00e3o)<\/em><br \/>\n<\/br><\/p>\n<p>Ainda de acordo com os bombeiros, um vento de cauda fez com a aeronave tombasse no momento da decolagem. O acidente aconteceu \u00e0s margens da rodovia MG-050, na altura do quil\u00f4metro 306, pr\u00f3ximo \u00e0 ponte do rio Turvo.<\/p>\n<p>Banhistas correram para socorrer o piloto e passageiros. A Aeron\u00e1utica ir\u00e1 investigar a causa do acidente.<\/p>\n<p>At\u00e9 o momento, a informa\u00e7\u00e3o \u00e9 a de que a aeronave, com prefixo PP-MAM, estivesse sendo utilizada para o transporte de turistas em voo panor\u00e2mico pela regi\u00e3o, que fica pr\u00f3xima ao Lago de Furnas.<\/p>\n<p><img decoding=\"async\" src=\"http:\/\/aconteceunovale.com.br\/portal\/wp-content\/uploads\/2017\/01\/queda_helicoptero_capitolio.jpg\" alt=\"\" \/><em>Banhistas ajudaram a resgatar as v\u00edtimas (foto: Divulga\u00e7\u00e3o)<\/em><br \/>\n<\/br><\/p>\n<p><strong>V\u00cdDEO<\/strong><\/p>\n<p><iframe loading=\"lazy\" width=\"640\" height=\"360\" src=\"https:\/\/www.youtube.com\/embed\/P8lniNqCDII\" frameborder=\"0\" allowfullscreen><\/iframe><br \/>\n<\/br><\/p>\n<p><strong>VER PRIMEIRO<\/strong><\/p>\n<p><strong>Receba as not\u00edcias do Aconteceu no Vale em primeira m\u00e3o. Clique em curtir no endere\u00e7o <a href=\"https:\/\/www.facebook.com\/aconteceunovale\" target=\"_blank\"><font color=\"red\">www.facebook.com\/aconteceunovale<\/font><\/a> ou no box abaixo:<\/strong><\/p>\n<div class=\"fb-like\" data-href=\"https:\/\/www.facebook.com\/aconteceunovale\" data-width=\"120\" data-layout=\"standard\" data-action=\"like\" data-size=\"small\" data-show-faces=\"true\" data-share=\"true\"><\/div>\n<p><\/br><\/p>\n<p><em>(Com informa\u00e7\u00f5es do Hoje em Dia e Estado de Minas)<\/em><\/p>\n","protected":false},"excerpt":{"rendered":"<p>Um helic\u00f3ptero caiu no munic\u00edpio de Capit\u00f3lio, em Escarpas do Lago, no Sul de Minas Gerais, na tarde deste domingo (22\/1\/2017). Segundo informa\u00e7\u00f5es do Corpo de Bombeiros de Piumhi, dos quatro tripulantes, tr\u00eas ficaram feridos e foram conduzidos de ambul\u00e2ncia at\u00e9 o hospital da cidade de Passos. Apenas o piloto n\u00e3o se machucou. O acidente [&hellip;]<\/p>\n","protected":false},"author":1,"featured_media":107431,"comment_status":"open","ping_status":"closed","sticky":false,"template":"","format":"standard","meta":{"amp_status":"","footnotes":""},"categories":[123],"tags":[136866,136863,136867,4890,1018,136864,136869,136870,136868,136862,136865],"class_list":["post-107430","post","type-post","status-publish","format-standard","has-post-thumbnail","hentry","category-gerais","tag-acidente-com-helicoptero-da-wsfly","tag-acidente-com-helicoptero-em-capitolio","tag-acidente-wsfly","tag-capitolio","tag-destaque","tag-helicoptero-cai-em-capitolio","tag-helicoptero-cai-em-rio-de-minas-gerais","tag-helicoptero-cai-no-rio-turvo","tag-queda-de-helicoptero-da-wsfly","tag-queda-de-helicoptero-em-capitolio","tag-wsfly"],"_links":{"self":[{"href":"https:\/\/aconteceunovale.com.br\/portal\/index.php?rest_route=\/wp\/v2\/posts\/107430","targetHints":{"allow":["GET"]}}],"collection":[{"href":"https:\/\/aconteceunovale.com.br\/portal\/index.php?rest_route=\/wp\/v2\/posts"}],"about":[{"href":"https:\/\/aconteceunovale.com.br\/portal\/index.php?rest_route=\/wp\/v2\/types\/post"}],"author":[{"embeddable":true,"href":"https:\/\/aconteceunovale.com.br\/portal\/index.php?rest_route=\/wp\/v2\/users\/1"}],"replies":[{"embeddable":true,"href":"https:\/\/aconteceunovale.com.br\/portal\/index.php?rest_route=%2Fwp%2Fv2%2Fcomments&post=107430"}],"version-history":[{"count":0,"href":"https:\/\/aconteceunovale.com.br\/portal\/index.php?rest_route=\/wp\/v2\/posts\/107430\/revisions"}],"wp:featuredmedia":[{"embeddable":true,"href":"https:\/\/aconteceunovale.com.br\/portal\/index.php?rest_route=\/wp\/v2\/media\/107431"}],"wp:attachment":[{"href":"https:\/\/aconteceunovale.com.br\/portal\/index.php?rest_route=%2Fwp%2Fv2%2Fmedia&parent=107430"}],"wp:term":[{"taxonomy":"category","embeddable":true,"href":"https:\/\/aconteceunovale.com.br\/portal\/index.php?rest_route=%2Fwp%2Fv2%2Fcategories&post=107430"},{"taxonomy":"post_tag","embeddable":true,"href":"https:\/\/aconteceunovale.com.br\/portal\/index.php?rest_route=%2Fwp%2Fv2%2Ftags&post=107430"}],"curies":[{"name":"wp","href":"https:\/\/api.w.org\/{rel}","templated":true}]}}