{"id":107391,"date":"2017-01-22T09:45:22","date_gmt":"2017-01-22T11:45:22","guid":{"rendered":"http:\/\/aconteceunovale.com.br\/portal\/?p=107391"},"modified":"2017-01-22T11:06:56","modified_gmt":"2017-01-22T13:06:56","slug":"tres-pessoas-morrem-em-acidente-na-mgc-120","status":"publish","type":"post","link":"https:\/\/aconteceunovale.com.br\/portal\/?p=107391","title":{"rendered":"Tr\u00eas pessoas morrem em acidente na MGC-120"},"content":{"rendered":"<p>Tr\u00eas pessoas morreram e uma ficou ferida em um acidente na rodovia MGC\u2013120, no munic\u00edpio de Ferros, na Regi\u00e3o Central de Minas. As v\u00edtimas s\u00e3o o condutor Carlos Jos\u00e9 Fernandes, de 47 anos, e tr\u00eas adolescentes, que viajavam de Ribeir\u00e3o das Neves, na Regi\u00e3o Metropolitana de Belo Horizonte, com destino a Ferros. <\/p>\n<p>De acordo com o soldado Wendel Cezar Bicalho, do 4\u00ba Pelot\u00e3o do 26\u00ba Batalh\u00e3o de Itabira, que atendeu \u00e0 ocorr\u00eancia, o ve\u00edculo em que seguiam, um Siena cinza, placa OLS-0508, saiu da pista em uma curva e capotou. O acidente ocorreu na manh\u00e3 de ontem.<\/p>\n<p>As v\u00edtimas foram socorridas pelo Corpo de Bombeiros do Pelot\u00e3o de Itabira. Duas adolescentes, Caroline Bianca Bento Fernandes, de 12 anos, que \u00e9 filha de Carlos; e uma amiga dela, Larissa Vit\u00f3ria Dutra Silva, 17 anos, ficaram presas nas ferragens, na parte de tr\u00e1s do carro; enquanto a prima da Caroline, Karen Silva Fernandes, de 14 anos, que \u00e9 sobrinha do condutor e viajava no banco da frente, teve ferimentos. <\/p>\n<p>O motorista foi encontrado do lado de fora do ve\u00edculo com quadro de parada cardiorrespirat\u00f3ria. Ele foi atendido com manobras de reanima\u00e7\u00e3o at\u00e9 a chegada do helic\u00f3ptero Arcanjo 4 do Corpo dos Bombeiros e do Servi\u00e7o M\u00e9dico de Atendimento de Urg\u00eancia (SAMU), mas n\u00e3o sobreviveu. <\/p>\n<p>Karen sofreu algumas escoria\u00e7\u00f5es no rosto e foi levada por ambul\u00e2ncia da secretaria municipal de sa\u00fade ao Hospital Padre Estevam, de Santa Maria de Itabira. A v\u00edtima encontrava-se consciente, por\u00e9m n\u00e3o soube relatar o que causou o acidente, dizendo que foi tudo muito r\u00e1pido. <\/p>\n<p>De acordo com a PM, o local antes da curva onde o Siena passou reto h\u00e1 uma reta de grande extens\u00e3o. No entanto, n\u00e3o \u00e9 poss\u00edvel informar se o ve\u00edculo seguia em alta velocidade, pois somente a per\u00edcia ir\u00e1 constatar esse dado. N\u00e3o chovia no momento do acidente, segundo a pol\u00edcia.<\/p>\n<p><img decoding=\"async\" src=\"http:\/\/aconteceunovale.com.br\/portal\/wp-content\/uploads\/2017\/01\/acidente_120_1.jpeg\" alt=\"\" \/><em>Acidente aconteceu no km 389 da MGC-120 (Divulga\u00e7\u00e3o\/Corpo de Bombeiros)<\/em><br \/>\n<\/br><\/p>\n<p><img decoding=\"async\" src=\"http:\/\/aconteceunovale.com.br\/portal\/wp-content\/uploads\/2017\/01\/acidente_120_2.jpeg\" alt=\"\" \/><em>Acidente aconteceu no km 389 da MGC-120 (Divulga\u00e7\u00e3o\/Corpo de Bombeiros)<\/em><br \/>\n<\/br><\/p>\n<p><strong>VER PRIMEIRO<\/strong><\/p>\n<p><strong>Receba as not\u00edcias do Aconteceu no Vale em primeira m\u00e3o. Clique em curtir no endere\u00e7o <a href=\"https:\/\/www.facebook.com\/aconteceunovale\" target=\"_blank\"><font color=\"red\">www.facebook.com\/aconteceunovale<\/font><\/a> ou no box abaixo:<\/strong><\/p>\n<div class=\"fb-like\" data-href=\"https:\/\/www.facebook.com\/aconteceunovale\" data-width=\"120\" data-layout=\"standard\" data-action=\"like\" data-size=\"small\" data-show-faces=\"true\" data-share=\"true\"><\/div>\n<p><\/br><\/p>\n<p><em>(Fonte: Estado de Minas)<\/em><\/p>\n","protected":false},"excerpt":{"rendered":"<p>Tr\u00eas pessoas morreram e uma ficou ferida em um acidente na rodovia MGC\u2013120, no munic\u00edpio de Ferros, na Regi\u00e3o Central de Minas. As v\u00edtimas s\u00e3o o condutor Carlos Jos\u00e9 Fernandes, de 47 anos, e tr\u00eas adolescentes, que viajavam de Ribeir\u00e3o das Neves, na Regi\u00e3o Metropolitana de Belo Horizonte, com destino a Ferros. De acordo com [&hellip;]<\/p>\n","protected":false},"author":1,"featured_media":107393,"comment_status":"open","ping_status":"closed","sticky":false,"template":"","format":"standard","meta":{"amp_status":"","footnotes":""},"categories":[123],"tags":[136758,136757,136753,136754,16485,136755,136762,136756,136759,136760,1018,3378,202,136761,22095,3674,100078,136763],"class_list":["post-107391","post","type-post","status-publish","format-standard","has-post-thumbnail","hentry","category-gerais","tag-acidente-com-carro-de-ribeirao-das-neves","tag-acidente-com-siena-de-ribeirao-das-neves","tag-acidente-em-ferros","tag-acidente-na-mgc-120-em-ferros","tag-acidente-na-mgc-120","tag-acidente-perto-de-ferros","tag-ana-karen-silva-fernandes","tag-capotamento-na-mgc-120","tag-carlos-jose-fernandes","tag-caroline-bianca-bento-fernandes","tag-destaque","tag-ferros","tag-itabira","tag-larissa-vitoria-dutra-silva","tag-mgc-120","tag-ribeirao-das-neves","tag-tres-pessoas-morrem-em-acidente-na-mgc-120","tag-tres-pessoas-morrem-em-acidente-na-mgc-120-em-ferros"],"yoast_head":"<!-- This site is optimized with the Yoast SEO plugin v28.3 - https:\/\/yoast.com\/product\/yoast-seo-wordpress\/ -->\n<title>Tr\u00eas pessoas morrem em acidente na MGC-120 - Aconteceu no Vale<\/title>\n<meta name=\"robots\" content=\"index, follow, max-snippet:-1, max-image-preview:large, max-video-preview:-1\" \/>\n<link rel=\"canonical\" href=\"https:\/\/aconteceunovale.com.br\/portal\/?p=107391\" \/>\n<meta property=\"og:locale\" content=\"pt_BR\" \/>\n<meta property=\"og:type\" content=\"article\" \/>\n<meta property=\"og:title\" content=\"Tr\u00eas pessoas morrem em acidente na MGC-120 - Aconteceu no Vale\" \/>\n<meta property=\"og:description\" content=\"Tr\u00eas pessoas morreram e uma ficou ferida em um acidente na rodovia MGC\u2013120, no munic\u00edpio de Ferros, na Regi\u00e3o Central de Minas. As v\u00edtimas s\u00e3o o condutor Carlos Jos\u00e9 Fernandes, de 47 anos, e tr\u00eas adolescentes, que viajavam de Ribeir\u00e3o das Neves, na Regi\u00e3o Metropolitana de Belo Horizonte, com destino a Ferros. De acordo com [&hellip;]\" \/>\n<meta property=\"og:url\" content=\"https:\/\/aconteceunovale.com.br\/portal\/?p=107391\" \/>\n<meta property=\"og:site_name\" content=\"Aconteceu no Vale\" \/>\n<meta property=\"article:publisher\" content=\"https:\/\/www.facebook.com\/aconteceunovale\/\" \/>\n<meta property=\"article:published_time\" content=\"2017-01-22T11:45:22+00:00\" \/>\n<meta property=\"article:modified_time\" content=\"2017-01-22T13:06:56+00:00\" \/>\n<meta property=\"og:image\" content=\"https:\/\/aconteceunovale.com.br\/portal\/wp-content\/uploads\/2017\/01\/acidente_120_2.jpeg\" \/>\n\t<meta property=\"og:image:width\" content=\"678\" \/>\n\t<meta property=\"og:image:height\" content=\"381\" \/>\n\t<meta property=\"og:image:type\" content=\"image\/jpeg\" \/>\n<meta name=\"author\" content=\"Aconteceu no Vale\" \/>\n<meta name=\"twitter:card\" content=\"summary_large_image\" \/>\n<meta name=\"twitter:creator\" content=\"@noticiadosvales\" \/>\n<meta name=\"twitter:site\" content=\"@noticiadosvales\" \/>\n<meta name=\"twitter:label1\" content=\"Escrito por\" \/>\n\t<meta name=\"twitter:data1\" content=\"Aconteceu no Vale\" \/>\n\t<meta name=\"twitter:label2\" content=\"Est. tempo de leitura\" \/>\n\t<meta name=\"twitter:data2\" content=\"2 minutos\" \/>\n<script type=\"application\/ld+json\" class=\"yoast-schema-graph\">{\"@context\":\"https:\\\/\\\/schema.org\",\"@graph\":[{\"@type\":\"Article\",\"@id\":\"https:\\\/\\\/aconteceunovale.com.br\\\/portal\\\/?p=107391#article\",\"isPartOf\":{\"@id\":\"https:\\\/\\\/aconteceunovale.com.br\\\/portal\\\/?p=107391\"},\"author\":{\"name\":\"Aconteceu no Vale\",\"@id\":\"https:\\\/\\\/aconteceunovale.com.br\\\/portal\\\/#\\\/schema\\\/person\\\/633529146f2c94272bef50ac2953d589\"},\"headline\":\"Tr\u00eas pessoas morrem em acidente na MGC-120\",\"datePublished\":\"2017-01-22T11:45:22+00:00\",\"dateModified\":\"2017-01-22T13:06:56+00:00\",\"mainEntityOfPage\":{\"@id\":\"https:\\\/\\\/aconteceunovale.com.br\\\/portal\\\/?p=107391\"},\"wordCount\":396,\"commentCount\":0,\"image\":{\"@id\":\"https:\\\/\\\/aconteceunovale.com.br\\\/portal\\\/?p=107391#primaryimage\"},\"thumbnailUrl\":\"https:\\\/\\\/aconteceunovale.com.br\\\/portal\\\/wp-content\\\/uploads\\\/2017\\\/01\\\/acidente_120_2.jpeg\",\"keywords\":[\"Acidente com carro de Ribeir\u00e3o das Neves\",\"Acidente com Siena de Ribeir\u00e3o das Neves\",\"Acidente em Ferros\",\"Acidente na MGC 120 em Ferros\",\"acidente na mgc-120\",\"Acidente perto de Ferros\",\"Ana Karen Silva Fernandes\",\"Capotamento na MGC-120\",\"Carlos Jos\u00e9 Fernandes\",\"Caroline Bianca Bento Fernandes\",\"destaque\",\"Ferros\",\"Itabira\",\"Larissa Vit\u00f3ria Dutra Silva\",\"MGC 120\",\"Ribeir\u00e3o das Neves\",\"Tr\u00eas pessoas morrem em acidente na MGC-120\",\"Tr\u00eas pessoas morrem em acidente na MGC-120 em Ferros\"],\"articleSection\":[\"Minas Gerais\"],\"inLanguage\":\"pt-BR\",\"potentialAction\":[{\"@type\":\"CommentAction\",\"name\":\"Comment\",\"target\":[\"https:\\\/\\\/aconteceunovale.com.br\\\/portal\\\/?p=107391#respond\"]}]},{\"@type\":\"WebPage\",\"@id\":\"https:\\\/\\\/aconteceunovale.com.br\\\/portal\\\/?p=107391\",\"url\":\"https:\\\/\\\/aconteceunovale.com.br\\\/portal\\\/?p=107391\",\"name\":\"Tr\u00eas pessoas morrem em acidente na MGC-120 - Aconteceu no Vale\",\"isPartOf\":{\"@id\":\"https:\\\/\\\/aconteceunovale.com.br\\\/portal\\\/#website\"},\"primaryImageOfPage\":{\"@id\":\"https:\\\/\\\/aconteceunovale.com.br\\\/portal\\\/?p=107391#primaryimage\"},\"image\":{\"@id\":\"https:\\\/\\\/aconteceunovale.com.br\\\/portal\\\/?p=107391#primaryimage\"},\"thumbnailUrl\":\"https:\\\/\\\/aconteceunovale.com.br\\\/portal\\\/wp-content\\\/uploads\\\/2017\\\/01\\\/acidente_120_2.jpeg\",\"datePublished\":\"2017-01-22T11:45:22+00:00\",\"dateModified\":\"2017-01-22T13:06:56+00:00\",\"author\":{\"@id\":\"https:\\\/\\\/aconteceunovale.com.br\\\/portal\\\/#\\\/schema\\\/person\\\/633529146f2c94272bef50ac2953d589\"},\"breadcrumb\":{\"@id\":\"https:\\\/\\\/aconteceunovale.com.br\\\/portal\\\/?p=107391#breadcrumb\"},\"inLanguage\":\"pt-BR\",\"potentialAction\":[{\"@type\":\"ReadAction\",\"target\":[\"https:\\\/\\\/aconteceunovale.com.br\\\/portal\\\/?p=107391\"]}]},{\"@type\":\"ImageObject\",\"inLanguage\":\"pt-BR\",\"@id\":\"https:\\\/\\\/aconteceunovale.com.br\\\/portal\\\/?p=107391#primaryimage\",\"url\":\"https:\\\/\\\/aconteceunovale.com.br\\\/portal\\\/wp-content\\\/uploads\\\/2017\\\/01\\\/acidente_120_2.jpeg\",\"contentUrl\":\"https:\\\/\\\/aconteceunovale.com.br\\\/portal\\\/wp-content\\\/uploads\\\/2017\\\/01\\\/acidente_120_2.jpeg\",\"width\":678,\"height\":381},{\"@type\":\"BreadcrumbList\",\"@id\":\"https:\\\/\\\/aconteceunovale.com.br\\\/portal\\\/?p=107391#breadcrumb\",\"itemListElement\":[{\"@type\":\"ListItem\",\"position\":1,\"name\":\"In\u00edcio\",\"item\":\"https:\\\/\\\/aconteceunovale.com.br\\\/portal\\\/\"},{\"@type\":\"ListItem\",\"position\":2,\"name\":\"Tr\u00eas pessoas morrem em acidente na MGC-120\"}]},{\"@type\":\"WebSite\",\"@id\":\"https:\\\/\\\/aconteceunovale.com.br\\\/portal\\\/#website\",\"url\":\"https:\\\/\\\/aconteceunovale.com.br\\\/portal\\\/\",\"name\":\"Aconteceu no Vale\",\"description\":\"Portal de Not\u00edcias\",\"potentialAction\":[{\"@type\":\"SearchAction\",\"target\":{\"@type\":\"EntryPoint\",\"urlTemplate\":\"https:\\\/\\\/aconteceunovale.com.br\\\/portal\\\/?s={search_term_string}\"},\"query-input\":{\"@type\":\"PropertyValueSpecification\",\"valueRequired\":true,\"valueName\":\"search_term_string\"}}],\"inLanguage\":\"pt-BR\"},{\"@type\":\"Person\",\"@id\":\"https:\\\/\\\/aconteceunovale.com.br\\\/portal\\\/#\\\/schema\\\/person\\\/633529146f2c94272bef50ac2953d589\",\"name\":\"Aconteceu no Vale\",\"description\":\"Equipe de reportagem do Aconteceu no Vale, portal de not\u00edcias do Vale do Jequitinhonha, em Minas Gerais. Cobrimos as 51 cidades do Vale desde 2013. Sugest\u00f5es de pauta e pedidos de corre\u00e7\u00e3o: contato@aconteceunovale.com.br\",\"sameAs\":[\"http:\\\/\\\/www.aconteceunovale.com.br\"],\"url\":\"https:\\\/\\\/aconteceunovale.com.br\\\/portal\\\/?author=1\"}]}<\/script>\n<!-- \/ Yoast SEO plugin. -->","yoast_head_json":{"title":"Tr\u00eas pessoas morrem em acidente na MGC-120 - Aconteceu no Vale","robots":{"index":"index","follow":"follow","max-snippet":"max-snippet:-1","max-image-preview":"max-image-preview:large","max-video-preview":"max-video-preview:-1"},"canonical":"https:\/\/aconteceunovale.com.br\/portal\/?p=107391","og_locale":"pt_BR","og_type":"article","og_title":"Tr\u00eas pessoas morrem em acidente na MGC-120 - Aconteceu no Vale","og_description":"Tr\u00eas pessoas morreram e uma ficou ferida em um acidente na rodovia MGC\u2013120, no munic\u00edpio de Ferros, na Regi\u00e3o Central de Minas. As v\u00edtimas s\u00e3o o condutor Carlos Jos\u00e9 Fernandes, de 47 anos, e tr\u00eas adolescentes, que viajavam de Ribeir\u00e3o das Neves, na Regi\u00e3o Metropolitana de Belo Horizonte, com destino a Ferros. De acordo com [&hellip;]","og_url":"https:\/\/aconteceunovale.com.br\/portal\/?p=107391","og_site_name":"Aconteceu no Vale","article_publisher":"https:\/\/www.facebook.com\/aconteceunovale\/","article_published_time":"2017-01-22T11:45:22+00:00","article_modified_time":"2017-01-22T13:06:56+00:00","og_image":[{"width":678,"height":381,"url":"https:\/\/aconteceunovale.com.br\/portal\/wp-content\/uploads\/2017\/01\/acidente_120_2.jpeg","type":"image\/jpeg"}],"author":"Aconteceu no Vale","twitter_card":"summary_large_image","twitter_creator":"@noticiadosvales","twitter_site":"@noticiadosvales","twitter_misc":{"Escrito por":"Aconteceu no Vale","Est. tempo de leitura":"2 minutos"},"schema":{"@context":"https:\/\/schema.org","@graph":[{"@type":"Article","@id":"https:\/\/aconteceunovale.com.br\/portal\/?p=107391#article","isPartOf":{"@id":"https:\/\/aconteceunovale.com.br\/portal\/?p=107391"},"author":{"name":"Aconteceu no Vale","@id":"https:\/\/aconteceunovale.com.br\/portal\/#\/schema\/person\/633529146f2c94272bef50ac2953d589"},"headline":"Tr\u00eas pessoas morrem em acidente na MGC-120","datePublished":"2017-01-22T11:45:22+00:00","dateModified":"2017-01-22T13:06:56+00:00","mainEntityOfPage":{"@id":"https:\/\/aconteceunovale.com.br\/portal\/?p=107391"},"wordCount":396,"commentCount":0,"image":{"@id":"https:\/\/aconteceunovale.com.br\/portal\/?p=107391#primaryimage"},"thumbnailUrl":"https:\/\/aconteceunovale.com.br\/portal\/wp-content\/uploads\/2017\/01\/acidente_120_2.jpeg","keywords":["Acidente com carro de Ribeir\u00e3o das Neves","Acidente com Siena de Ribeir\u00e3o das Neves","Acidente em Ferros","Acidente na MGC 120 em Ferros","acidente na mgc-120","Acidente perto de Ferros","Ana Karen Silva Fernandes","Capotamento na MGC-120","Carlos Jos\u00e9 Fernandes","Caroline Bianca Bento Fernandes","destaque","Ferros","Itabira","Larissa Vit\u00f3ria Dutra Silva","MGC 120","Ribeir\u00e3o das Neves","Tr\u00eas pessoas morrem em acidente na MGC-120","Tr\u00eas pessoas morrem em acidente na MGC-120 em Ferros"],"articleSection":["Minas Gerais"],"inLanguage":"pt-BR","potentialAction":[{"@type":"CommentAction","name":"Comment","target":["https:\/\/aconteceunovale.com.br\/portal\/?p=107391#respond"]}]},{"@type":"WebPage","@id":"https:\/\/aconteceunovale.com.br\/portal\/?p=107391","url":"https:\/\/aconteceunovale.com.br\/portal\/?p=107391","name":"Tr\u00eas pessoas morrem em acidente na MGC-120 - Aconteceu no Vale","isPartOf":{"@id":"https:\/\/aconteceunovale.com.br\/portal\/#website"},"primaryImageOfPage":{"@id":"https:\/\/aconteceunovale.com.br\/portal\/?p=107391#primaryimage"},"image":{"@id":"https:\/\/aconteceunovale.com.br\/portal\/?p=107391#primaryimage"},"thumbnailUrl":"https:\/\/aconteceunovale.com.br\/portal\/wp-content\/uploads\/2017\/01\/acidente_120_2.jpeg","datePublished":"2017-01-22T11:45:22+00:00","dateModified":"2017-01-22T13:06:56+00:00","author":{"@id":"https:\/\/aconteceunovale.com.br\/portal\/#\/schema\/person\/633529146f2c94272bef50ac2953d589"},"breadcrumb":{"@id":"https:\/\/aconteceunovale.com.br\/portal\/?p=107391#breadcrumb"},"inLanguage":"pt-BR","potentialAction":[{"@type":"ReadAction","target":["https:\/\/aconteceunovale.com.br\/portal\/?p=107391"]}]},{"@type":"ImageObject","inLanguage":"pt-BR","@id":"https:\/\/aconteceunovale.com.br\/portal\/?p=107391#primaryimage","url":"https:\/\/aconteceunovale.com.br\/portal\/wp-content\/uploads\/2017\/01\/acidente_120_2.jpeg","contentUrl":"https:\/\/aconteceunovale.com.br\/portal\/wp-content\/uploads\/2017\/01\/acidente_120_2.jpeg","width":678,"height":381},{"@type":"BreadcrumbList","@id":"https:\/\/aconteceunovale.com.br\/portal\/?p=107391#breadcrumb","itemListElement":[{"@type":"ListItem","position":1,"name":"In\u00edcio","item":"https:\/\/aconteceunovale.com.br\/portal\/"},{"@type":"ListItem","position":2,"name":"Tr\u00eas pessoas morrem em acidente na MGC-120"}]},{"@type":"WebSite","@id":"https:\/\/aconteceunovale.com.br\/portal\/#website","url":"https:\/\/aconteceunovale.com.br\/portal\/","name":"Aconteceu no Vale","description":"Portal de Not\u00edcias","potentialAction":[{"@type":"SearchAction","target":{"@type":"EntryPoint","urlTemplate":"https:\/\/aconteceunovale.com.br\/portal\/?s={search_term_string}"},"query-input":{"@type":"PropertyValueSpecification","valueRequired":true,"valueName":"search_term_string"}}],"inLanguage":"pt-BR"},{"@type":"Person","@id":"https:\/\/aconteceunovale.com.br\/portal\/#\/schema\/person\/633529146f2c94272bef50ac2953d589","name":"Aconteceu no Vale","description":"Equipe de reportagem do Aconteceu no Vale, portal de not\u00edcias do Vale do Jequitinhonha, em Minas Gerais. Cobrimos as 51 cidades do Vale desde 2013. Sugest\u00f5es de pauta e pedidos de corre\u00e7\u00e3o: contato@aconteceunovale.com.br","sameAs":["http:\/\/www.aconteceunovale.com.br"],"url":"https:\/\/aconteceunovale.com.br\/portal\/?author=1"}]}},"_links":{"self":[{"href":"https:\/\/aconteceunovale.com.br\/portal\/index.php?rest_route=\/wp\/v2\/posts\/107391","targetHints":{"allow":["GET"]}}],"collection":[{"href":"https:\/\/aconteceunovale.com.br\/portal\/index.php?rest_route=\/wp\/v2\/posts"}],"about":[{"href":"https:\/\/aconteceunovale.com.br\/portal\/index.php?rest_route=\/wp\/v2\/types\/post"}],"author":[{"embeddable":true,"href":"https:\/\/aconteceunovale.com.br\/portal\/index.php?rest_route=\/wp\/v2\/users\/1"}],"replies":[{"embeddable":true,"href":"https:\/\/aconteceunovale.com.br\/portal\/index.php?rest_route=%2Fwp%2Fv2%2Fcomments&post=107391"}],"version-history":[{"count":0,"href":"https:\/\/aconteceunovale.com.br\/portal\/index.php?rest_route=\/wp\/v2\/posts\/107391\/revisions"}],"wp:featuredmedia":[{"embeddable":true,"href":"https:\/\/aconteceunovale.com.br\/portal\/index.php?rest_route=\/wp\/v2\/media\/107393"}],"wp:attachment":[{"href":"https:\/\/aconteceunovale.com.br\/portal\/index.php?rest_route=%2Fwp%2Fv2%2Fmedia&parent=107391"}],"wp:term":[{"taxonomy":"category","embeddable":true,"href":"https:\/\/aconteceunovale.com.br\/portal\/index.php?rest_route=%2Fwp%2Fv2%2Fcategories&post=107391"},{"taxonomy":"post_tag","embeddable":true,"href":"https:\/\/aconteceunovale.com.br\/portal\/index.php?rest_route=%2Fwp%2Fv2%2Ftags&post=107391"}],"curies":[{"name":"wp","href":"https:\/\/api.w.org\/{rel}","templated":true}]}}