{"id":107377,"date":"2017-01-21T16:09:00","date_gmt":"2017-01-21T18:09:00","guid":{"rendered":"http:\/\/aconteceunovale.com.br\/portal\/?p=107377"},"modified":"2017-01-21T16:09:00","modified_gmt":"2017-01-21T18:09:00","slug":"homem-e-baleado-durante-assalto-em-parque-de-vaquejada-em-coracao-de-jesus-no-norte-de-minas","status":"publish","type":"post","link":"https:\/\/aconteceunovale.com.br\/portal\/?p=107377","title":{"rendered":"Homem \u00e9 baleado durante assalto em Parque de Vaquejada em Cora\u00e7\u00e3o de Jesus, no Norte de Minas"},"content":{"rendered":"<p>Um homem de 23 anos foi baleado durante um assalto em Cora\u00e7\u00e3o de Jesus, na noite dessa sexta-feira (20\/1\/2017). Segundo a Pol\u00edcia Militar, a v\u00edtima e um amigo, de 24 anos, estavam no estacionamento do Parque de Vaquejada, quando foram abordados por dois homens; um deles estava armado e anunciou o assalto.<\/p>\n<p>Eles roubaram celulares, capacetes e a chave da motocicleta de uma das v\u00edtimas. Quando os autores tentaram sair com a moto, os dois homens reagiram ao assalto e derrubaram os criminosos do ve\u00edculo. Eles entraram em luta corporal e durante a confus\u00e3o o jovem, de 23 anos, foi baleado no t\u00f3rax.<\/p>\n<p>Em seguida, os bandidos fugiram levando apenas os celulares. O baleado foi encaminhado ao hospital; a outra v\u00edtima teve escoria\u00e7\u00f5es e recusou atendimento m\u00e9dico.<\/p>\n<p>Uma testemunha informou \u00e0 PM que os autores fugiram sentido ao Bairro Aeroporto, mas at\u00e9 o momento eles n\u00e3o foram localizados.<\/p>\n<p><strong>VER PRIMEIRO<\/strong><\/p>\n<p><strong>Receba as not\u00edcias do Aconteceu no Vale em primeira m\u00e3o. Clique em curtir no endere\u00e7o <a href=\"https:\/\/www.facebook.com\/aconteceunovale\" target=\"_blank\"><font color=\"red\">www.facebook.com\/aconteceunovale<\/font><\/a> ou no box abaixo:<\/strong><\/p>\n<div class=\"fb-like\" data-href=\"https:\/\/www.facebook.com\/aconteceunovale\" data-width=\"120\" data-layout=\"standard\" data-action=\"like\" data-size=\"small\" data-show-faces=\"true\" data-share=\"true\"><\/div>\n<p><\/br><\/p>\n<p><em>(G1 Grande Minas)<\/em><\/p>\n","protected":false},"excerpt":{"rendered":"<p>Um homem de 23 anos foi baleado durante um assalto em Cora\u00e7\u00e3o de Jesus, na noite dessa sexta-feira (20\/1\/2017). Segundo a Pol\u00edcia Militar, a v\u00edtima e um amigo, de 24 anos, estavam no estacionamento do Parque de Vaquejada, quando foram abordados por dois homens; um deles estava armado e anunciou o assalto. Eles roubaram celulares, [&hellip;]<\/p>\n","protected":false},"author":1,"featured_media":71442,"comment_status":"open","ping_status":"closed","sticky":false,"template":"","format":"standard","meta":{"amp_status":"","footnotes":""},"categories":[1236],"tags":[83870,136729,136730,1801,136732,83871,136731],"class_list":["post-107377","post","type-post","status-publish","format-standard","has-post-thumbnail","hentry","category-norte_de_minas","tag-assalto-em-coracao-de-jesus","tag-baleado-durante-assalto-em-coracao-de-jesus","tag-baleado-em-coracao-de-jesus","tag-coracao-de-jesus","tag-homem-e-baleado-durante-assalto-em-parque-de-vaquejada-em-coracao-de-jesus","tag-roubo-em-coracao-de-jesus","tag-tentativa-de-homicidio-em-coracao-de-jesus"],"yoast_head":"<!-- This site is optimized with the Yoast SEO plugin v28.3 - https:\/\/yoast.com\/product\/yoast-seo-wordpress\/ -->\n<title>Homem \u00e9 baleado durante assalto em Parque de Vaquejada em Cora\u00e7\u00e3o de Jesus, no Norte de Minas - Aconteceu no Vale<\/title>\n<meta name=\"robots\" content=\"index, follow, max-snippet:-1, max-image-preview:large, max-video-preview:-1\" \/>\n<link rel=\"canonical\" href=\"https:\/\/aconteceunovale.com.br\/portal\/?p=107377\" \/>\n<meta property=\"og:locale\" content=\"pt_BR\" \/>\n<meta property=\"og:type\" content=\"article\" \/>\n<meta property=\"og:title\" content=\"Homem \u00e9 baleado durante assalto em Parque de Vaquejada em Cora\u00e7\u00e3o de Jesus, no Norte de Minas - Aconteceu no Vale\" \/>\n<meta property=\"og:description\" content=\"Um homem de 23 anos foi baleado durante um assalto em Cora\u00e7\u00e3o de Jesus, na noite dessa sexta-feira (20\/1\/2017). Segundo a Pol\u00edcia Militar, a v\u00edtima e um amigo, de 24 anos, estavam no estacionamento do Parque de Vaquejada, quando foram abordados por dois homens; um deles estava armado e anunciou o assalto. Eles roubaram celulares, [&hellip;]\" \/>\n<meta property=\"og:url\" content=\"https:\/\/aconteceunovale.com.br\/portal\/?p=107377\" \/>\n<meta property=\"og:site_name\" content=\"Aconteceu no Vale\" \/>\n<meta property=\"article:publisher\" content=\"https:\/\/www.facebook.com\/aconteceunovale\/\" \/>\n<meta property=\"article:published_time\" content=\"2017-01-21T18:09:00+00:00\" \/>\n<meta property=\"og:image\" content=\"https:\/\/aconteceunovale.com.br\/portal\/wp-content\/uploads\/2015\/10\/plantao_giroflex.jpg\" \/>\n\t<meta property=\"og:image:width\" content=\"678\" \/>\n\t<meta property=\"og:image:height\" content=\"389\" \/>\n\t<meta property=\"og:image:type\" content=\"image\/jpeg\" \/>\n<meta name=\"author\" content=\"Aconteceu no Vale\" \/>\n<meta name=\"twitter:card\" content=\"summary_large_image\" \/>\n<meta name=\"twitter:creator\" content=\"@noticiadosvales\" \/>\n<meta name=\"twitter:site\" content=\"@noticiadosvales\" \/>\n<meta name=\"twitter:label1\" content=\"Escrito por\" \/>\n\t<meta name=\"twitter:data1\" content=\"Aconteceu no Vale\" \/>\n\t<meta name=\"twitter:label2\" content=\"Est. tempo de leitura\" \/>\n\t<meta name=\"twitter:data2\" content=\"1 minuto\" \/>\n<script type=\"application\/ld+json\" class=\"yoast-schema-graph\">{\"@context\":\"https:\\\/\\\/schema.org\",\"@graph\":[{\"@type\":\"Article\",\"@id\":\"https:\\\/\\\/aconteceunovale.com.br\\\/portal\\\/?p=107377#article\",\"isPartOf\":{\"@id\":\"https:\\\/\\\/aconteceunovale.com.br\\\/portal\\\/?p=107377\"},\"author\":{\"name\":\"Aconteceu no Vale\",\"@id\":\"https:\\\/\\\/aconteceunovale.com.br\\\/portal\\\/#\\\/schema\\\/person\\\/633529146f2c94272bef50ac2953d589\"},\"headline\":\"Homem \u00e9 baleado durante assalto em Parque de Vaquejada em Cora\u00e7\u00e3o de Jesus, no Norte de Minas\",\"datePublished\":\"2017-01-21T18:09:00+00:00\",\"mainEntityOfPage\":{\"@id\":\"https:\\\/\\\/aconteceunovale.com.br\\\/portal\\\/?p=107377\"},\"wordCount\":202,\"commentCount\":0,\"image\":{\"@id\":\"https:\\\/\\\/aconteceunovale.com.br\\\/portal\\\/?p=107377#primaryimage\"},\"thumbnailUrl\":\"https:\\\/\\\/aconteceunovale.com.br\\\/portal\\\/wp-content\\\/uploads\\\/2015\\\/10\\\/plantao_giroflex.jpg\",\"keywords\":[\"assalto em Cora\u00e7\u00e3o de Jesus\",\"Baleado durante assalto em Cora\u00e7\u00e3o de Jesus\",\"Baleado em Cora\u00e7\u00e3o de Jesus\",\"Cora\u00e7\u00e3o de Jesus\",\"Homem \u00e9 baleado durante assalto em Parque de Vaquejada em Cora\u00e7\u00e3o de Jesus\",\"roubo em Cora\u00e7\u00e3o de Jesus\",\"Tentativa de homic\u00eddio em Cora\u00e7\u00e3o de Jesus\"],\"articleSection\":[\"Norte de Minas\"],\"inLanguage\":\"pt-BR\",\"potentialAction\":[{\"@type\":\"CommentAction\",\"name\":\"Comment\",\"target\":[\"https:\\\/\\\/aconteceunovale.com.br\\\/portal\\\/?p=107377#respond\"]}]},{\"@type\":\"WebPage\",\"@id\":\"https:\\\/\\\/aconteceunovale.com.br\\\/portal\\\/?p=107377\",\"url\":\"https:\\\/\\\/aconteceunovale.com.br\\\/portal\\\/?p=107377\",\"name\":\"Homem \u00e9 baleado durante assalto em Parque de Vaquejada em Cora\u00e7\u00e3o de Jesus, no Norte de Minas - Aconteceu no Vale\",\"isPartOf\":{\"@id\":\"https:\\\/\\\/aconteceunovale.com.br\\\/portal\\\/#website\"},\"primaryImageOfPage\":{\"@id\":\"https:\\\/\\\/aconteceunovale.com.br\\\/portal\\\/?p=107377#primaryimage\"},\"image\":{\"@id\":\"https:\\\/\\\/aconteceunovale.com.br\\\/portal\\\/?p=107377#primaryimage\"},\"thumbnailUrl\":\"https:\\\/\\\/aconteceunovale.com.br\\\/portal\\\/wp-content\\\/uploads\\\/2015\\\/10\\\/plantao_giroflex.jpg\",\"datePublished\":\"2017-01-21T18:09:00+00:00\",\"author\":{\"@id\":\"https:\\\/\\\/aconteceunovale.com.br\\\/portal\\\/#\\\/schema\\\/person\\\/633529146f2c94272bef50ac2953d589\"},\"breadcrumb\":{\"@id\":\"https:\\\/\\\/aconteceunovale.com.br\\\/portal\\\/?p=107377#breadcrumb\"},\"inLanguage\":\"pt-BR\",\"potentialAction\":[{\"@type\":\"ReadAction\",\"target\":[\"https:\\\/\\\/aconteceunovale.com.br\\\/portal\\\/?p=107377\"]}]},{\"@type\":\"ImageObject\",\"inLanguage\":\"pt-BR\",\"@id\":\"https:\\\/\\\/aconteceunovale.com.br\\\/portal\\\/?p=107377#primaryimage\",\"url\":\"https:\\\/\\\/aconteceunovale.com.br\\\/portal\\\/wp-content\\\/uploads\\\/2015\\\/10\\\/plantao_giroflex.jpg\",\"contentUrl\":\"https:\\\/\\\/aconteceunovale.com.br\\\/portal\\\/wp-content\\\/uploads\\\/2015\\\/10\\\/plantao_giroflex.jpg\",\"width\":678,\"height\":389},{\"@type\":\"BreadcrumbList\",\"@id\":\"https:\\\/\\\/aconteceunovale.com.br\\\/portal\\\/?p=107377#breadcrumb\",\"itemListElement\":[{\"@type\":\"ListItem\",\"position\":1,\"name\":\"In\u00edcio\",\"item\":\"https:\\\/\\\/aconteceunovale.com.br\\\/portal\\\/\"},{\"@type\":\"ListItem\",\"position\":2,\"name\":\"Homem \u00e9 baleado durante assalto em Parque de Vaquejada em Cora\u00e7\u00e3o de Jesus, no Norte de Minas\"}]},{\"@type\":\"WebSite\",\"@id\":\"https:\\\/\\\/aconteceunovale.com.br\\\/portal\\\/#website\",\"url\":\"https:\\\/\\\/aconteceunovale.com.br\\\/portal\\\/\",\"name\":\"Aconteceu no Vale\",\"description\":\"Portal de Not\u00edcias\",\"potentialAction\":[{\"@type\":\"SearchAction\",\"target\":{\"@type\":\"EntryPoint\",\"urlTemplate\":\"https:\\\/\\\/aconteceunovale.com.br\\\/portal\\\/?s={search_term_string}\"},\"query-input\":{\"@type\":\"PropertyValueSpecification\",\"valueRequired\":true,\"valueName\":\"search_term_string\"}}],\"inLanguage\":\"pt-BR\"},{\"@type\":\"Person\",\"@id\":\"https:\\\/\\\/aconteceunovale.com.br\\\/portal\\\/#\\\/schema\\\/person\\\/633529146f2c94272bef50ac2953d589\",\"name\":\"Aconteceu no Vale\",\"description\":\"Equipe de reportagem do Aconteceu no Vale, portal de not\u00edcias do Vale do Jequitinhonha, em Minas Gerais. Cobrimos as 51 cidades do Vale desde 2013. Sugest\u00f5es de pauta e pedidos de corre\u00e7\u00e3o: contato@aconteceunovale.com.br\",\"sameAs\":[\"http:\\\/\\\/www.aconteceunovale.com.br\"],\"url\":\"https:\\\/\\\/aconteceunovale.com.br\\\/portal\\\/?author=1\"}]}<\/script>\n<!-- \/ Yoast SEO plugin. -->","yoast_head_json":{"title":"Homem \u00e9 baleado durante assalto em Parque de Vaquejada em Cora\u00e7\u00e3o de Jesus, no Norte de Minas - Aconteceu no Vale","robots":{"index":"index","follow":"follow","max-snippet":"max-snippet:-1","max-image-preview":"max-image-preview:large","max-video-preview":"max-video-preview:-1"},"canonical":"https:\/\/aconteceunovale.com.br\/portal\/?p=107377","og_locale":"pt_BR","og_type":"article","og_title":"Homem \u00e9 baleado durante assalto em Parque de Vaquejada em Cora\u00e7\u00e3o de Jesus, no Norte de Minas - Aconteceu no Vale","og_description":"Um homem de 23 anos foi baleado durante um assalto em Cora\u00e7\u00e3o de Jesus, na noite dessa sexta-feira (20\/1\/2017). Segundo a Pol\u00edcia Militar, a v\u00edtima e um amigo, de 24 anos, estavam no estacionamento do Parque de Vaquejada, quando foram abordados por dois homens; um deles estava armado e anunciou o assalto. Eles roubaram celulares, [&hellip;]","og_url":"https:\/\/aconteceunovale.com.br\/portal\/?p=107377","og_site_name":"Aconteceu no Vale","article_publisher":"https:\/\/www.facebook.com\/aconteceunovale\/","article_published_time":"2017-01-21T18:09:00+00:00","og_image":[{"width":678,"height":389,"url":"https:\/\/aconteceunovale.com.br\/portal\/wp-content\/uploads\/2015\/10\/plantao_giroflex.jpg","type":"image\/jpeg"}],"author":"Aconteceu no Vale","twitter_card":"summary_large_image","twitter_creator":"@noticiadosvales","twitter_site":"@noticiadosvales","twitter_misc":{"Escrito por":"Aconteceu no Vale","Est. tempo de leitura":"1 minuto"},"schema":{"@context":"https:\/\/schema.org","@graph":[{"@type":"Article","@id":"https:\/\/aconteceunovale.com.br\/portal\/?p=107377#article","isPartOf":{"@id":"https:\/\/aconteceunovale.com.br\/portal\/?p=107377"},"author":{"name":"Aconteceu no Vale","@id":"https:\/\/aconteceunovale.com.br\/portal\/#\/schema\/person\/633529146f2c94272bef50ac2953d589"},"headline":"Homem \u00e9 baleado durante assalto em Parque de Vaquejada em Cora\u00e7\u00e3o de Jesus, no Norte de Minas","datePublished":"2017-01-21T18:09:00+00:00","mainEntityOfPage":{"@id":"https:\/\/aconteceunovale.com.br\/portal\/?p=107377"},"wordCount":202,"commentCount":0,"image":{"@id":"https:\/\/aconteceunovale.com.br\/portal\/?p=107377#primaryimage"},"thumbnailUrl":"https:\/\/aconteceunovale.com.br\/portal\/wp-content\/uploads\/2015\/10\/plantao_giroflex.jpg","keywords":["assalto em Cora\u00e7\u00e3o de Jesus","Baleado durante assalto em Cora\u00e7\u00e3o de Jesus","Baleado em Cora\u00e7\u00e3o de Jesus","Cora\u00e7\u00e3o de Jesus","Homem \u00e9 baleado durante assalto em Parque de Vaquejada em Cora\u00e7\u00e3o de Jesus","roubo em Cora\u00e7\u00e3o de Jesus","Tentativa de homic\u00eddio em Cora\u00e7\u00e3o de Jesus"],"articleSection":["Norte de Minas"],"inLanguage":"pt-BR","potentialAction":[{"@type":"CommentAction","name":"Comment","target":["https:\/\/aconteceunovale.com.br\/portal\/?p=107377#respond"]}]},{"@type":"WebPage","@id":"https:\/\/aconteceunovale.com.br\/portal\/?p=107377","url":"https:\/\/aconteceunovale.com.br\/portal\/?p=107377","name":"Homem \u00e9 baleado durante assalto em Parque de Vaquejada em Cora\u00e7\u00e3o de Jesus, no Norte de Minas - Aconteceu no Vale","isPartOf":{"@id":"https:\/\/aconteceunovale.com.br\/portal\/#website"},"primaryImageOfPage":{"@id":"https:\/\/aconteceunovale.com.br\/portal\/?p=107377#primaryimage"},"image":{"@id":"https:\/\/aconteceunovale.com.br\/portal\/?p=107377#primaryimage"},"thumbnailUrl":"https:\/\/aconteceunovale.com.br\/portal\/wp-content\/uploads\/2015\/10\/plantao_giroflex.jpg","datePublished":"2017-01-21T18:09:00+00:00","author":{"@id":"https:\/\/aconteceunovale.com.br\/portal\/#\/schema\/person\/633529146f2c94272bef50ac2953d589"},"breadcrumb":{"@id":"https:\/\/aconteceunovale.com.br\/portal\/?p=107377#breadcrumb"},"inLanguage":"pt-BR","potentialAction":[{"@type":"ReadAction","target":["https:\/\/aconteceunovale.com.br\/portal\/?p=107377"]}]},{"@type":"ImageObject","inLanguage":"pt-BR","@id":"https:\/\/aconteceunovale.com.br\/portal\/?p=107377#primaryimage","url":"https:\/\/aconteceunovale.com.br\/portal\/wp-content\/uploads\/2015\/10\/plantao_giroflex.jpg","contentUrl":"https:\/\/aconteceunovale.com.br\/portal\/wp-content\/uploads\/2015\/10\/plantao_giroflex.jpg","width":678,"height":389},{"@type":"BreadcrumbList","@id":"https:\/\/aconteceunovale.com.br\/portal\/?p=107377#breadcrumb","itemListElement":[{"@type":"ListItem","position":1,"name":"In\u00edcio","item":"https:\/\/aconteceunovale.com.br\/portal\/"},{"@type":"ListItem","position":2,"name":"Homem \u00e9 baleado durante assalto em Parque de Vaquejada em Cora\u00e7\u00e3o de Jesus, no Norte de Minas"}]},{"@type":"WebSite","@id":"https:\/\/aconteceunovale.com.br\/portal\/#website","url":"https:\/\/aconteceunovale.com.br\/portal\/","name":"Aconteceu no Vale","description":"Portal de Not\u00edcias","potentialAction":[{"@type":"SearchAction","target":{"@type":"EntryPoint","urlTemplate":"https:\/\/aconteceunovale.com.br\/portal\/?s={search_term_string}"},"query-input":{"@type":"PropertyValueSpecification","valueRequired":true,"valueName":"search_term_string"}}],"inLanguage":"pt-BR"},{"@type":"Person","@id":"https:\/\/aconteceunovale.com.br\/portal\/#\/schema\/person\/633529146f2c94272bef50ac2953d589","name":"Aconteceu no Vale","description":"Equipe de reportagem do Aconteceu no Vale, portal de not\u00edcias do Vale do Jequitinhonha, em Minas Gerais. Cobrimos as 51 cidades do Vale desde 2013. Sugest\u00f5es de pauta e pedidos de corre\u00e7\u00e3o: contato@aconteceunovale.com.br","sameAs":["http:\/\/www.aconteceunovale.com.br"],"url":"https:\/\/aconteceunovale.com.br\/portal\/?author=1"}]}},"_links":{"self":[{"href":"https:\/\/aconteceunovale.com.br\/portal\/index.php?rest_route=\/wp\/v2\/posts\/107377","targetHints":{"allow":["GET"]}}],"collection":[{"href":"https:\/\/aconteceunovale.com.br\/portal\/index.php?rest_route=\/wp\/v2\/posts"}],"about":[{"href":"https:\/\/aconteceunovale.com.br\/portal\/index.php?rest_route=\/wp\/v2\/types\/post"}],"author":[{"embeddable":true,"href":"https:\/\/aconteceunovale.com.br\/portal\/index.php?rest_route=\/wp\/v2\/users\/1"}],"replies":[{"embeddable":true,"href":"https:\/\/aconteceunovale.com.br\/portal\/index.php?rest_route=%2Fwp%2Fv2%2Fcomments&post=107377"}],"version-history":[{"count":0,"href":"https:\/\/aconteceunovale.com.br\/portal\/index.php?rest_route=\/wp\/v2\/posts\/107377\/revisions"}],"wp:featuredmedia":[{"embeddable":true,"href":"https:\/\/aconteceunovale.com.br\/portal\/index.php?rest_route=\/wp\/v2\/media\/71442"}],"wp:attachment":[{"href":"https:\/\/aconteceunovale.com.br\/portal\/index.php?rest_route=%2Fwp%2Fv2%2Fmedia&parent=107377"}],"wp:term":[{"taxonomy":"category","embeddable":true,"href":"https:\/\/aconteceunovale.com.br\/portal\/index.php?rest_route=%2Fwp%2Fv2%2Fcategories&post=107377"},{"taxonomy":"post_tag","embeddable":true,"href":"https:\/\/aconteceunovale.com.br\/portal\/index.php?rest_route=%2Fwp%2Fv2%2Ftags&post=107377"}],"curies":[{"name":"wp","href":"https:\/\/api.w.org\/{rel}","templated":true}]}}