{"id":107361,"date":"2017-01-21T10:31:19","date_gmt":"2017-01-21T12:31:19","guid":{"rendered":"http:\/\/aconteceunovale.com.br\/portal\/?p=107361"},"modified":"2017-01-21T10:31:19","modified_gmt":"2017-01-21T12:31:19","slug":"laudo-constata-que-choque-com-queda-de-aviao-matou-teori-zavascki","status":"publish","type":"post","link":"https:\/\/aconteceunovale.com.br\/portal\/?p=107361","title":{"rendered":"Laudo constata que choque com queda de avi\u00e3o matou Teori Zavascki"},"content":{"rendered":"<p>O laudo do exame de necropsia feito no corpo de Teori Zavascki constatou que o ministro do Supremo Tribunal Federal (STF) morreu de politraumatismo, isto \u00e9, de v\u00e1rios traumas ocasionados pela queda da aeronave. Al\u00e9m disso, n\u00e3o houve afogamento, segundo informa\u00e7\u00f5es do Instituto M\u00e9dico Legal (IML) de Angra dos Reis, no estado do Rio de Janeiro.<\/p>\n<p>O avi\u00e3o em que estava Zavascki e mais quatro pessoas caiu no litoral de Paraty na tarde de quinta-feira (19), durante uma tentativa de pouso no aeroporto da cidade. Al\u00e9m dele, estavam na aeronave o empres\u00e1rio Carlos Alberto Filgueiras, dono do grupo hoteleiro Emiliano, o piloto Osmar Rodrigues, a massoterapeuta de Carlos Alberto, Ma\u00edra Panas, al\u00e9m da m\u00e3e dela, Maria Panas.<\/p>\n<p>Os corpos de Zavascki e do empres\u00e1rio foram liberados pelo IML e ser\u00e3o sepultados hoje. O corpo do ministro Teori Zavascki, que j\u00e1 chegou ao Rio Grande do Sul, ser\u00e1 velado na sede do Tribunal Regional Federal da 4\u00aa Regi\u00e3o, em Porto Alegre. O sepultamento ser\u00e1 \u00e0s 18h no Cemit\u00e9rio Jardim da Paz, na capital ga\u00facha.<\/p>\n<p>J\u00e1 o corpo de Filgueiras ser\u00e1 velado a partir das 15h30 no Cremat\u00f3rio Municipal Doutor Jayme Augusto Lopes, na Vila Alpina, em S\u00e3o Paulo. A crema\u00e7\u00e3o est\u00e1 marcada para \u00e0s 20h.<\/p>\n<p><img decoding=\"async\" src=\"http:\/\/aconteceunovale.com.br\/portal\/wp-content\/uploads\/2017\/01\/aviao_teori.jpg\" alt=\"\" \/><em>Avi\u00e3o caiu no mar de Paraty (Reprodu\u00e7\u00e3o\/Twitter Aeroagora)<\/em><br \/>\n<\/br><\/p>\n<p><strong>VER PRIMEIRO<\/strong><\/p>\n<p><strong>Receba as not\u00edcias do Aconteceu no Vale em primeira m\u00e3o. Clique em curtir no endere\u00e7o <a href=\"https:\/\/www.facebook.com\/aconteceunovale\" target=\"_blank\"><font color=\"red\">www.facebook.com\/aconteceunovale<\/font><\/a> ou no box abaixo:<\/strong><\/p>\n<div class=\"fb-like\" data-href=\"https:\/\/www.facebook.com\/aconteceunovale\" data-width=\"120\" data-layout=\"standard\" data-action=\"like\" data-size=\"small\" data-show-faces=\"true\" data-share=\"true\"><\/div>\n<p><\/br><\/p>\n<p><em>(Ag\u00eancia Brasil)<\/em><\/p>\n","protected":false},"excerpt":{"rendered":"<p>O laudo do exame de necropsia feito no corpo de Teori Zavascki constatou que o ministro do Supremo Tribunal Federal (STF) morreu de politraumatismo, isto \u00e9, de v\u00e1rios traumas ocasionados pela queda da aeronave. Al\u00e9m disso, n\u00e3o houve afogamento, segundo informa\u00e7\u00f5es do Instituto M\u00e9dico Legal (IML) de Angra dos Reis, no estado do Rio de [&hellip;]<\/p>\n","protected":false},"author":1,"featured_media":107362,"comment_status":"open","ping_status":"closed","sticky":false,"template":"","format":"standard","meta":{"amp_status":"","footnotes":""},"categories":[6],"tags":[136558,136550,136553,136548,136549,136554,58545,136555,136717,136714,136557,136715,136720,136718,136719,136551,136546,136545,18095,136716,20915,63041,136552,136547,136559,136556,136544,28511,36643],"class_list":["post-107361","post","type-post","status-publish","format-standard","has-post-thumbnail","hentry","category-br","tag-acidente-aereo-mata-ministro-teori-zavascki","tag-acidente-com-aviao-de-ministro-do-stf","tag-acidente-com-aviao-de-teori-zavascki","tag-acidente-com-aviao-do-ministro-do-supremo-tribunal-federal","tag-acidente-com-ministro-do-supremo-tribunal-federal","tag-acidente-com-teori-zavascki","tag-acidente-em-paraty","tag-acidente-teori","tag-carlos-alberto","tag-carlos-alberto-filgueiras","tag-francisco-zavascki","tag-hotel-emiliano","tag-laudo-constata-que-choque-com-queda-de-aviao-matou-teori-zavascki","tag-maira-panas","tag-maria-panas","tag-ministro-do-stf","tag-morre-o-ministro-teori-zavascki","tag-morte-de-teori-zavascki","tag-operacao-lava-jato","tag-osmar-rodrigues","tag-paraty","tag-queda-de-aviao","tag-queda-de-aviao-de-ministro-do-stf","tag-queda-de-aviao-do-ministro-do-supremo-tribunal-federal","tag-queda-de-aviao-em-paraty","tag-queda-de-aviao-teori","tag-queda-de-aviao-teori-zavascki","tag-stf","tag-teori-zavascki"],"yoast_head":"<!-- This site is optimized with the Yoast SEO plugin v28.3 - https:\/\/yoast.com\/product\/yoast-seo-wordpress\/ -->\n<title>Laudo constata que choque com queda de avi\u00e3o matou Teori Zavascki - Aconteceu no Vale<\/title>\n<meta name=\"robots\" content=\"index, follow, max-snippet:-1, max-image-preview:large, max-video-preview:-1\" \/>\n<link rel=\"canonical\" href=\"https:\/\/aconteceunovale.com.br\/portal\/?p=107361\" \/>\n<meta property=\"og:locale\" content=\"pt_BR\" \/>\n<meta property=\"og:type\" content=\"article\" \/>\n<meta property=\"og:title\" content=\"Laudo constata que choque com queda de avi\u00e3o matou Teori Zavascki - Aconteceu no Vale\" \/>\n<meta property=\"og:description\" content=\"O laudo do exame de necropsia feito no corpo de Teori Zavascki constatou que o ministro do Supremo Tribunal Federal (STF) morreu de politraumatismo, isto \u00e9, de v\u00e1rios traumas ocasionados pela queda da aeronave. Al\u00e9m disso, n\u00e3o houve afogamento, segundo informa\u00e7\u00f5es do Instituto M\u00e9dico Legal (IML) de Angra dos Reis, no estado do Rio de [&hellip;]\" \/>\n<meta property=\"og:url\" content=\"https:\/\/aconteceunovale.com.br\/portal\/?p=107361\" \/>\n<meta property=\"og:site_name\" content=\"Aconteceu no Vale\" \/>\n<meta property=\"article:publisher\" content=\"https:\/\/www.facebook.com\/aconteceunovale\/\" \/>\n<meta property=\"article:published_time\" content=\"2017-01-21T12:31:19+00:00\" \/>\n<meta property=\"og:image\" content=\"https:\/\/aconteceunovale.com.br\/portal\/wp-content\/uploads\/2017\/01\/aviao_teori.jpg\" \/>\n\t<meta property=\"og:image:width\" content=\"580\" \/>\n\t<meta property=\"og:image:height\" content=\"388\" \/>\n\t<meta property=\"og:image:type\" content=\"image\/jpeg\" \/>\n<meta name=\"author\" content=\"Aconteceu no Vale\" \/>\n<meta name=\"twitter:card\" content=\"summary_large_image\" \/>\n<meta name=\"twitter:creator\" content=\"@noticiadosvales\" \/>\n<meta name=\"twitter:site\" content=\"@noticiadosvales\" \/>\n<meta name=\"twitter:label1\" content=\"Escrito por\" \/>\n\t<meta name=\"twitter:data1\" content=\"Aconteceu no Vale\" \/>\n\t<meta name=\"twitter:label2\" content=\"Est. tempo de leitura\" \/>\n\t<meta name=\"twitter:data2\" content=\"1 minuto\" \/>\n<script type=\"application\/ld+json\" class=\"yoast-schema-graph\">{\"@context\":\"https:\\\/\\\/schema.org\",\"@graph\":[{\"@type\":\"Article\",\"@id\":\"https:\\\/\\\/aconteceunovale.com.br\\\/portal\\\/?p=107361#article\",\"isPartOf\":{\"@id\":\"https:\\\/\\\/aconteceunovale.com.br\\\/portal\\\/?p=107361\"},\"author\":{\"name\":\"Aconteceu no Vale\",\"@id\":\"https:\\\/\\\/aconteceunovale.com.br\\\/portal\\\/#\\\/schema\\\/person\\\/633529146f2c94272bef50ac2953d589\"},\"headline\":\"Laudo constata que choque com queda de avi\u00e3o matou Teori Zavascki\",\"datePublished\":\"2017-01-21T12:31:19+00:00\",\"mainEntityOfPage\":{\"@id\":\"https:\\\/\\\/aconteceunovale.com.br\\\/portal\\\/?p=107361\"},\"wordCount\":274,\"commentCount\":0,\"image\":{\"@id\":\"https:\\\/\\\/aconteceunovale.com.br\\\/portal\\\/?p=107361#primaryimage\"},\"thumbnailUrl\":\"https:\\\/\\\/aconteceunovale.com.br\\\/portal\\\/wp-content\\\/uploads\\\/2017\\\/01\\\/aviao_teori.jpg\",\"keywords\":[\"Acidente a\u00e9reo mata ministro Teori Zavascki\",\"Acidente com avi\u00e3o de ministro do STF\",\"Acidente com avi\u00e3o de Teori Zavascki\",\"Acidente com avi\u00e3o do ministro do Supremo Tribunal Federal\",\"Acidente com ministro do Supremo Tribunal Federal\",\"Acidente com Teori Zavascki\",\"acidente em Paraty\",\"Acidente Teori\",\"Carlos Alberto\",\"Carlos Alberto Filgueiras\",\"Francisco Zavascki\",\"Hotel Emiliano\",\"Laudo constata que choque com queda de avi\u00e3o matou Teori Zavascki\",\"Ma\u00edra Panas\",\"Maria Panas\",\"ministro do STF\",\"Morre o ministro Teori Zavascki\",\"Morte de Teori Zavascki\",\"Opera\u00e7\u00e3o Lava-Jato\",\"Osmar Rodrigues\",\"Paraty\",\"queda de avi\u00e3o\",\"Queda de avi\u00e3o de ministro do STF\",\"Queda de avi\u00e3o do ministro do Supremo Tribunal Federal\",\"Queda de avi\u00e3o em Paraty\",\"Queda de avi\u00e3o Teori\",\"Queda de avi\u00e3o Teori Zavascki\",\"STF\",\"Teori Zavascki\"],\"articleSection\":[\"Brasil\"],\"inLanguage\":\"pt-BR\",\"potentialAction\":[{\"@type\":\"CommentAction\",\"name\":\"Comment\",\"target\":[\"https:\\\/\\\/aconteceunovale.com.br\\\/portal\\\/?p=107361#respond\"]}]},{\"@type\":\"WebPage\",\"@id\":\"https:\\\/\\\/aconteceunovale.com.br\\\/portal\\\/?p=107361\",\"url\":\"https:\\\/\\\/aconteceunovale.com.br\\\/portal\\\/?p=107361\",\"name\":\"Laudo constata que choque com queda de avi\u00e3o matou Teori Zavascki - Aconteceu no Vale\",\"isPartOf\":{\"@id\":\"https:\\\/\\\/aconteceunovale.com.br\\\/portal\\\/#website\"},\"primaryImageOfPage\":{\"@id\":\"https:\\\/\\\/aconteceunovale.com.br\\\/portal\\\/?p=107361#primaryimage\"},\"image\":{\"@id\":\"https:\\\/\\\/aconteceunovale.com.br\\\/portal\\\/?p=107361#primaryimage\"},\"thumbnailUrl\":\"https:\\\/\\\/aconteceunovale.com.br\\\/portal\\\/wp-content\\\/uploads\\\/2017\\\/01\\\/aviao_teori.jpg\",\"datePublished\":\"2017-01-21T12:31:19+00:00\",\"author\":{\"@id\":\"https:\\\/\\\/aconteceunovale.com.br\\\/portal\\\/#\\\/schema\\\/person\\\/633529146f2c94272bef50ac2953d589\"},\"breadcrumb\":{\"@id\":\"https:\\\/\\\/aconteceunovale.com.br\\\/portal\\\/?p=107361#breadcrumb\"},\"inLanguage\":\"pt-BR\",\"potentialAction\":[{\"@type\":\"ReadAction\",\"target\":[\"https:\\\/\\\/aconteceunovale.com.br\\\/portal\\\/?p=107361\"]}]},{\"@type\":\"ImageObject\",\"inLanguage\":\"pt-BR\",\"@id\":\"https:\\\/\\\/aconteceunovale.com.br\\\/portal\\\/?p=107361#primaryimage\",\"url\":\"https:\\\/\\\/aconteceunovale.com.br\\\/portal\\\/wp-content\\\/uploads\\\/2017\\\/01\\\/aviao_teori.jpg\",\"contentUrl\":\"https:\\\/\\\/aconteceunovale.com.br\\\/portal\\\/wp-content\\\/uploads\\\/2017\\\/01\\\/aviao_teori.jpg\",\"width\":580,\"height\":388},{\"@type\":\"BreadcrumbList\",\"@id\":\"https:\\\/\\\/aconteceunovale.com.br\\\/portal\\\/?p=107361#breadcrumb\",\"itemListElement\":[{\"@type\":\"ListItem\",\"position\":1,\"name\":\"In\u00edcio\",\"item\":\"https:\\\/\\\/aconteceunovale.com.br\\\/portal\\\/\"},{\"@type\":\"ListItem\",\"position\":2,\"name\":\"Laudo constata que choque com queda de avi\u00e3o matou Teori Zavascki\"}]},{\"@type\":\"WebSite\",\"@id\":\"https:\\\/\\\/aconteceunovale.com.br\\\/portal\\\/#website\",\"url\":\"https:\\\/\\\/aconteceunovale.com.br\\\/portal\\\/\",\"name\":\"Aconteceu no Vale\",\"description\":\"Portal de Not\u00edcias\",\"potentialAction\":[{\"@type\":\"SearchAction\",\"target\":{\"@type\":\"EntryPoint\",\"urlTemplate\":\"https:\\\/\\\/aconteceunovale.com.br\\\/portal\\\/?s={search_term_string}\"},\"query-input\":{\"@type\":\"PropertyValueSpecification\",\"valueRequired\":true,\"valueName\":\"search_term_string\"}}],\"inLanguage\":\"pt-BR\"},{\"@type\":\"Person\",\"@id\":\"https:\\\/\\\/aconteceunovale.com.br\\\/portal\\\/#\\\/schema\\\/person\\\/633529146f2c94272bef50ac2953d589\",\"name\":\"Aconteceu no Vale\",\"description\":\"Equipe de reportagem do Aconteceu no Vale, portal de not\u00edcias do Vale do Jequitinhonha, em Minas Gerais. Cobrimos as 51 cidades do Vale desde 2013. Sugest\u00f5es de pauta e pedidos de corre\u00e7\u00e3o: contato@aconteceunovale.com.br\",\"sameAs\":[\"http:\\\/\\\/www.aconteceunovale.com.br\"],\"url\":\"https:\\\/\\\/aconteceunovale.com.br\\\/portal\\\/?author=1\"}]}<\/script>\n<!-- \/ Yoast SEO plugin. -->","yoast_head_json":{"title":"Laudo constata que choque com queda de avi\u00e3o matou Teori Zavascki - Aconteceu no Vale","robots":{"index":"index","follow":"follow","max-snippet":"max-snippet:-1","max-image-preview":"max-image-preview:large","max-video-preview":"max-video-preview:-1"},"canonical":"https:\/\/aconteceunovale.com.br\/portal\/?p=107361","og_locale":"pt_BR","og_type":"article","og_title":"Laudo constata que choque com queda de avi\u00e3o matou Teori Zavascki - Aconteceu no Vale","og_description":"O laudo do exame de necropsia feito no corpo de Teori Zavascki constatou que o ministro do Supremo Tribunal Federal (STF) morreu de politraumatismo, isto \u00e9, de v\u00e1rios traumas ocasionados pela queda da aeronave. Al\u00e9m disso, n\u00e3o houve afogamento, segundo informa\u00e7\u00f5es do Instituto M\u00e9dico Legal (IML) de Angra dos Reis, no estado do Rio de [&hellip;]","og_url":"https:\/\/aconteceunovale.com.br\/portal\/?p=107361","og_site_name":"Aconteceu no Vale","article_publisher":"https:\/\/www.facebook.com\/aconteceunovale\/","article_published_time":"2017-01-21T12:31:19+00:00","og_image":[{"width":580,"height":388,"url":"https:\/\/aconteceunovale.com.br\/portal\/wp-content\/uploads\/2017\/01\/aviao_teori.jpg","type":"image\/jpeg"}],"author":"Aconteceu no Vale","twitter_card":"summary_large_image","twitter_creator":"@noticiadosvales","twitter_site":"@noticiadosvales","twitter_misc":{"Escrito por":"Aconteceu no Vale","Est. tempo de leitura":"1 minuto"},"schema":{"@context":"https:\/\/schema.org","@graph":[{"@type":"Article","@id":"https:\/\/aconteceunovale.com.br\/portal\/?p=107361#article","isPartOf":{"@id":"https:\/\/aconteceunovale.com.br\/portal\/?p=107361"},"author":{"name":"Aconteceu no Vale","@id":"https:\/\/aconteceunovale.com.br\/portal\/#\/schema\/person\/633529146f2c94272bef50ac2953d589"},"headline":"Laudo constata que choque com queda de avi\u00e3o matou Teori Zavascki","datePublished":"2017-01-21T12:31:19+00:00","mainEntityOfPage":{"@id":"https:\/\/aconteceunovale.com.br\/portal\/?p=107361"},"wordCount":274,"commentCount":0,"image":{"@id":"https:\/\/aconteceunovale.com.br\/portal\/?p=107361#primaryimage"},"thumbnailUrl":"https:\/\/aconteceunovale.com.br\/portal\/wp-content\/uploads\/2017\/01\/aviao_teori.jpg","keywords":["Acidente a\u00e9reo mata ministro Teori Zavascki","Acidente com avi\u00e3o de ministro do STF","Acidente com avi\u00e3o de Teori Zavascki","Acidente com avi\u00e3o do ministro do Supremo Tribunal Federal","Acidente com ministro do Supremo Tribunal Federal","Acidente com Teori Zavascki","acidente em Paraty","Acidente Teori","Carlos Alberto","Carlos Alberto Filgueiras","Francisco Zavascki","Hotel Emiliano","Laudo constata que choque com queda de avi\u00e3o matou Teori Zavascki","Ma\u00edra Panas","Maria Panas","ministro do STF","Morre o ministro Teori Zavascki","Morte de Teori Zavascki","Opera\u00e7\u00e3o Lava-Jato","Osmar Rodrigues","Paraty","queda de avi\u00e3o","Queda de avi\u00e3o de ministro do STF","Queda de avi\u00e3o do ministro do Supremo Tribunal Federal","Queda de avi\u00e3o em Paraty","Queda de avi\u00e3o Teori","Queda de avi\u00e3o Teori Zavascki","STF","Teori Zavascki"],"articleSection":["Brasil"],"inLanguage":"pt-BR","potentialAction":[{"@type":"CommentAction","name":"Comment","target":["https:\/\/aconteceunovale.com.br\/portal\/?p=107361#respond"]}]},{"@type":"WebPage","@id":"https:\/\/aconteceunovale.com.br\/portal\/?p=107361","url":"https:\/\/aconteceunovale.com.br\/portal\/?p=107361","name":"Laudo constata que choque com queda de avi\u00e3o matou Teori Zavascki - Aconteceu no Vale","isPartOf":{"@id":"https:\/\/aconteceunovale.com.br\/portal\/#website"},"primaryImageOfPage":{"@id":"https:\/\/aconteceunovale.com.br\/portal\/?p=107361#primaryimage"},"image":{"@id":"https:\/\/aconteceunovale.com.br\/portal\/?p=107361#primaryimage"},"thumbnailUrl":"https:\/\/aconteceunovale.com.br\/portal\/wp-content\/uploads\/2017\/01\/aviao_teori.jpg","datePublished":"2017-01-21T12:31:19+00:00","author":{"@id":"https:\/\/aconteceunovale.com.br\/portal\/#\/schema\/person\/633529146f2c94272bef50ac2953d589"},"breadcrumb":{"@id":"https:\/\/aconteceunovale.com.br\/portal\/?p=107361#breadcrumb"},"inLanguage":"pt-BR","potentialAction":[{"@type":"ReadAction","target":["https:\/\/aconteceunovale.com.br\/portal\/?p=107361"]}]},{"@type":"ImageObject","inLanguage":"pt-BR","@id":"https:\/\/aconteceunovale.com.br\/portal\/?p=107361#primaryimage","url":"https:\/\/aconteceunovale.com.br\/portal\/wp-content\/uploads\/2017\/01\/aviao_teori.jpg","contentUrl":"https:\/\/aconteceunovale.com.br\/portal\/wp-content\/uploads\/2017\/01\/aviao_teori.jpg","width":580,"height":388},{"@type":"BreadcrumbList","@id":"https:\/\/aconteceunovale.com.br\/portal\/?p=107361#breadcrumb","itemListElement":[{"@type":"ListItem","position":1,"name":"In\u00edcio","item":"https:\/\/aconteceunovale.com.br\/portal\/"},{"@type":"ListItem","position":2,"name":"Laudo constata que choque com queda de avi\u00e3o matou Teori Zavascki"}]},{"@type":"WebSite","@id":"https:\/\/aconteceunovale.com.br\/portal\/#website","url":"https:\/\/aconteceunovale.com.br\/portal\/","name":"Aconteceu no Vale","description":"Portal de Not\u00edcias","potentialAction":[{"@type":"SearchAction","target":{"@type":"EntryPoint","urlTemplate":"https:\/\/aconteceunovale.com.br\/portal\/?s={search_term_string}"},"query-input":{"@type":"PropertyValueSpecification","valueRequired":true,"valueName":"search_term_string"}}],"inLanguage":"pt-BR"},{"@type":"Person","@id":"https:\/\/aconteceunovale.com.br\/portal\/#\/schema\/person\/633529146f2c94272bef50ac2953d589","name":"Aconteceu no Vale","description":"Equipe de reportagem do Aconteceu no Vale, portal de not\u00edcias do Vale do Jequitinhonha, em Minas Gerais. Cobrimos as 51 cidades do Vale desde 2013. Sugest\u00f5es de pauta e pedidos de corre\u00e7\u00e3o: contato@aconteceunovale.com.br","sameAs":["http:\/\/www.aconteceunovale.com.br"],"url":"https:\/\/aconteceunovale.com.br\/portal\/?author=1"}]}},"_links":{"self":[{"href":"https:\/\/aconteceunovale.com.br\/portal\/index.php?rest_route=\/wp\/v2\/posts\/107361","targetHints":{"allow":["GET"]}}],"collection":[{"href":"https:\/\/aconteceunovale.com.br\/portal\/index.php?rest_route=\/wp\/v2\/posts"}],"about":[{"href":"https:\/\/aconteceunovale.com.br\/portal\/index.php?rest_route=\/wp\/v2\/types\/post"}],"author":[{"embeddable":true,"href":"https:\/\/aconteceunovale.com.br\/portal\/index.php?rest_route=\/wp\/v2\/users\/1"}],"replies":[{"embeddable":true,"href":"https:\/\/aconteceunovale.com.br\/portal\/index.php?rest_route=%2Fwp%2Fv2%2Fcomments&post=107361"}],"version-history":[{"count":0,"href":"https:\/\/aconteceunovale.com.br\/portal\/index.php?rest_route=\/wp\/v2\/posts\/107361\/revisions"}],"wp:featuredmedia":[{"embeddable":true,"href":"https:\/\/aconteceunovale.com.br\/portal\/index.php?rest_route=\/wp\/v2\/media\/107362"}],"wp:attachment":[{"href":"https:\/\/aconteceunovale.com.br\/portal\/index.php?rest_route=%2Fwp%2Fv2%2Fmedia&parent=107361"}],"wp:term":[{"taxonomy":"category","embeddable":true,"href":"https:\/\/aconteceunovale.com.br\/portal\/index.php?rest_route=%2Fwp%2Fv2%2Fcategories&post=107361"},{"taxonomy":"post_tag","embeddable":true,"href":"https:\/\/aconteceunovale.com.br\/portal\/index.php?rest_route=%2Fwp%2Fv2%2Ftags&post=107361"}],"curies":[{"name":"wp","href":"https:\/\/api.w.org\/{rel}","templated":true}]}}