{"id":107316,"date":"2017-01-20T21:42:23","date_gmt":"2017-01-20T23:42:23","guid":{"rendered":"http:\/\/aconteceunovale.com.br\/portal\/?p=107316"},"modified":"2017-01-20T21:42:23","modified_gmt":"2017-01-20T23:42:23","slug":"apos-morte-em-brasilia-prefeitura-de-januaria-monta-forca-tarefa-para-combater-febre-amarela","status":"publish","type":"post","link":"https:\/\/aconteceunovale.com.br\/portal\/?p=107316","title":{"rendered":"Ap\u00f3s morte em Bras\u00edlia, Prefeitura de Janu\u00e1ria monta for\u00e7a-tarefa para combater febre amarela"},"content":{"rendered":"<p>A Secret\u00e1ria de Estado de Sa\u00fade (SES) refor\u00e7ou, nesta sexta-feira (20\/1\/2017), as a\u00e7\u00f5es contra a febre amarela em Janu\u00e1ria, no Norte de Minas. Uma for\u00e7a-tarefa foi montada depois que na \u00faltima quarta-feira (18), um morador do distrito de S\u00e3o Joaquim morreu em Bras\u00edlia com a doen\u00e7a. Ele tinha vindo para Minas Gerais para visitar parentes.<\/p>\n<p>De acordo com a assessoria de imprensa da prefeitura de Janu\u00e1ria, est\u00e1 sendo montada uma estrutura para vacina\u00e7\u00e3o tanto na cidade quanto em S\u00e3o Joaquim. Ainda segundo a assessoria, SES prometeu enviar 50 mil doses da vacinas para o munic\u00edpio e com isso n\u00e3o deve faltar vacina para os moradores.<\/p>\n<p>Al\u00e9m da vacina\u00e7\u00e3o a for\u00e7a-tarefa tamb\u00e9m ir\u00e1 agir em outras frentes. Nesta sexta come\u00e7ou a ser investigada a morte de macacos em Tamboril, distrito pr\u00f3ximo a S\u00e3o Joaquim. \u00f3rg\u00e3os p\u00fablicos como o Instituto Estadual de Florestas (IEF), Instituto do Meio Ambiente e Recursos Naturais Renov\u00e1veis (Ibama) e Instituto Chico Mendes v\u00e3o ajudar nas a\u00e7\u00f5es.<\/p>\n<p>Al\u00e9m disso, est\u00e1 sendo feita uma investiga\u00e7\u00e3o da vida do homem que morreu em Bras\u00edlia com a doen\u00e7a, mas tinha visitado S\u00e3o Joaquim.<\/p>\n<p><strong>Laborat\u00f3rio confirma causa da morte<\/strong><\/p>\n<p>A causa do \u00f3bito foi confirmada por exames laboratoriais e anunciada pela Secretaria de Estado de Sa\u00fade do Distrito Federal na quinta-feira (19). Segundo a pasta, a v\u00edtima foi infectada em Janu\u00e1ria antes de embarcar para Bras\u00edlia, na segunda-feira (16). Ele chegou ao DF j\u00e1 apresentando sintomas de convuls\u00f5es e insufici\u00eancia renal. O homem foi atendido na Unidade de Pronto-Socorro (UPA) de S\u00e3o Sebasti\u00e3o e encaminhado para a UTI do hospital S\u00e3o Mateus.<\/p>\n<p>A v\u00edtima ficou internada durante dois dias at\u00e9 falecer nessa quarta-feira. O diagn\u00f3stico de febre amarela foi confirmada na manh\u00e3 desta quinta-feira pelo Laborat\u00f3rio Central de Sa\u00fade P\u00fablica do Distrito Federal (Lacen).<\/p>\n<p>Em an\u00fancio, o secret\u00e1rio de sa\u00fade do Distrito Federal, Humberto Fonseca, disse que \u201ca popula\u00e7\u00e3o pode ficar absolutamente tranquila\u201d quanto \u00e0s medidas adotadas pela pasta no combate \u00e0 doen\u00e7a. Fonseca tamb\u00e9m recomendou que as pessoas se vacinem antes de viajarem para as \u00e1reas de surto de febre amarela em Minas Gerais.<\/p>\n<p>A Secretaria de Estado de Sa\u00fade (SES-MG) disse que o \u00f3bito foi notificado \u00e0 pasta nesta quinta-feira (19) e que o mesmo n\u00e3o integra os 209 casos suspeitos em Minas Gerais sob an\u00e1lise da pasta.<\/p>\n<p><strong>VER PRIMEIRO<\/strong><\/p>\n<p><strong>Receba as not\u00edcias do Aconteceu no Vale em primeira m\u00e3o. Clique em curtir no endere\u00e7o <a href=\"https:\/\/www.facebook.com\/aconteceunovale\" target=\"_blank\"><font color=\"red\">www.facebook.com\/aconteceunovale<\/font><\/a> ou no box abaixo:<\/strong><\/p>\n<div class=\"fb-like\" data-href=\"https:\/\/www.facebook.com\/aconteceunovale\" data-width=\"120\" data-layout=\"standard\" data-action=\"like\" data-size=\"small\" data-show-faces=\"true\" data-share=\"true\"><\/div>\n<p><\/br><\/p>\n<p><em>(Fonte: O Tempo)<\/em><\/p>\n","protected":false},"excerpt":{"rendered":"<p>A Secret\u00e1ria de Estado de Sa\u00fade (SES) refor\u00e7ou, nesta sexta-feira (20\/1\/2017), as a\u00e7\u00f5es contra a febre amarela em Janu\u00e1ria, no Norte de Minas. Uma for\u00e7a-tarefa foi montada depois que na \u00faltima quarta-feira (18), um morador do distrito de S\u00e3o Joaquim morreu em Bras\u00edlia com a doen\u00e7a. Ele tinha vindo para Minas Gerais para visitar parentes. [&hellip;]<\/p>\n","protected":false},"author":1,"featured_media":106828,"comment_status":"open","ping_status":"closed","sticky":false,"template":"","format":"standard","meta":{"amp_status":"","footnotes":""},"categories":[6,1236,40242],"tags":[136636,136642,4606,136639,136637,136641,205,136644,136640,136638,136643,80907],"class_list":["post-107316","post","type-post","status-publish","format-standard","has-post-thumbnail","hentry","category-br","category-norte_de_minas","category-saude-2","tag-acoes-contra-a-febre-amarela-em-januaria","tag-apos-morte-em-brasilia","tag-brasilia","tag-caso-de-febre-amarela-em-brasilia","tag-caso-de-febre-amarela-em-januaria","tag-distrito-de-januaria","tag-januaria","tag-morte-de-mineiro-por-febre-amarela-em-brasilia","tag-morte-por-febre-amarela-em-brasilia","tag-morte-por-febre-amarela-em-januaria","tag-prefeitura-de-januaria-monta-forca-tarefa-para-combater-febre-amarela","tag-sao-joaquim"],"_links":{"self":[{"href":"https:\/\/aconteceunovale.com.br\/portal\/index.php?rest_route=\/wp\/v2\/posts\/107316","targetHints":{"allow":["GET"]}}],"collection":[{"href":"https:\/\/aconteceunovale.com.br\/portal\/index.php?rest_route=\/wp\/v2\/posts"}],"about":[{"href":"https:\/\/aconteceunovale.com.br\/portal\/index.php?rest_route=\/wp\/v2\/types\/post"}],"author":[{"embeddable":true,"href":"https:\/\/aconteceunovale.com.br\/portal\/index.php?rest_route=\/wp\/v2\/users\/1"}],"replies":[{"embeddable":true,"href":"https:\/\/aconteceunovale.com.br\/portal\/index.php?rest_route=%2Fwp%2Fv2%2Fcomments&post=107316"}],"version-history":[{"count":0,"href":"https:\/\/aconteceunovale.com.br\/portal\/index.php?rest_route=\/wp\/v2\/posts\/107316\/revisions"}],"wp:featuredmedia":[{"embeddable":true,"href":"https:\/\/aconteceunovale.com.br\/portal\/index.php?rest_route=\/wp\/v2\/media\/106828"}],"wp:attachment":[{"href":"https:\/\/aconteceunovale.com.br\/portal\/index.php?rest_route=%2Fwp%2Fv2%2Fmedia&parent=107316"}],"wp:term":[{"taxonomy":"category","embeddable":true,"href":"https:\/\/aconteceunovale.com.br\/portal\/index.php?rest_route=%2Fwp%2Fv2%2Fcategories&post=107316"},{"taxonomy":"post_tag","embeddable":true,"href":"https:\/\/aconteceunovale.com.br\/portal\/index.php?rest_route=%2Fwp%2Fv2%2Ftags&post=107316"}],"curies":[{"name":"wp","href":"https:\/\/api.w.org\/{rel}","templated":true}]}}