{"id":107268,"date":"2017-01-19T22:54:06","date_gmt":"2017-01-20T00:54:06","guid":{"rendered":"http:\/\/aconteceunovale.com.br\/portal\/?p=107268"},"modified":"2017-01-26T15:36:32","modified_gmt":"2017-01-26T17:36:32","slug":"direto-de-brasilia-8","status":"publish","type":"post","link":"https:\/\/aconteceunovale.com.br\/portal\/?p=107268","title":{"rendered":"Direto de Bras\u00edlia"},"content":{"rendered":"<p><center><img decoding=\"async\" src=\"http:\/\/aconteceunovale.com.br\/portal\/wp-content\/uploads\/2017\/01\/jerusia_arruda.jpg\" alt=\"\" \/><a href=\"https:\/\/www.facebook.com\/jerusia.arruda\" target=\"_blank\">JER\u00daSIA ARRUDA &#8211; <font color=\"blue\">www.facebook.com\/jerusia.arruda<\/font><\/a><\/center><br \/>\n<\/br><\/p>\n<p><strong>CAI AVI\u00c3O QUE TINHA TEORI ZAVASCKI COMO PASSAGEIRO<\/strong><br \/>\nO Supremo Tribunal Federal confirmou que o nome do ministro Teori Zavascki estava na lista dos passageiros da aeronave que caiu na tarde desta quinta-feira no mar de Paraty, no Rio de Janeiro. Zavascki, assim como os demais ministros, estava de f\u00e9rias. Ele \u00e9 o relator da Opera\u00e7\u00e3o Lava Jato no STF, respons\u00e1vel por passos decisivos da investiga\u00e7\u00e3o relacionados aos pol\u00edticos mais graduados do pa\u00eds, aqueles que t\u00eam foro privilegiado e s\u00f3 podem ser julgados na mais alta corte brasileira. A fam\u00edlia do ministro diz esperar por um milagre.<\/p>\n<p><strong>NA MIRA<\/strong><br \/>\nN\u00e3o ser\u00e1 surpresa se, com a crise que se abateu sobre o sistema penitenci\u00e1rio brasileiro, o pr\u00f3ximo a cair no governo do presidente Michel Temer seja o ministro da Justi\u00e7a, Alexandre de Moraes. A sucess\u00e3o de epis\u00f3dios b\u00e1rbaros nos pres\u00eddios, nos \u00faltimos dias, est\u00e1 causando impacto na j\u00e1 fragilizada imagem do governo e, al\u00e9m disso, a avalia\u00e7\u00e3o do pr\u00f3prio governo \u00e9 a de que a tentativa de Moraes de fazer com que todos os Estados endossassem o plano de seguran\u00e7a foi um fracasso e ainda jogou para Temer um problema adicional, pois os governadores se queixaram de falta de dinheiro. Mesmo n\u00e3o estando na lista de mudan\u00e7as previstas na reforma ministerial, marcada para ocorrer ap\u00f3s a elei\u00e7\u00e3o da Mesa Diretora da C\u00e2mara dos Deputados, n\u00e3o causar\u00e1 nenhuma estranheza se Moraes acabar sendo substitu\u00eddo.<\/p>\n<p><strong>FOR\u00c7AS ARMADAS NOS PRES\u00cdDIOS<\/strong><br \/>\nDecreto do presidente Michel Temer liberou as For\u00e7as Armadas para &#8220;garantir a lei e a ordem&#8221; no sistema penitenci\u00e1rio brasileiro por doze meses. O documento foi publicado no Di\u00e1rio Oficial desta quarta-feira e, de acordo com o texto, as For\u00e7as Armadas v\u00e3o executar atividades em todos os pres\u00eddios brasileiros para detectar armas, celulares, drogas e outros materiais il\u00edcitos ou proibidos. A atua\u00e7\u00e3o dos militares depender\u00e1 da anu\u00eancia do governador de cada Estado e ser\u00e1 realizada em articula\u00e7\u00e3o com as for\u00e7as de seguran\u00e7a p\u00fablica e com o apoio de agentes penitenci\u00e1rios do Departamento Penitenci\u00e1rio Nacional, do Minist\u00e9rio da Justi\u00e7a. Temer disse que o uso das For\u00e7as Armadas para fazer uma varredura nos pres\u00eddios estaduais \u00e9 &#8220;uma ousadia, mas \u00e9 uma ousadia que o Brasil necessita e que d\u00e1 certo&#8221;.<\/p>\n<p><strong>REFORMA TRIBUT\u00c1RIA<\/strong><br \/>\nA pr\u00f3xima iniciativa do governo do presidente Michel Temer \u00e9 encaminhar ao Congresso Nacional a proposta de reforma tribut\u00e1ria, cujo objetivo \u00e9 unificar as al\u00edquotas do ICMS, principal tributo estadual e que hoje conta com legisla\u00e7\u00f5es espec\u00edficas em cada unidade da federa\u00e7\u00e3o. Embora Temer n\u00e3o tenha se comprometido com prazos, secret\u00e1rios estaduais de Fazenda j\u00e1 querem retomar conversas sobre a reforma na pr\u00f3xima reuni\u00e3o do comit\u00ea pr\u00f3prio, o Comsefaz, no dia 8 de mar\u00e7o.<\/p>\n<p><strong>INSCRI\u00c7\u00c3O NO SISU<\/strong><br \/>\nEstudantes que pretendem ingressar na faculdade atrav\u00e9s do Sistema de Sele\u00e7\u00e3o Unificada 2017 (SISU) precisam ficar atentos. A partir da pr\u00f3xima ter\u00e7a-feira (24), estar\u00e3o abertas as inscri\u00e7\u00f5es da primeira edi\u00e7\u00e3o do programa deste ano. Ao todo ser\u00e3o ofertadas 238.397 vagas em 131 institui\u00e7\u00f5es p\u00fablicas de ensino superior. O candidato poder\u00e1 se inscrever at\u00e9 as 23h59 do dia 27 de janeiro e o resultado geral da chamada regular ser\u00e1 divulgado no dia 30 de janeiro. O edital foi publicado no Di\u00e1rio Oficial da Uni\u00e3o desta quinta-feira (19). <\/p>\n<p><strong>ENEM LIBERADO<\/strong><br \/>\nO Inep j\u00e1 liberou o acesso \u00e0s notas individuais dos candidatos que fizeram as provas do Enem 2016. A consulta pode ser realizada no site: enem.inep.gov.br. Para acessar os resultados, o estudante precisa informar o CPF e a senha cadastrada durante o per\u00edodo de inscri\u00e7\u00e3o. O boletim apresenta o desempenho do candidato nas quatro provas objetivas: linguagens, matem\u00e1tica, ci\u00eancias humanas e da natureza. Com os resultados do Enem, os inscritos podem concorrer a vagas nas universidades federais que integram o Sisu, a bolsas do Prouni e a financiamentos do Fies. Nessa \u00faltima edi\u00e7\u00e3o, o Enem teve um total de 8.630.306 inscritos e um \u00edndice de 28,9% de absten\u00e7\u00f5es.  <\/p>\n<p><strong>PARA INGL\u00caS VER<\/strong><br \/>\nUm relat\u00f3rio da consultoria OpenSignal confirma o que j\u00e1 \u00e9 conhecido dos brasileiros que usam a internet 4G. O relat\u00f3rio, divulgado nesta quarta-feira (18), aponta que a rede 4G \u00e9 conectada em apenas metade das vezes que o usu\u00e1rio tenta navegar na internet, o que significa, na pr\u00e1tica, que nenhuma das empresas \u00e9 capaz de oferecer um sinal 4G est\u00e1vel no Pa\u00eds. A consultoria informa que as redes 4G do Brasil est\u00e3o ficando mais r\u00e1pidas, mas as operadoras claramente precisam trabalhar para expandir o alcance do sinal.<\/p>\n<p><strong>VER PRIMEIRO<\/strong><\/p>\n<p><strong>Receba as not\u00edcias do Aconteceu no Vale em primeira m\u00e3o. Clique em curtir no endere\u00e7o <a href=\"https:\/\/www.facebook.com\/aconteceunovale\" target=\"_blank\"><font color=\"red\">www.facebook.com\/aconteceunovale<\/font><\/a> ou no box abaixo:<\/strong><\/p>\n<div class=\"fb-like\" data-href=\"https:\/\/www.facebook.com\/aconteceunovale\" data-width=\"120\" data-layout=\"standard\" data-action=\"like\" data-size=\"small\" data-show-faces=\"true\" data-share=\"true\"><\/div>\n<p><\/br><\/p>\n","protected":false},"excerpt":{"rendered":"<p>JER\u00daSIA ARRUDA &#8211; www.facebook.com\/jerusia.arruda CAI AVI\u00c3O QUE TINHA TEORI ZAVASCKI COMO PASSAGEIRO O Supremo Tribunal Federal confirmou que o nome do ministro Teori Zavascki estava na lista dos passageiros da aeronave que caiu na tarde desta quinta-feira no mar de Paraty, no Rio de Janeiro. Zavascki, assim como os demais ministros, estava de f\u00e9rias. Ele [&hellip;]<\/p>\n","protected":false},"author":1,"featured_media":106574,"comment_status":"open","ping_status":"closed","sticky":false,"template":"","format":"standard","meta":{"amp_status":"","footnotes":""},"categories":[4927],"tags":[4606,135443,135343,135442,206036],"class_list":["post-107268","post","type-post","status-publish","format-standard","has-post-thumbnail","hentry","category-colunistas","tag-brasilia","tag-coluna-direto-de-brasilia","tag-coluna-jerusia-arruda","tag-direto-de-brasilia","tag-jerusia-arruda"],"_links":{"self":[{"href":"https:\/\/aconteceunovale.com.br\/portal\/index.php?rest_route=\/wp\/v2\/posts\/107268","targetHints":{"allow":["GET"]}}],"collection":[{"href":"https:\/\/aconteceunovale.com.br\/portal\/index.php?rest_route=\/wp\/v2\/posts"}],"about":[{"href":"https:\/\/aconteceunovale.com.br\/portal\/index.php?rest_route=\/wp\/v2\/types\/post"}],"author":[{"embeddable":true,"href":"https:\/\/aconteceunovale.com.br\/portal\/index.php?rest_route=\/wp\/v2\/users\/1"}],"replies":[{"embeddable":true,"href":"https:\/\/aconteceunovale.com.br\/portal\/index.php?rest_route=%2Fwp%2Fv2%2Fcomments&post=107268"}],"version-history":[{"count":0,"href":"https:\/\/aconteceunovale.com.br\/portal\/index.php?rest_route=\/wp\/v2\/posts\/107268\/revisions"}],"wp:featuredmedia":[{"embeddable":true,"href":"https:\/\/aconteceunovale.com.br\/portal\/index.php?rest_route=\/wp\/v2\/media\/106574"}],"wp:attachment":[{"href":"https:\/\/aconteceunovale.com.br\/portal\/index.php?rest_route=%2Fwp%2Fv2%2Fmedia&parent=107268"}],"wp:term":[{"taxonomy":"category","embeddable":true,"href":"https:\/\/aconteceunovale.com.br\/portal\/index.php?rest_route=%2Fwp%2Fv2%2Fcategories&post=107268"},{"taxonomy":"post_tag","embeddable":true,"href":"https:\/\/aconteceunovale.com.br\/portal\/index.php?rest_route=%2Fwp%2Fv2%2Ftags&post=107268"}],"curies":[{"name":"wp","href":"https:\/\/api.w.org\/{rel}","templated":true}]}}