{"id":107263,"date":"2017-01-19T22:23:52","date_gmt":"2017-01-20T00:23:52","guid":{"rendered":"http:\/\/aconteceunovale.com.br\/portal\/?p=107263"},"modified":"2017-01-19T22:23:52","modified_gmt":"2017-01-20T00:23:52","slug":"minas-gerais-confirma-23-mortes-por-febre-amarela","status":"publish","type":"post","link":"https:\/\/aconteceunovale.com.br\/portal\/?p=107263","title":{"rendered":"Minas Gerais confirma 23 mortes por febre amarela"},"content":{"rendered":"<p>A Secretaria Estadual de Sa\u00fade de Minas Gerais confirmou, nesta quinta-feira (19\/1\/2017), que 23 pessoas morreram em decorr\u00eancia de febre amarela contra\u00edda no estado. A informa\u00e7\u00e3o foi dada pelo subsecret\u00e1rio de Vigil\u00e2ncia e Prote\u00e7\u00e3o \u00e0 Sa\u00fade de Minas Gerais, Rodrigo Said, durante entrevista coletiva em Belo Horizonte. Ele tamb\u00e9m afirmou que este \u00e9 o maior surto j\u00e1 registrado no estado.<\/p>\n<p>De acordo com a secretaria, existem 206 casos notificados da doen\u00e7a. Destes, 34 foram confirmados, sendo que 23 \u201cevolu\u00edram para \u00f3bito\u201d. <\/p>\n<p>Segundo a secretaria, as mortes est\u00e3o relacionadas aos munic\u00edpios de Ladainha (7), Piedade de Caratinga (2), Ipanema (3), Malacacheta (2), Imb\u00e9 de Minas (1), S\u00e3o Sebasti\u00e3o do Maranh\u00e3o (2), Frei Gaspar (1), Itambacuri (2), Pot\u00e9 (1), Setubinha (1), Te\u00f3filo Otoni (1).<\/p>\n<p>Segundo Said, o resultados dos exames confirmando as primeiras mortes da doen\u00e7as, divulgados nesta quarta-feira (18), apontaram a real circula\u00e7\u00e3o do v\u00edrus no Leste de Minas. &#8220;Com base nessa informa\u00e7\u00e3o e nas investiga\u00e7\u00f5es de prontu\u00e1rio e de outras informa\u00e7\u00f5es laboratoriais, foi realizada uma revis\u00e3o em todos os 206 casos que foram publicados at\u00e9 a data de ontem [quarta]&#8221;, afirmou.<\/p>\n<p>At\u00e9 o momento, nenhum dos casos notificados foram descartados, e 172 ainda est\u00e3o sob investiga\u00e7\u00e3o. As ocorr\u00eancias suspeitas e confirmadas foram registradas em 29 munic\u00edpios de Minas Gerais. <\/p>\n<p>De acordo com o subsecret\u00e1rio, os n\u00fameros divulgados nesta quinta-feira j\u00e1 superam os do surto ocorrido entre 1999 e 2000, na regi\u00e3o da cidade de Divin\u00f3polis, no Centro-Oeste, que, at\u00e9 ent\u00e3o, era considerado o mais significativo do estado. &#8220;A partir do momento em que esses dados s\u00e3o registrados no sistema, \u00e9 o maior surto de febre amarela em Minas Gerais&#8221;, afirmou Said.<\/p>\n<p>A febre amarela \u00e9 uma doen\u00e7a infecciosa febril aguda, causada por um v\u00edrus, que pode levar \u00e0 morte em cerca de uma semana se n\u00e3o for tratada rapidamente. De acordo com o Minist\u00e9rio da Sa\u00fade, a doen\u00e7a \u00e9 transmitida por mosquitos e comum em macacos, que s\u00e3o os principais hospedeiros do v\u00edrus.<\/p>\n<p>De acordo com Said, a maioria dos pacientes mortos era homens, moradores de \u00e1reas rurais e, em rela\u00e7\u00e3o a nenhum deles, h\u00e1 registro de aplica\u00e7\u00e3o de vacina contra a doen\u00e7a. A secretaria reafirmou, assim como Minist\u00e9rio da Sa\u00fade, que n\u00e3o h\u00e1 registro ou suspeita de cont\u00e1gio em ambiente urbano.<\/p>\n<p>Segundo o subsecret\u00e1rio, em 44 munic\u00edpios do estado h\u00e1 rumores de morte de macacos. Essas cidades ficam nas regi\u00f5es do Vale do Rio Doce, Vale do Mucuri, Vale do Jequitinhonha, Zona da Mata, Centro-Oeste, Sul de Minas e Tri\u00e2ngulo Mineiro. Em outros 13 munic\u00edpios &#8211; no Vale do Rio Doce, Vale do Mucuri, Centro-Oeste e Tri\u00e2ngulo Mineiro \u2013, equipes conseguiram coletar amostras de primatas mortos para a realiza\u00e7\u00e3o de exames.<\/p>\n<p>Nesta quarta-feira (18), Said havia dito que a secretaria de Minas iria pedir ao Governo Federal apoio da For\u00e7a Nacional do Sistema \u00danico de Sa\u00fade (SUS) no combate a febre amarela no estado. Durante a entrevista desta quinta-feira (19), ele disse que o estado ainda n\u00e3o tem uma resposta sobre a solicita\u00e7\u00e3o.<\/p>\n<p><strong>Vacina\u00e7\u00e3o<\/strong><\/p>\n<p>Se uma cidade ou regi\u00e3o \u00e9 considerada &#8220;\u00e1rea de risco&#8221;, isso significa que todos os moradores e turistas que passarem por aquele local precisam estar com a vacina\u00e7\u00e3o em dia.<\/p>\n<p>A Organiza\u00e7\u00e3o Mundial de Sa\u00fade (OMS) considera que apenas uma dose de vacina \u00e9 suficiente para a vida inteira, mas o protocolo nacional prev\u00ea duas doses, com intervalo m\u00e1ximo de 10 anos.<\/p>\n<p>Se a caderneta infantil for seguida \u00e0 risca, a primeira dose deve ser administrada aos 9 meses de vida, e a segunda, at\u00e9 4 anos completos. Se faltar uma dessas doses, \u00e9 preciso completar a vacina\u00e7\u00e3o.<\/p>\n<p>Segundo o secret\u00e1rio de Estado de Sa\u00fade, S\u00e1vio Souza Cruz (PMDB), em uma semana 1,6 milh\u00e3o de pessoas foram vacinadas no estado.<\/p>\n<p><strong>Libera\u00e7\u00e3o de R$ 26 milh\u00f5es<\/strong><\/p>\n<p>Durante a coletiva de imprensa, ele tamb\u00e9m falou sobre o an\u00fancio de R$ 26 milh\u00f5es para o combate \u00e0 doen\u00e7a. O secret\u00e1rio reconheceu que parte deste valor \u2013 aproximadamente R$ 14 milh\u00f5es \u2013 refere-se ao repasse em atraso para \u00e1rea de aten\u00e7\u00e3o b\u00e1sica \u00e0 sa\u00fade.<\/p>\n<p>\u201cAl\u00e9m do recurso que foi liberado para a Vigil\u00e2ncia [cerca de R$ 12 milh\u00f5es], o governo cuidou de liberar para os 152 munic\u00edpios das quatro regionais de sa\u00fade onde h\u00e1 casos, um quadrimestre dos dois que estavam atrasados da aten\u00e7\u00e3o b\u00e1sica\u201d, explicou. Segundo S\u00e1vio Souza Cruz, o repasse estava atrasado desde abril de 2016, mas ele disse acreditar que isso n\u00e3o teria contribu\u00eddo para o surgimento da febre amarela.<\/p>\n<p><strong>VER PRIMEIRO<\/strong><\/p>\n<p><strong>Receba as not\u00edcias do Aconteceu no Vale em primeira m\u00e3o. Clique em curtir no endere\u00e7o <a href=\"https:\/\/www.facebook.com\/aconteceunovale\" target=\"_blank\"><font color=\"red\">www.facebook.com\/aconteceunovale<\/font><\/a> ou no box abaixo:<\/strong><\/p>\n<div class=\"fb-like\" data-href=\"https:\/\/www.facebook.com\/aconteceunovale\" data-width=\"120\" data-layout=\"standard\" data-action=\"like\" data-size=\"small\" data-show-faces=\"true\" data-share=\"true\"><\/div>\n<p><\/br><\/p>\n<p><em>(Fonte: G1 Minas)<\/em><\/p>\n","protected":false},"excerpt":{"rendered":"<p>A Secretaria Estadual de Sa\u00fade de Minas Gerais confirmou, nesta quinta-feira (19\/1\/2017), que 23 pessoas morreram em decorr\u00eancia de febre amarela contra\u00edda no estado. A informa\u00e7\u00e3o foi dada pelo subsecret\u00e1rio de Vigil\u00e2ncia e Prote\u00e7\u00e3o \u00e0 Sa\u00fade de Minas Gerais, Rodrigo Said, durante entrevista coletiva em Belo Horizonte. Ele tamb\u00e9m afirmou que este \u00e9 o maior [&hellip;]<\/p>\n","protected":false},"author":1,"featured_media":106854,"comment_status":"open","ping_status":"closed","sticky":false,"template":"","format":"standard","meta":{"amp_status":"","footnotes":""},"categories":[123,40242],"tags":[135063,136570,135064,3136,295,1732,188,344,226,136568,136571,308,3139,324,168,136569,164,136572],"class_list":["post-107263","post","type-post","status-publish","format-standard","has-post-thumbnail","hentry","category-gerais","category-saude-2","tag-casos-de-febre-amarela-em-minas-gerais","tag-epidemia-de-febre-amarela-em-minas-gerais","tag-febre-amarela-em-minas-gerais","tag-frei-gaspar","tag-imbe-de-minas","tag-ipanema","tag-itambacuri","tag-ladainha","tag-malacacheta","tag-minas-gerais-confirma-23-mortes-por-febre-amarela","tag-mortes-por-febre-amarela-em-minas-gerais","tag-piedade-de-caratinga","tag-pote","tag-sao-sebastiao-do-maranhao","tag-setubinha","tag-surto-de-febre-amarela-em-minas-gerais","tag-teofilo-otoni","tag-vitimas-de-febre-amarela-em-minas-gerais"],"_links":{"self":[{"href":"https:\/\/aconteceunovale.com.br\/portal\/index.php?rest_route=\/wp\/v2\/posts\/107263","targetHints":{"allow":["GET"]}}],"collection":[{"href":"https:\/\/aconteceunovale.com.br\/portal\/index.php?rest_route=\/wp\/v2\/posts"}],"about":[{"href":"https:\/\/aconteceunovale.com.br\/portal\/index.php?rest_route=\/wp\/v2\/types\/post"}],"author":[{"embeddable":true,"href":"https:\/\/aconteceunovale.com.br\/portal\/index.php?rest_route=\/wp\/v2\/users\/1"}],"replies":[{"embeddable":true,"href":"https:\/\/aconteceunovale.com.br\/portal\/index.php?rest_route=%2Fwp%2Fv2%2Fcomments&post=107263"}],"version-history":[{"count":0,"href":"https:\/\/aconteceunovale.com.br\/portal\/index.php?rest_route=\/wp\/v2\/posts\/107263\/revisions"}],"wp:featuredmedia":[{"embeddable":true,"href":"https:\/\/aconteceunovale.com.br\/portal\/index.php?rest_route=\/wp\/v2\/media\/106854"}],"wp:attachment":[{"href":"https:\/\/aconteceunovale.com.br\/portal\/index.php?rest_route=%2Fwp%2Fv2%2Fmedia&parent=107263"}],"wp:term":[{"taxonomy":"category","embeddable":true,"href":"https:\/\/aconteceunovale.com.br\/portal\/index.php?rest_route=%2Fwp%2Fv2%2Fcategories&post=107263"},{"taxonomy":"post_tag","embeddable":true,"href":"https:\/\/aconteceunovale.com.br\/portal\/index.php?rest_route=%2Fwp%2Fv2%2Ftags&post=107263"}],"curies":[{"name":"wp","href":"https:\/\/api.w.org\/{rel}","templated":true}]}}