{"id":107259,"date":"2017-01-19T21:33:55","date_gmt":"2017-01-19T23:33:55","guid":{"rendered":"http:\/\/aconteceunovale.com.br\/portal\/?p=107259"},"modified":"2017-01-19T21:33:55","modified_gmt":"2017-01-19T23:33:55","slug":"acidente-com-caminhonete-deixa-idoso-ferido-no-municipio-de-montes-claros","status":"publish","type":"post","link":"https:\/\/aconteceunovale.com.br\/portal\/?p=107259","title":{"rendered":"Acidente com caminhonete deixa idoso ferido no munic\u00edpio de Montes Claros"},"content":{"rendered":"<p>O acidente com uma caminhonete deixou um idoso ferido na tarde desta quinta-feira (19\/1\/2017) em uma estrada na zona rural de Montes Claros, na Regi\u00e3o Norte de Minas Gerais. O motorista perdeu o controle da dire\u00e7\u00e3o pr\u00f3ximo ao km 10 da Estrada da Produ\u00e7\u00e3o. O ve\u00edculo capotou e atingiu \u00e1rvores \u00e0s margens da pista. <\/p>\n<p>A ocorr\u00eancia aconteceu por volta das 13h30. O condutor de 68 anos seguia em uma D20 que carregava recipientes de leite. Durante o percurso at\u00e9 Montes Claros, o ve\u00edculo capotou para fora da pista. O homem, que n\u00e3o teve o nome divulgado, foi socorrido com escoria\u00e7\u00f5es pelo corpo. A v\u00edtima tamb\u00e9m reclamou de dores na cabe\u00e7a e no t\u00f3rax. Ela foi encaminhada para o Hospital Universit\u00e1rio. O idoso informou que faz uso de medicamentos controlados.<\/p>\n<p>Com o impacto do acidente, troncos e galhos de \u00e1rvores ficaram ca\u00eddos. Os militares fizeram o corte e retiraram o material da via. <\/p>\n<p><img decoding=\"async\" src=\"http:\/\/aconteceunovale.com.br\/portal\/wp-content\/uploads\/2017\/01\/caminhonete_idoso_moc_1.jpg\" alt=\"\" \/><em>Caminhonete saiu da pista e atingiu uma \u00e1rvore (foto: Corpo de Bombeiros\/Divulga\u00e7\u00e3o)<\/em><br \/>\n<\/br><\/p>\n<p><img decoding=\"async\" src=\"http:\/\/aconteceunovale.com.br\/portal\/wp-content\/uploads\/2017\/01\/caminhonete_idoso_moc_2.jpg\" alt=\"\" \/><em>Caminhonete saiu da pista e atingiu uma \u00e1rvore (foto: Corpo de Bombeiros\/Divulga\u00e7\u00e3o)<\/em><br \/>\n<\/br><\/p>\n<p><strong>VER PRIMEIRO<\/strong><\/p>\n<p><strong>Receba as not\u00edcias do Aconteceu no Vale em primeira m\u00e3o. Clique em curtir no endere\u00e7o <a href=\"https:\/\/www.facebook.com\/aconteceunovale\" target=\"_blank\"><font color=\"red\">www.facebook.com\/aconteceunovale<\/font><\/a> ou no box abaixo:<\/strong><\/p>\n<div class=\"fb-like\" data-href=\"https:\/\/www.facebook.com\/aconteceunovale\" data-width=\"120\" data-layout=\"standard\" data-action=\"like\" data-size=\"small\" data-show-faces=\"true\" data-share=\"true\"><\/div>\n<p><\/br><\/p>\n<p><em>(Fonte: Estado de Minas)<\/em><\/p>\n","protected":false},"excerpt":{"rendered":"<p>O acidente com uma caminhonete deixou um idoso ferido na tarde desta quinta-feira (19\/1\/2017) em uma estrada na zona rural de Montes Claros, na Regi\u00e3o Norte de Minas Gerais. O motorista perdeu o controle da dire\u00e7\u00e3o pr\u00f3ximo ao km 10 da Estrada da Produ\u00e7\u00e3o. O ve\u00edculo capotou e atingiu \u00e1rvores \u00e0s margens da pista. A [&hellip;]<\/p>\n","protected":false},"author":1,"featured_media":107260,"comment_status":"open","ping_status":"closed","sticky":false,"template":"","format":"standard","meta":{"amp_status":"","footnotes":""},"categories":[1236],"tags":[136565,136567,136566,117437,16673,210],"class_list":["post-107259","post","type-post","status-publish","format-standard","has-post-thumbnail","hentry","category-norte_de_minas","tag-acidente-com-caminhonete-deixa-idoso-ferido-em-montes-claros","tag-acidente-com-caminhonete-deixa-idoso-ferido-no-municipio-de-montes-claros","tag-acidente-com-caminhonete-em-montes-claros","tag-acidente-com-idoso-em-montes-claros","tag-acidente-em-montes-claros","tag-montes-claros"],"_links":{"self":[{"href":"https:\/\/aconteceunovale.com.br\/portal\/index.php?rest_route=\/wp\/v2\/posts\/107259","targetHints":{"allow":["GET"]}}],"collection":[{"href":"https:\/\/aconteceunovale.com.br\/portal\/index.php?rest_route=\/wp\/v2\/posts"}],"about":[{"href":"https:\/\/aconteceunovale.com.br\/portal\/index.php?rest_route=\/wp\/v2\/types\/post"}],"author":[{"embeddable":true,"href":"https:\/\/aconteceunovale.com.br\/portal\/index.php?rest_route=\/wp\/v2\/users\/1"}],"replies":[{"embeddable":true,"href":"https:\/\/aconteceunovale.com.br\/portal\/index.php?rest_route=%2Fwp%2Fv2%2Fcomments&post=107259"}],"version-history":[{"count":0,"href":"https:\/\/aconteceunovale.com.br\/portal\/index.php?rest_route=\/wp\/v2\/posts\/107259\/revisions"}],"wp:featuredmedia":[{"embeddable":true,"href":"https:\/\/aconteceunovale.com.br\/portal\/index.php?rest_route=\/wp\/v2\/media\/107260"}],"wp:attachment":[{"href":"https:\/\/aconteceunovale.com.br\/portal\/index.php?rest_route=%2Fwp%2Fv2%2Fmedia&parent=107259"}],"wp:term":[{"taxonomy":"category","embeddable":true,"href":"https:\/\/aconteceunovale.com.br\/portal\/index.php?rest_route=%2Fwp%2Fv2%2Fcategories&post=107259"},{"taxonomy":"post_tag","embeddable":true,"href":"https:\/\/aconteceunovale.com.br\/portal\/index.php?rest_route=%2Fwp%2Fv2%2Ftags&post=107259"}],"curies":[{"name":"wp","href":"https:\/\/api.w.org\/{rel}","templated":true}]}}