{"id":106780,"date":"2017-01-12T22:41:22","date_gmt":"2017-01-13T00:41:22","guid":{"rendered":"http:\/\/aconteceunovale.com.br\/portal\/?p=106780"},"modified":"2017-01-12T22:41:45","modified_gmt":"2017-01-13T00:41:45","slug":"policia-militar-ajuda-na-vacinacao-contra-a-febre-amarela-em-teofilo-otoni","status":"publish","type":"post","link":"https:\/\/aconteceunovale.com.br\/portal\/?p=106780","title":{"rendered":"Pol\u00edcia Militar ajuda na vacina\u00e7\u00e3o contra a febre amarela em Te\u00f3filo Otoni"},"content":{"rendered":"<p>A vacina\u00e7\u00e3o contra a febre amarela em Te\u00f3filo Otoni, no Vale do Mucuri, ganhou tamb\u00e9m o refor\u00e7o da Pol\u00edcia Militar (PM). O comando da 15\u00aa Regi\u00e3o da PM (RPM) disponibilizou tr\u00eas enfermeiros (sargentos especialistas) que est\u00e3o atuando como vacinadores. A unidade anunciou na tarde desta quinta-feira que a campanha contra a doen\u00e7a contar\u00e1 com o apoio de mais oito enfermeiros da PM que ser\u00e3o deslocados de Belo Horizonte e Barbacena. Eles v\u00e3o chegar a cidade na sexta-feira, quando o munic\u00edpio recebe tamb\u00e9m a visita do governador Fernando Pimentel (PT) para averiguar a situa\u00e7\u00e3o in loco. A cidade decretou situa\u00e7\u00e3o de emerg\u00eancia por causa do avan\u00e7o da doen\u00e7a. A Prefeitura considera que o munic\u00edpio vive uma &#8220;epidemia&#8221; da febre.<\/p>\n<p>A 15\u00aa RPM tamb\u00e9m forneceu cinco caminhonetes usadas pelas equipes da Secretaria de Estado de Sa\u00fade e pela Secretaria de Sa\u00fade do Munic\u00edpio para o transporte das vacinas. A sede do 19\u00ba Batalh\u00e3o de Pol\u00edcia Militar foi disponibilizada para servir como posto de vacina\u00e7\u00e3o. Tamb\u00e9m est\u00e3o sendo usadas cinco bases comunit\u00e1rias como postos m\u00f3veis de vacina\u00e7\u00e3o. <\/p>\n<p>A popula\u00e7\u00e3o est\u00e1 sendo vacinada em 12 postos da cidade. Em todos eles h\u00e1 uma grande procura. Os moradores est\u00e3o assombrados com a febre amarela e temerosas de ficarem sem a preven\u00e7\u00e3o. A Secretaria Municipal de Sa\u00fade realiza um trabalho de orienta\u00e7\u00e3o, explicando que existem estoques suficientes de vacina para todo mundo, garantidos pelo Governo do Estado. Mesmo assim, n\u00e3o conseguiu evitar o tumulto e empurra-empurra nos postos nesta quinta-feira.<\/p>\n<p><strong>VER PRIMEIRO<\/strong><\/p>\n<p><strong>Receba as not\u00edcias do Aconteceu no Vale em primeira m\u00e3o. Clique em curtir no endere\u00e7o <a href=\"https:\/\/www.facebook.com\/aconteceunovale\" target=\"_blank\"><font color=\"red\">www.facebook.com\/aconteceunovale<\/font><\/a> ou no box abaixo:<\/strong><\/p>\n<div class=\"fb-like\" data-href=\"https:\/\/www.facebook.com\/aconteceunovale\" data-width=\"120\" data-layout=\"standard\" data-action=\"like\" data-size=\"small\" data-show-faces=\"true\" data-share=\"true\"><\/div>\n<p><\/br><\/p>\n<p><em>(Fonte: Estado de Minas)<\/em><\/p>\n","protected":false},"excerpt":{"rendered":"<p>A vacina\u00e7\u00e3o contra a febre amarela em Te\u00f3filo Otoni, no Vale do Mucuri, ganhou tamb\u00e9m o refor\u00e7o da Pol\u00edcia Militar (PM). O comando da 15\u00aa Regi\u00e3o da PM (RPM) disponibilizou tr\u00eas enfermeiros (sargentos especialistas) que est\u00e3o atuando como vacinadores. A unidade anunciou na tarde desta quinta-feira que a campanha contra a doen\u00e7a contar\u00e1 com o [&hellip;]<\/p>\n","protected":false},"author":1,"featured_media":106334,"comment_status":"open","ping_status":"closed","sticky":false,"template":"","format":"standard","meta":{"amp_status":"","footnotes":""},"categories":[122],"tags":[237,134843,135069,135074,135066,135068,135063,135070,135616,135062,27813,1018,1731,135355,47713,135073,135065,135067,135064,135239,135076,135610,3136,135352,135396,135077,135075,295,21731,296,1732,188,344,226,135241,131,135208,135536,19326,135078,135061,135209,135071,135072,135210,23476,36115,308,135634,3139,15767,135356,135426,135354,135353,135238,316,323,324,27901,52113,135269,135240,164,331,21730,135617,135618,135357],"class_list":["post-106780","post","type-post","status-publish","format-standard","has-post-thumbnail","hentry","category-mucuri","tag-caratinga","tag-casos-de-febre-amarela-em-caratinga","tag-casos-de-febre-amarela-em-frei-gaspar","tag-casos-de-febre-amarela-em-imbe-de-minas","tag-casos-de-febre-amarela-em-ladainha","tag-casos-de-febre-amarela-em-malacacheta","tag-casos-de-febre-amarela-em-minas-gerais","tag-casos-de-febre-amarela-em-piedade-de-caratinga","tag-casos-suspeitos-de-febre-amarela","tag-casos-suspeitos-de-febre-amarela-em-minas-gerais","tag-daniel-sucupira","tag-destaque","tag-entre-folhas","tag-estado-de-calamidade-publica-em-decorrencia-dos-casos-de-febre-amarela-na-cidade","tag-febre-amarela","tag-febre-amarela-em-imbe-de-minas","tag-febre-amarela-em-ladainha","tag-febre-amarela-em-malacacheta","tag-febre-amarela-em-minas-gerais","tag-febre-amarela-no-vale-do-mucuri","tag-felipe-vieira-campos","tag-filas-para-imunizacao-contra-a-febre-amarela-comecam-de-madrugada-no-vale-do-mucuri","tag-frei-gaspar","tag-governador-reune-secretarios-para-reforcar-acoes-de-combate-a-febre-amarela-em-minas","tag-governo-mineiro-adota-vacinacao-domiciliar-contra-febre-amarela","tag-hospital-municipal-de-ladainha","tag-hospital-municipal-doutor-arthur-rausch","tag-imbe-de-minas","tag-imunizacao","tag-inhapim","tag-ipanema","tag-itambacuri","tag-ladainha","tag-malacacheta","tag-marcia-otoni","tag-minas-gerais","tag-minas-gerais-registra-14-mortes-por-suspeitas-de-febre-amarela","tag-minas-gerais-tem-48-casos-suspeitos-de-febre-amarela","tag-ministerio-da-saude","tag-ministerio-da-saude-notifica-oms-sobre-casos-suspeitos-de-febre-amarela-em-minas-gerais","tag-ministerio-da-saude-notifica-oms-sobre-doze-casos-suspeitos-de-febre-amarela-em-minas-gerais","tag-mortes-por-febre-amarela","tag-mortes-por-febre-amarela-em-ladainha","tag-mortes-por-febre-amarela-em-minas","tag-numero-de-casos-suspeitos-de-febre-amarela-em-minas-gerais-avanca-rapidamente","tag-oms","tag-organizacao-mundial-de-saude","tag-piedade-de-caratinga","tag-policia-militar-ajuda-na-vacinacao-contra-a-febre-amarela-em-teofilo-otoni","tag-pote","tag-prefeito-de-teofilo-otoni","tag-prefeito-walid-nadir-oliveira","tag-prefeitos-definem-acoes-emergenciais-no-combate-a-febre-amarela-no-vale-do-mucuri","tag-prefeitura-de-ladainha","tag-prefeitura-de-ladainha-decreta-estado-de-calamidade-publica-por-causa-de-surto-de-febre-amarela","tag-reuniao-discute-acoes-de-prevencao-a-febre-amarela-no-vale-do-mucuri","tag-sao-domingos-das-dores","tag-sao-sebastiao-do-anta","tag-sao-sebastiao-do-maranhao","tag-secretaria-de-estado-de-saude","tag-ses-mg","tag-ses-mg-mantem-estado-de-atencao-e-investiga-casos-de-febre-amarela","tag-superintendencia-regional-de-saude-de-teofilo-otoni","tag-teofilo-otoni","tag-ubaporanga","tag-vacina","tag-vacinacao-domiciliar","tag-vales-do-mucuri-e-rio-doce-ja-tem-30-mortes-suspeitas-de-febre-amarela","tag-walid-nadir-oliveira"],"_links":{"self":[{"href":"https:\/\/aconteceunovale.com.br\/portal\/index.php?rest_route=\/wp\/v2\/posts\/106780","targetHints":{"allow":["GET"]}}],"collection":[{"href":"https:\/\/aconteceunovale.com.br\/portal\/index.php?rest_route=\/wp\/v2\/posts"}],"about":[{"href":"https:\/\/aconteceunovale.com.br\/portal\/index.php?rest_route=\/wp\/v2\/types\/post"}],"author":[{"embeddable":true,"href":"https:\/\/aconteceunovale.com.br\/portal\/index.php?rest_route=\/wp\/v2\/users\/1"}],"replies":[{"embeddable":true,"href":"https:\/\/aconteceunovale.com.br\/portal\/index.php?rest_route=%2Fwp%2Fv2%2Fcomments&post=106780"}],"version-history":[{"count":0,"href":"https:\/\/aconteceunovale.com.br\/portal\/index.php?rest_route=\/wp\/v2\/posts\/106780\/revisions"}],"wp:featuredmedia":[{"embeddable":true,"href":"https:\/\/aconteceunovale.com.br\/portal\/index.php?rest_route=\/wp\/v2\/media\/106334"}],"wp:attachment":[{"href":"https:\/\/aconteceunovale.com.br\/portal\/index.php?rest_route=%2Fwp%2Fv2%2Fmedia&parent=106780"}],"wp:term":[{"taxonomy":"category","embeddable":true,"href":"https:\/\/aconteceunovale.com.br\/portal\/index.php?rest_route=%2Fwp%2Fv2%2Fcategories&post=106780"},{"taxonomy":"post_tag","embeddable":true,"href":"https:\/\/aconteceunovale.com.br\/portal\/index.php?rest_route=%2Fwp%2Fv2%2Ftags&post=106780"}],"curies":[{"name":"wp","href":"https:\/\/api.w.org\/{rel}","templated":true}]}}