{"id":106777,"date":"2017-01-12T22:24:39","date_gmt":"2017-01-13T00:24:39","guid":{"rendered":"http:\/\/aconteceunovale.com.br\/portal\/?p=106777"},"modified":"2017-01-12T22:24:39","modified_gmt":"2017-01-13T00:24:39","slug":"mineradora-apresenta-plano-para-recuperacao-ambiental-da-barragem-de-fundao","status":"publish","type":"post","link":"https:\/\/aconteceunovale.com.br\/portal\/?p=106777","title":{"rendered":"Mineradora apresenta plano para recupera\u00e7\u00e3o ambiental da Barragem de Fund\u00e3o"},"content":{"rendered":"<p>A Mineradora Samarco informou hoje (12\/1\/2017) que entregou o Plano de Recupera\u00e7\u00e3o de \u00c1reas Degradadas (Prad) da Barragem de Fund\u00e3o. O documento foi protocolado na Secretaria de Meio Ambiente e Desenvolvimento Sustent\u00e1vel de Minas Gerais (Semad). Ele prev\u00ea a estabiliza\u00e7\u00e3o definitiva das encostas, das estruturas e dos rejeitos remanescentes, seguida do plantio de vegeta\u00e7\u00e3o.<\/p>\n<p>A Barragem de Fund\u00e3o, pertencente \u00e0 Samarco, se rompeu em 5 de novembro de 2015 e liberou mais de 60 milh\u00f5es de metros c\u00fabicos de rejeitos. Considerado a maior trag\u00e9dia ambiental do pa\u00eds, o epis\u00f3dio provocou devasta\u00e7\u00e3o da vegeta\u00e7\u00e3o nativa, polui\u00e7\u00e3o da bacia do Rio Doce e destrui\u00e7\u00e3o dos distritos de Bento Rodrigues e de Paracatu, al\u00e9m de outras comunidades. Dezenove pessoas morreram.<\/p>\n<p>A recupera\u00e7\u00e3o ambiental da \u00e1rea afetada \u00e9 parte do acordo assinado entre a mineradora, suas acionistas Vale e BHP Billiton, o governo federal e os governos de Minas Gerais e Esp\u00edrito Santo. A Justi\u00e7a ainda n\u00e3o decidiu se ir\u00e1 homologar o acordo. <\/p>\n<p>O acordo prev\u00ea o investimento de aproximadamente R$20 bilh\u00f5es ao longo de 15 anos, mas \u00e9 contestado pelo Minist\u00e9rio P\u00fablico Federal (MPF), que estima os preju\u00edzos em R$155 bilh\u00f5es. Mesmo assim, as partes que o assinaram afirmam est\u00e3o cumprindo os termos.<\/p>\n<p>O Prad apresentado pela Samarco foi elaborado pela Amplo Engenharia e Gest\u00e3o de Projetos. Nele, est\u00e3o diretrizes baseadas em estudos geot\u00e9cnicos. Segundo nota divulgada pela mineradora, \u00e9 prevista a &#8220;utiliza\u00e7\u00e3o de material arenoso estabilizando a \u00e1rea e criando uma superf\u00edcie regular e segura, que permitir\u00e1 o acesso para as a\u00e7\u00f5es de revegeta\u00e7\u00e3o&#8221;.<\/p>\n<p>Segundo a Samarco, as estruturas remanescentes do Complexo de Germano, onde se situa a Barragem de Fund\u00e3o, est\u00e3o est\u00e1veis. No entanto, como ainda h\u00e1 no local cerca de 13 milh\u00f5es de metros c\u00fabicos de rejeitos, o uso de material arenoso foi considerado a forma mais eficiente para garantir uma estabiliza\u00e7\u00e3o definitiva.<\/p>\n<p>As a\u00e7\u00f5es previstas no Prad s\u00f3 ser\u00e3o iniciadas ap\u00f3s an\u00e1lise e aprova\u00e7\u00e3o da Semad. A mineradora acrescentou que o plano n\u00e3o prev\u00ea a utiliza\u00e7\u00e3o de Fund\u00e3o novamente como barragem. Para voltar a operar, a Samarco espera obter o licenciamento da Cava de Alegria do Sul como dep\u00f3sito de rejeitos.<\/p>\n<p><strong>Reflorestamento<\/strong><\/p>\n<p>A recupera\u00e7\u00e3o ambiental da Barragem de Fund\u00e3o \u00e9 parte do processo de reflorestamento de toda a regi\u00e3o atingida, que deve ter in\u00edcio neste ano. Desde a trag\u00e9dia, em novembro de 2015, ocorreu apenas uma revegeta\u00e7\u00e3o inicial com gram\u00edneas e leguminosas em algumas \u00e1reas para combater a eros\u00e3o e estabilizar o solo.<\/p>\n<p>Para fiscalizar os trabalhos de repara\u00e7\u00e3o dos danos causados, o acordo assinado entre as mineradoras e os governos estabeleceu a cria\u00e7\u00e3o do Comit\u00ea Interferativo formado por \u00f3rg\u00e3os estatais. Um dos \u00f3rg\u00e3os que integram esta estrutura \u00e9 o Instituto Brasileiro do Meio Ambiente e dos Recursos Naturais Renov\u00e1veis (Ibama).<\/p>\n<p>Em entrevista \u00e0 Ag\u00eancia Brasil no fim do ano passado, a presidente do \u00f3rg\u00e3o, Suely Ara\u00fajo, ressaltou que a recupera\u00e7\u00e3o ambiental envolve programas que v\u00e3o levar anos e ter\u00e3o abrang\u00eancia sobre uma \u00e1rea de 40 mil hectares. &#8220;O primeiro plantio de gram\u00edneas \u00e9 de uma fase emergencial e \u00e9 de conten\u00e7\u00e3o. Na etapa seguinte \u00e9 que teremos o plantio de \u00e1rvores propriamente dito. Ela come\u00e7a assim que for considerado que a parte de controle foi finalizada&#8221;, disse.<\/p>\n<p>Segundo a Funda\u00e7\u00e3o Renova, criada pela Samarco para administrar as a\u00e7\u00f5es de repara\u00e7\u00e3o dos anos, o reflorestamento final\u00edstico numa \u00e1rea de 2 mil hectares entre a barragem de Fund\u00e3o e a Usina de Candonga dever\u00e1 come\u00e7ar a partir de setembro de 2017. Por enquanto, est\u00e3o sendo realizados testes piloto em quatro fazendas para entender o comportamento do reflorestamento em diversos aspectos.<\/p>\n<p>Os resultados balizar\u00e3o a tomada de decis\u00e3o sobre as esp\u00e9cies, condi\u00e7\u00f5es de solo e metodologia de plantio, etc. &#8220;Al\u00e9m disso, em car\u00e1ter compensat\u00f3rio, estamos recuperando as nascentes degradadas na bacia do Rio Doce. Essas atividades contemplam o plantio em 785 hectares at\u00e9 o fim de 2017&#8221;, acrescentou a funda\u00e7\u00e3o por meio de nota.<\/p>\n<p><img decoding=\"async\" src=\"http:\/\/aconteceunovale.com.br\/portal\/wp-content\/uploads\/2017\/01\/barragem_fundao.jpg\" alt=\"\" \/><em>A Barragem de Fund\u00e3o se rompeu em novembro de 2015 (Antonio Cruz\/Ag\u00eancia Brasil)<\/em><br \/>\n<\/br><\/p>\n<p><em>(Ag\u00eancia Brasil)<\/em><\/p>\n","protected":false},"excerpt":{"rendered":"<p>A Mineradora Samarco informou hoje (12\/1\/2017) que entregou o Plano de Recupera\u00e7\u00e3o de \u00c1reas Degradadas (Prad) da Barragem de Fund\u00e3o. O documento foi protocolado na Secretaria de Meio Ambiente e Desenvolvimento Sustent\u00e1vel de Minas Gerais (Semad). Ele prev\u00ea a estabiliza\u00e7\u00e3o definitiva das encostas, das estruturas e dos rejeitos remanescentes, seguida do plantio de vegeta\u00e7\u00e3o. A [&hellip;]<\/p>\n","protected":false},"author":1,"featured_media":106778,"comment_status":"open","ping_status":"closed","sticky":false,"template":"","format":"standard","meta":{"amp_status":"","footnotes":""},"categories":[123],"tags":[135633,21801,65265,59520,66100,71053,7363,135629,65266,212,77904,135631,94090,20749,135630,66993,32642,135632,24666,2910],"class_list":["post-106777","post","type-post","status-publish","format-standard","has-post-thumbnail","hentry","category-gerais","tag-bacia-do-rio-doc","tag-bacia-do-rio-doce","tag-barragem-de-fundao","tag-bento-rodrigues","tag-bhp-billiton","tag-fundao","tag-mariana","tag-mineradora-apresenta-plano-para-recuperacao-ambiental-da-barragem-de-fundao","tag-mineradora-samarco","tag-paracatu","tag-plano","tag-plano-de-recuperacao-de-areas-degradadas-da-barragem-de-fundao","tag-poluicao-da-bacia-do-rio-doce","tag-recuperacao","tag-recuperacao-ambiental-da-barragem-de-fundao","tag-rompimento-da-barragem-de-fundao","tag-samarco","tag-secretaria-de-meio-ambiente-e-desenvolvimento-sustentavel-de-minas-gerais","tag-semad","tag-vale"],"_links":{"self":[{"href":"https:\/\/aconteceunovale.com.br\/portal\/index.php?rest_route=\/wp\/v2\/posts\/106777","targetHints":{"allow":["GET"]}}],"collection":[{"href":"https:\/\/aconteceunovale.com.br\/portal\/index.php?rest_route=\/wp\/v2\/posts"}],"about":[{"href":"https:\/\/aconteceunovale.com.br\/portal\/index.php?rest_route=\/wp\/v2\/types\/post"}],"author":[{"embeddable":true,"href":"https:\/\/aconteceunovale.com.br\/portal\/index.php?rest_route=\/wp\/v2\/users\/1"}],"replies":[{"embeddable":true,"href":"https:\/\/aconteceunovale.com.br\/portal\/index.php?rest_route=%2Fwp%2Fv2%2Fcomments&post=106777"}],"version-history":[{"count":0,"href":"https:\/\/aconteceunovale.com.br\/portal\/index.php?rest_route=\/wp\/v2\/posts\/106777\/revisions"}],"wp:featuredmedia":[{"embeddable":true,"href":"https:\/\/aconteceunovale.com.br\/portal\/index.php?rest_route=\/wp\/v2\/media\/106778"}],"wp:attachment":[{"href":"https:\/\/aconteceunovale.com.br\/portal\/index.php?rest_route=%2Fwp%2Fv2%2Fmedia&parent=106777"}],"wp:term":[{"taxonomy":"category","embeddable":true,"href":"https:\/\/aconteceunovale.com.br\/portal\/index.php?rest_route=%2Fwp%2Fv2%2Fcategories&post=106777"},{"taxonomy":"post_tag","embeddable":true,"href":"https:\/\/aconteceunovale.com.br\/portal\/index.php?rest_route=%2Fwp%2Fv2%2Ftags&post=106777"}],"curies":[{"name":"wp","href":"https:\/\/api.w.org\/{rel}","templated":true}]}}