{"id":106722,"date":"2017-01-12T07:52:00","date_gmt":"2017-01-12T09:52:00","guid":{"rendered":"http:\/\/aconteceunovale.com.br\/portal\/?p=106722"},"modified":"2017-01-12T07:52:00","modified_gmt":"2017-01-12T09:52:00","slug":"feriados-prolongados-deverao-impulsionar-a-economia-diz-ministerio-do-turismo","status":"publish","type":"post","link":"https:\/\/aconteceunovale.com.br\/portal\/?p=106722","title":{"rendered":"Feriados prolongados dever\u00e3o impulsionar a economia, diz Minist\u00e9rio do Turismo"},"content":{"rendered":"<p>Os dias de folga poder\u00e3o impulsionar a economia brasileira, segundo estudo do Minist\u00e9rio do Turismo. A pasta espera que as viagens nos fins de semana prolongados por feriados que caem na segunda, ter\u00e7a, quinta ou sexta-feira injetem R$ 21 bilh\u00f5es a mais na economia em 2017. A proje\u00e7\u00e3o divulgada hoje (12\/1\/2017) considerou um acr\u00e9scimo de 22 dias de folga, quando 10,5 milh\u00f5es de viagens dever\u00e3o ser feitas.<\/p>\n<p>Na contram\u00e3o de outros setores que projetam preju\u00edzos com os feriados,\u00a0como o com\u00e9rcio\u00a0e a ind\u00fastria, o Minist\u00e9rio do Turismo acredita que as viagens e o consumo nos dias de folga gerar\u00e3o renda e emprego. O turismo, de acordo com o Conselho Empresarial de Hospitalidade e Turismo da Confedera\u00e7\u00e3o Nacional do Com\u00e9rcio de Bens, Servi\u00e7os e Turismo (CNC), \u00e9 grande impulsionador de mais 52 \u00e1reas, direta ou indiretamente.<\/p>\n<p>O feriado que deve gerar maior impacto \u00e9 o Dia de Nossa Senhora Aparecida, em 12 de outubro, quando 1,94 milh\u00e3o de viagens movimentar\u00e3o R$ 3,9 bilh\u00f5es na economia.<\/p>\n<p>O levantamento foi feito pelo Minist\u00e9rio do Turismo, em parceria com a Funda\u00e7\u00e3o Getulio Vargas, levando em considera\u00e7\u00e3o os feriados de 21 de abril (Tiradentes, sexta-feira), 1\u00ba de maio (Dia do Trabalho, segunda-feira), 15 de junho (Corpus Christi, quinta-feira), 7 de setembro (Independ\u00eancia do Brasil, quinta-feira), 12 de outubro (Dia de Nossa Senhora Aparecida, quinta-feira) e 2 de novembro (Finados, quinta-feira). O Carnaval, a Semana Santa, o Natal e R\u00e9veillon foram desconsiderados, porque via de regra geram fins de semana prolongados e a ideia da proje\u00e7\u00e3o foi levantar qual o valor a ser acrescentado na movimenta\u00e7\u00e3o econ\u00f4mica nacional em 2017.<\/p>\n<p><strong>VER PRIMEIRO<\/strong><\/p>\n<p><strong>Receba as not\u00edcias do Aconteceu no Vale em primeira m\u00e3o. Clique em curtir no endere\u00e7o <a href=\"https:\/\/www.facebook.com\/aconteceunovale\" target=\"_blank\"><font color=\"red\">www.facebook.com\/aconteceunovale<\/font><\/a> ou no box abaixo:<\/strong><\/p>\n<div class=\"fb-like\" data-href=\"https:\/\/www.facebook.com\/aconteceunovale\" data-width=\"120\" data-layout=\"standard\" data-action=\"like\" data-size=\"small\" data-show-faces=\"true\" data-share=\"true\"><\/div>\n<p><\/br><\/p>\n<p><em>(Ag\u00eancia Brasil)<\/em><\/p>\n","protected":false},"excerpt":{"rendered":"<p>Os dias de folga poder\u00e3o impulsionar a economia brasileira, segundo estudo do Minist\u00e9rio do Turismo. A pasta espera que as viagens nos fins de semana prolongados por feriados que caem na segunda, ter\u00e7a, quinta ou sexta-feira injetem R$ 21 bilh\u00f5es a mais na economia em 2017. A proje\u00e7\u00e3o divulgada hoje (12\/1\/2017) considerou um acr\u00e9scimo de [&hellip;]<\/p>\n","protected":false},"author":1,"featured_media":83577,"comment_status":"open","ping_status":"closed","sticky":false,"template":"","format":"standard","meta":{"amp_status":"","footnotes":""},"categories":[6],"tags":[89406,128233,135553,135551,128238,135552,44607,44604,28223],"class_list":["post-106722","post","type-post","status-publish","format-standard","has-post-thumbnail","hentry","category-br","tag-feriado-prolongado","tag-feriados-2017","tag-feriados-prolongados-deverao-impulsionar-a-economia","tag-feriados-prolongados-em-2017","tag-lista-de-feriados-2017","tag-lista-de-feriados-prolongados-em-2017","tag-ministerio-do-turismo","tag-turismo","tag-viagens"],"_links":{"self":[{"href":"https:\/\/aconteceunovale.com.br\/portal\/index.php?rest_route=\/wp\/v2\/posts\/106722","targetHints":{"allow":["GET"]}}],"collection":[{"href":"https:\/\/aconteceunovale.com.br\/portal\/index.php?rest_route=\/wp\/v2\/posts"}],"about":[{"href":"https:\/\/aconteceunovale.com.br\/portal\/index.php?rest_route=\/wp\/v2\/types\/post"}],"author":[{"embeddable":true,"href":"https:\/\/aconteceunovale.com.br\/portal\/index.php?rest_route=\/wp\/v2\/users\/1"}],"replies":[{"embeddable":true,"href":"https:\/\/aconteceunovale.com.br\/portal\/index.php?rest_route=%2Fwp%2Fv2%2Fcomments&post=106722"}],"version-history":[{"count":0,"href":"https:\/\/aconteceunovale.com.br\/portal\/index.php?rest_route=\/wp\/v2\/posts\/106722\/revisions"}],"wp:featuredmedia":[{"embeddable":true,"href":"https:\/\/aconteceunovale.com.br\/portal\/index.php?rest_route=\/wp\/v2\/media\/83577"}],"wp:attachment":[{"href":"https:\/\/aconteceunovale.com.br\/portal\/index.php?rest_route=%2Fwp%2Fv2%2Fmedia&parent=106722"}],"wp:term":[{"taxonomy":"category","embeddable":true,"href":"https:\/\/aconteceunovale.com.br\/portal\/index.php?rest_route=%2Fwp%2Fv2%2Fcategories&post=106722"},{"taxonomy":"post_tag","embeddable":true,"href":"https:\/\/aconteceunovale.com.br\/portal\/index.php?rest_route=%2Fwp%2Fv2%2Ftags&post=106722"}],"curies":[{"name":"wp","href":"https:\/\/api.w.org\/{rel}","templated":true}]}}