{"id":106717,"date":"2017-01-12T07:40:36","date_gmt":"2017-01-12T09:40:36","guid":{"rendered":"http:\/\/aconteceunovale.com.br\/portal\/?p=106717"},"modified":"2017-01-12T16:03:56","modified_gmt":"2017-01-12T18:03:56","slug":"procon-mg-proibe-a-venda-do-celular-moto-x-de-2a-geracao-em-minas-gerais","status":"publish","type":"post","link":"https:\/\/aconteceunovale.com.br\/portal\/?p=106717","title":{"rendered":"Procon-MG pro\u00edbe a venda do celular Moto X de 2\u00aa gera\u00e7\u00e3o em Minas Gerais"},"content":{"rendered":"<p>O Procon-MG \u2013 \u00f3rg\u00e3o integrante do Minist\u00e9rio P\u00fablico de Minas Gerais (MPMG) \u2013 proibiu a venda do aparelho celular Moto X (2\u00aa Gera\u00e7\u00e3o) no territ\u00f3rio mineiro, em estabelecimentos f\u00edsicos e virtuais, e intimou a Motorola Mobility Com\u00e9rcio de Produtos Eletr\u00f4nicos Ltda a pagar multa de R$ 809.702,00 ao Fundo Estadual de Prote\u00e7\u00e3o e Defesa do Consumidor (FEPDC). O Procon-MG estabeleceu um prazo de 10 dias \u00fateis para que a empresa comunique a sua rede de distribuidores sobre a proibi\u00e7\u00e3o. A suspens\u00e3o da venda do celular e a multa foram motivadas por duas tentativas frustradas de acordo para que a fabricante oferecesse o reparo, em garantia, ou restitu\u00edsse o valor pago pelo conserto, aos consumidores lesados, entre outros compromissos n\u00e3o assumidos. <\/p>\n<p>Na decis\u00e3o administrativa, o \u00f3rg\u00e3o de defesa do consumidor afirmou que o celular Moto X (2\u00aa Gera\u00e7\u00e3o) \u00e9 impr\u00f3prio ao uso e consumo, pois possui v\u00edcio de qualidade por inadequa\u00e7\u00e3o. \u201cO aparelho n\u00e3o atende \u00e0s finalidades a que se destina, pela fragilidade do vidro de sua tela, se comparado aos demais celulares vendidos no mercado ou, ainda, por n\u00e3o ser t\u00e3o resistente \u00e0s quedas e impactos, como prometido nos an\u00fancios publicit\u00e1rios\u201d, explicou, na decis\u00e3o, o promotor de Justi\u00e7a de Defesa do consumidor de Belo Horizonte Amauri Artimos da Matta.<\/p>\n<p>Al\u00e9m de reconhecer a infra\u00e7\u00e3o, pela empresa, de venda de celular com v\u00edcio de qualidade, o promotor concluiu que a fabricante discrimina os usu\u00e1rios do produto, sem justa causa, pois atende quem recorre aos procons e nega o conserto ou a troca aos que procuram o canal de relacionamento com o cliente. Por fim, o promotor declarou que a Motorola sabe da repercuss\u00e3o coletiva do problema e n\u00e3o divulga o fato aos seus consumidores para resolv\u00ea-lo, violando o princ\u00edpio da boa-f\u00e9 objetiva. <\/p>\n<p><img decoding=\"async\" src=\"http:\/\/aconteceunovale.com.br\/portal\/wp-content\/uploads\/2017\/01\/moto_x_2.jpg\" alt=\"\" \/><em>Venda do aparelho est\u00e1 proibida em Minas (Divulga\u00e7\u00e3o)<\/em><br \/>\n<\/br><\/p>\n<p><strong>Repara\u00e7\u00e3o<\/strong><\/p>\n<p>Em junho deste ano, atendendo a um dos pedidos do Procon-MG, a Motorola anunciou que providenciaria, a t\u00edtulo de garantia especial, somente a repara\u00e7\u00e3o da tela dos aparelhos dos consumidores identificados no processo administrativo instaurado pelo \u00f3rg\u00e3o de defesa do consumidor. De acordo com o promotor, a Motorola disse estar fazendo contato com esses consumidores para providenciar o conserto. As pessoas que j\u00e1 repararam a tela do telefone com recursos pr\u00f3prios devem registrar reclama\u00e7\u00e3o no Procon, com c\u00f3pia da nota fiscal, para as medidas cab\u00edveis. <\/p>\n<p><strong>Entenda o caso<\/strong><\/p>\n<p>Em novembro de 2015, Procon-MG instaurou processo administrativo contra a fabricante, com medida cautelar que suspendeu as vendas do aparelho no estado de Minas Gerais. Suposto v\u00edcio de qualidade do produto, por n\u00e3o suportar impacto e quebrar sua tela ao cair de baixa altura, foi um dos problemas que motivaram a decis\u00e3o do \u00f3rg\u00e3o de defesa do consumidor. A empresa recorreu da primeira decis\u00e3o cautelar e obteve liminar favor\u00e1vel na justi\u00e7a para continuar a vender o aparelho. <\/p>\n<p>Com a inten\u00e7\u00e3o de proteger os consumidores, o Procon-MG determinou, em decis\u00e3o cautelar de contrapropaganda, que a fabricante alterasse o conte\u00fado dos an\u00fancios publicit\u00e1rios do aparelho celular Moto X (2\u00aa Gera\u00e7\u00e3o) em meios f\u00edsicos e virtuais. A decis\u00e3o estabeleceu a supress\u00e3o de express\u00f5es como \u2018garante durabilidade\u2019, \u2018previne de riscos\u2019 e \u2018mais resistente a riscos\u2019 dos an\u00fancios do produto e indicou a inclus\u00e3o da palavra \u2018arranh\u00f5es\u2019 em substitui\u00e7\u00e3o \u00e0 express\u00e3o \u2018riscos\u2019. <\/p>\n<p>O \u00f3rg\u00e3o tamb\u00e9m realizou audi\u00eancia p\u00fablica para ouvir os consumidores, a empresa e demais interessados sobre suposto v\u00edcio de qualidade do aparelho. Os usu\u00e1rios que compareceram \u00e0 audi\u00eancia relataram que o celular Moto X (2\u00aa Gera\u00e7\u00e3o), mesmo com pouco tempo de uso, tem a tela quebrada ap\u00f3s cair de baixa altura ou sofrer baixo impacto. Eles tamb\u00e9m disseram ter procurado a assist\u00eancia t\u00e9cnica autorizada para solicitar o reparo do produto ainda em garantia. Por\u00e9m, a assist\u00eancia negou o servi\u00e7o, alegando perda de garantia por mau uso do telefone. Segundo os consumidores, uma das caracter\u00edsticas que motivaram a compra foi a publicidade de tela mais resistente a impactos. <\/p>\n<p><strong>Posicionamento da Motorola no Brasil<\/strong><\/p>\n<p><em>A Motorola Mobility informa que a 2\u00aa Vara da Fazenda P\u00fablica de Belo Horizonte concedeu medida liminar no \u00faltimo dia 14 de dezembro de 2016 em mandato de seguran\u00e7a que suspende a decis\u00e3o administrativa do Minist\u00e9rio P\u00fablico de Minas Gerais (MP-MG). A Justi\u00e7a entendeu que n\u00e3o h\u00e1 fundamento na medida proferida pelo MPMG, n\u00e3o existindo risco \u00e0 sa\u00fade ou \u00e0 seguran\u00e7a do consumidor.  A empresa ressalta ainda que nunca realizou comunica\u00e7\u00e3o que mencionasse que a tela deste produto \u00e9 mais resistente a riscos, queda ou quebra.<\/em><\/p>\n<p><strong>VER PRIMEIRO<\/strong><\/p>\n<p><strong>Receba as not\u00edcias do Aconteceu no Vale em primeira m\u00e3o. Clique em curtir no endere\u00e7o <a href=\"https:\/\/www.facebook.com\/aconteceunovale\" target=\"_blank\"><font color=\"red\">www.facebook.com\/aconteceunovale<\/font><\/a> ou no box abaixo:<\/strong><\/p>\n<div class=\"fb-like\" data-href=\"https:\/\/www.facebook.com\/aconteceunovale\" data-width=\"120\" data-layout=\"standard\" data-action=\"like\" data-size=\"small\" data-show-faces=\"true\" data-share=\"true\"><\/div>\n<p><\/br><\/p>\n<p><em>(Fonte: MPMG)<\/em><\/p>\n","protected":false},"excerpt":{"rendered":"<p>O Procon-MG \u2013 \u00f3rg\u00e3o integrante do Minist\u00e9rio P\u00fablico de Minas Gerais (MPMG) \u2013 proibiu a venda do aparelho celular Moto X (2\u00aa Gera\u00e7\u00e3o) no territ\u00f3rio mineiro, em estabelecimentos f\u00edsicos e virtuais, e intimou a Motorola Mobility Com\u00e9rcio de Produtos Eletr\u00f4nicos Ltda a pagar multa de R$ 809.702,00 ao Fundo Estadual de Prote\u00e7\u00e3o e Defesa do [&hellip;]<\/p>\n","protected":false},"author":1,"featured_media":106718,"comment_status":"open","ping_status":"closed","sticky":false,"template":"","format":"standard","meta":{"amp_status":"","footnotes":""},"categories":[123],"tags":[67473,135547,135546,19674,135548,135545,19675,67470,135550,135543,135549,135542,135544],"class_list":["post-106717","post","type-post","status-publish","format-standard","has-post-thumbnail","hentry","category-gerais","tag-amauri-artimos-da-matta","tag-fepdc","tag-fundo-estadual-de-protecao-e-defesa-do-consumidor","tag-ministerio-publico-de-minas-gerais","tag-moto-x","tag-motorola-mobility-comercio-de-produtos-eletronicos-ltda","tag-mpmg","tag-procon-mg","tag-procon-mg-proibe-a-venda-do-celular-moto-x-de-2a-geracao-em-minas-gerais","tag-proibe-venda-do-aparelho-celular-moto-x-em-minas-gerais","tag-proibe-venda-do-moto-x-em-minas-gerais","tag-venda-do-aparelho-celular-moto-x","tag-venda-do-aparelho-celular-moto-x-em-minas-gerais"],"_links":{"self":[{"href":"https:\/\/aconteceunovale.com.br\/portal\/index.php?rest_route=\/wp\/v2\/posts\/106717","targetHints":{"allow":["GET"]}}],"collection":[{"href":"https:\/\/aconteceunovale.com.br\/portal\/index.php?rest_route=\/wp\/v2\/posts"}],"about":[{"href":"https:\/\/aconteceunovale.com.br\/portal\/index.php?rest_route=\/wp\/v2\/types\/post"}],"author":[{"embeddable":true,"href":"https:\/\/aconteceunovale.com.br\/portal\/index.php?rest_route=\/wp\/v2\/users\/1"}],"replies":[{"embeddable":true,"href":"https:\/\/aconteceunovale.com.br\/portal\/index.php?rest_route=%2Fwp%2Fv2%2Fcomments&post=106717"}],"version-history":[{"count":0,"href":"https:\/\/aconteceunovale.com.br\/portal\/index.php?rest_route=\/wp\/v2\/posts\/106717\/revisions"}],"wp:featuredmedia":[{"embeddable":true,"href":"https:\/\/aconteceunovale.com.br\/portal\/index.php?rest_route=\/wp\/v2\/media\/106718"}],"wp:attachment":[{"href":"https:\/\/aconteceunovale.com.br\/portal\/index.php?rest_route=%2Fwp%2Fv2%2Fmedia&parent=106717"}],"wp:term":[{"taxonomy":"category","embeddable":true,"href":"https:\/\/aconteceunovale.com.br\/portal\/index.php?rest_route=%2Fwp%2Fv2%2Fcategories&post=106717"},{"taxonomy":"post_tag","embeddable":true,"href":"https:\/\/aconteceunovale.com.br\/portal\/index.php?rest_route=%2Fwp%2Fv2%2Ftags&post=106717"}],"curies":[{"name":"wp","href":"https:\/\/api.w.org\/{rel}","templated":true}]}}