{"id":106373,"date":"2017-01-07T21:40:58","date_gmt":"2017-01-07T23:40:58","guid":{"rendered":"http:\/\/aconteceunovale.com.br\/portal\/?p=106373"},"modified":"2017-01-07T21:40:58","modified_gmt":"2017-01-07T23:40:58","slug":"detentos-roubam-armas-e-fogem-de-presidio-em-jacinto-no-vale-do-jequitinhonha","status":"publish","type":"post","link":"https:\/\/aconteceunovale.com.br\/portal\/?p=106373","title":{"rendered":"Detentos roubam armas e fogem de pres\u00eddio em Jacinto, no Vale do Jequitinhonha"},"content":{"rendered":"<p>Um dia depois de o secret\u00e1rio de Administra\u00e7\u00e3o Prisional de Minas Gerais, Francisco Kupidlowski, afirmar n\u00e3o haver solu\u00e7\u00e3o para o quadro de superlota\u00e7\u00e3o das cadeias do Estado nos pr\u00f3ximos dez anos, mas que a situa\u00e7\u00e3o carcer\u00e1ria est\u00e1 tranquila, ao menos cinco detentos fugiram do Pres\u00eddio Municipal de Jacinto, no Vale do Jequitinhonha, na tarde deste s\u00e1bado (7\/1\/2017).<\/p>\n<p>De acordo com a Pol\u00edcia Militar (PM), os presos renderam dois agentes penitenci\u00e1rios que entraram na cela para tirar um detento que iria realizar uma faxina. Os suspeitos agrediram os servidores com socos e tapas e os prenderam na local.<\/p>\n<p>Segundo a PM, Jos\u00e9 Guilhermino Pereira Souza, Averaldo Pinheiro, Ant\u00f4nio L\u00facio Porto de Souza, Jeanderson Pereira Santos e Welber Ferreira da Silva usaram as chaves dos agentes para abrir as grades da cadeia e foram \u00e0 intend\u00eancia, onde pegaram uma pistola calibre .40 e tr\u00eas revolveres calibre 38. Depois de recolher o armamento, os detentos ainda roubaram um carro e fugiram.<\/p>\n<p>O ve\u00edculo foi encontrado quebrado em uma \u00e1rea a 15 quil\u00f4metros do centro da cidade. A suspeita \u00e9 que os detentos tenham se escondido em uma mata. De acordo com a PM, 15 policiais militares est\u00e3o realizando buscas pelos foragidos. Dos 12 presos que ocupavam a cela, sete ainda decidiram n\u00e3o escapar. A pol\u00edcia informou que, at\u00e9 a fuga, o pres\u00eddio abrigava 62 detentos.<\/p>\n<p><strong>VER PRIMEIRO<\/strong><\/p>\n<p><strong>Receba as not\u00edcias do Aconteceu no Vale em primeira m\u00e3o. Clique em curtir no endere\u00e7o <a href=\"https:\/\/www.facebook.com\/aconteceunovale\" target=\"_blank\"><font color=\"red\">www.facebook.com\/aconteceunovale<\/font><\/a> ou no box abaixo:<\/strong><\/p>\n<div class=\"fb-like\" data-href=\"https:\/\/www.facebook.com\/aconteceunovale\" data-width=\"120\" data-layout=\"standard\" data-action=\"like\" data-size=\"small\" data-show-faces=\"true\" data-share=\"true\"><\/div>\n<p><\/br><\/p>\n<p><em>(Fonte: O Tempo)<\/em><\/p>\n","protected":false},"excerpt":{"rendered":"<p>Um dia depois de o secret\u00e1rio de Administra\u00e7\u00e3o Prisional de Minas Gerais, Francisco Kupidlowski, afirmar n\u00e3o haver solu\u00e7\u00e3o para o quadro de superlota\u00e7\u00e3o das cadeias do Estado nos pr\u00f3ximos dez anos, mas que a situa\u00e7\u00e3o carcer\u00e1ria est\u00e1 tranquila, ao menos cinco detentos fugiram do Pres\u00eddio Municipal de Jacinto, no Vale do Jequitinhonha, na tarde deste [&hellip;]<\/p>\n","protected":false},"author":1,"featured_media":102361,"comment_status":"open","ping_status":"closed","sticky":false,"template":"","format":"standard","meta":{"amp_status":"","footnotes":""},"categories":[120],"tags":[134934,134933,134930,134937,134923,134931,134928,134927,134929,408,134935,134932,134926,134922,134924,134925,134936],"class_list":["post-106373","post","type-post","status-publish","format-standard","has-post-thumbnail","hentry","category-jequi","tag-antonio-lucio-porto-de-souza","tag-averaldo-pinheiro","tag-detentos-fogem-do-presidio-municipal-de-jacinto","tag-detentos-roubam-armas-e-fogem-de-presidio-em-jacinto","tag-francisco-kupidlowski","tag-fuga-de-detentos-do-presidio-municipal-de-jacinto","tag-fuga-de-presos-em-jacinto","tag-fuga-detentos-jacinto","tag-fuga-do-presidio-municipal-de-jacinto","tag-jacinto","tag-jeanderson-pereira-santos","tag-jose-guilhermino-pereira-souza","tag-presidio-municipal-de-jacinto","tag-secretario-de-administracao-prisional-de-minas-gerais","tag-superlotacao-das-cadeias-de-minas-gerais","tag-superlotacao-das-cadeias-mineiras","tag-welber-ferreira-da-silva"],"_links":{"self":[{"href":"https:\/\/aconteceunovale.com.br\/portal\/index.php?rest_route=\/wp\/v2\/posts\/106373","targetHints":{"allow":["GET"]}}],"collection":[{"href":"https:\/\/aconteceunovale.com.br\/portal\/index.php?rest_route=\/wp\/v2\/posts"}],"about":[{"href":"https:\/\/aconteceunovale.com.br\/portal\/index.php?rest_route=\/wp\/v2\/types\/post"}],"author":[{"embeddable":true,"href":"https:\/\/aconteceunovale.com.br\/portal\/index.php?rest_route=\/wp\/v2\/users\/1"}],"replies":[{"embeddable":true,"href":"https:\/\/aconteceunovale.com.br\/portal\/index.php?rest_route=%2Fwp%2Fv2%2Fcomments&post=106373"}],"version-history":[{"count":0,"href":"https:\/\/aconteceunovale.com.br\/portal\/index.php?rest_route=\/wp\/v2\/posts\/106373\/revisions"}],"wp:featuredmedia":[{"embeddable":true,"href":"https:\/\/aconteceunovale.com.br\/portal\/index.php?rest_route=\/wp\/v2\/media\/102361"}],"wp:attachment":[{"href":"https:\/\/aconteceunovale.com.br\/portal\/index.php?rest_route=%2Fwp%2Fv2%2Fmedia&parent=106373"}],"wp:term":[{"taxonomy":"category","embeddable":true,"href":"https:\/\/aconteceunovale.com.br\/portal\/index.php?rest_route=%2Fwp%2Fv2%2Fcategories&post=106373"},{"taxonomy":"post_tag","embeddable":true,"href":"https:\/\/aconteceunovale.com.br\/portal\/index.php?rest_route=%2Fwp%2Fv2%2Ftags&post=106373"}],"curies":[{"name":"wp","href":"https:\/\/api.w.org\/{rel}","templated":true}]}}