{"id":106370,"date":"2017-01-07T20:55:10","date_gmt":"2017-01-07T22:55:10","guid":{"rendered":"http:\/\/aconteceunovale.com.br\/portal\/?p=106370"},"modified":"2017-01-07T20:55:10","modified_gmt":"2017-01-07T22:55:10","slug":"belo-horizonte-tera-voos-diretos-para-buenos-aires-a-partir-de-marco","status":"publish","type":"post","link":"https:\/\/aconteceunovale.com.br\/portal\/?p=106370","title":{"rendered":"Belo Horizonte ter\u00e1 voos diretos para Buenos Aires a partir de mar\u00e7o"},"content":{"rendered":"<p>A Secretaria de Estado de Turismo de Minas Gerais (Setur-MG) e a Azul Linhas A\u00e9reas anunciaram que a partir do dia 6 de mar\u00e7o de 2017 a companhia ter\u00e1 voos diretos saindo de Belo Horizonte com destino a Buenos Aires.<\/p>\n<p>Na quinta-feira (5\/1), o diretor da Azul, Marcelo Bento Ribeiro, o assessor da Presid\u00eancia para Assuntos Institucionais da companhia, Ronaldo da Silva Veras e o representante da BH Airport, Dany H. L. Oliveira, se reuniram com o secret\u00e1rio de Estado de Turismo, Ricardo Faria e o adjunto da pasta, Gustavo Arrais.<\/p>\n<p>Ap\u00f3s um trabalho de reaproxima\u00e7\u00e3o com as companhias a\u00e9reas, que haviam deixado de comercializar voos interacionais tendo Minas Gerais como destino tur\u00edstico, a Setur comemora a chegada do primeiro voo sem escala da Azul para a capital argentina.<\/p>\n<p>\u201cAcreditamos que esse resultado positivo \u00e9 fruto do di\u00e1logo que iniciamos com as companhias a\u00e9reas, apresentando e divulgando nossos atrativos tur\u00edsticos e contribuindo com as empresas na recep\u00e7\u00e3o dos visitantes\u201d, declara Ricardo Faria.<\/p>\n<p>Dessa forma, o voo inaugural acontece em 60 dias com uma liga\u00e7\u00e3o di\u00e1ria a partir de ent\u00e3o. As passagens j\u00e1 est\u00e3o \u00e0 venda. \u201cNum primeiro momento, os turistas oriundos da Am\u00e9rica Latina precisavam passar por outros estados brasileiros para chegar at\u00e9 a capital mineira. Al\u00e9m da log\u00edstica cansativa, os valores subiam consideravelmente\u201d, recorda o secret\u00e1rio de Turismo.<\/p>\n<p>O diretor da companhia a\u00e9rea, Marcelo Bento Ribeiro, explica a escolha de Belo Horizonte para o voo. \u201cTer um fluxo de visitantes constante \u00e9 importante para a manuten\u00e7\u00e3o de qualquer voo, principalmente os internacionais. Entendemos que os mineiros t\u00eam um enorme interesse em visitar Buenos Aires e consequentemente todo o pa\u00eds portenho. Por isso, nos dedicamos, juntamente com a Setur, para que a divulga\u00e7\u00e3o de Beag\u00e1 seja feita com \u00eaxito possibilitando crescimento no n\u00famero de turistas argentinos na cidade\u201d.<\/p>\n<p>Segundo dados da Azul, um grande n\u00famero de argentinos em busca de praias brasileiras dever\u00e1 realizar uma breve parada em Beag\u00e1. \u201cDessa forma, temos que ofertar nossos atrativos para que esses mesmos turistas sejam provocados a conhecer n\u00e3o apenas a capital mineira, assim como as cidades hist\u00f3ricas e as in\u00fameras belezas que o Estado possui\u201d, convida o secret\u00e1rio de Turismo, Ricardo Faria.<\/p>\n<p><img decoding=\"async\" src=\"http:\/\/aconteceunovale.com.br\/portal\/wp-content\/uploads\/2017\/01\/azul_mg.jpg\" alt=\"\" \/><em>Representantes do Governo de Minas Gerais e a Azul (Divulga\u00e7\u00e3o\/Setur)<\/em><br \/>\n<\/br><\/p>\n<p><strong>VER PRIMEIRO<\/strong><\/p>\n<p><strong>Receba as not\u00edcias do Aconteceu no Vale em primeira m\u00e3o. Clique em curtir no endere\u00e7o <a href=\"https:\/\/www.facebook.com\/aconteceunovale\" target=\"_blank\"><font color=\"red\">www.facebook.com\/aconteceunovale<\/font><\/a> ou no box abaixo:<\/strong><\/p>\n<div class=\"fb-like\" data-href=\"https:\/\/www.facebook.com\/aconteceunovale\" data-width=\"120\" data-layout=\"standard\" data-action=\"like\" data-size=\"small\" data-show-faces=\"true\" data-share=\"true\"><\/div>\n<p><\/br><\/p>\n<p><em>(Ag\u00eancia Minas)<\/em><\/p>\n","protected":false},"excerpt":{"rendered":"<p>A Secretaria de Estado de Turismo de Minas Gerais (Setur-MG) e a Azul Linhas A\u00e9reas anunciaram que a partir do dia 6 de mar\u00e7o de 2017 a companhia ter\u00e1 voos diretos saindo de Belo Horizonte com destino a Buenos Aires. Na quinta-feira (5\/1), o diretor da Azul, Marcelo Bento Ribeiro, o assessor da Presid\u00eancia para [&hellip;]<\/p>\n","protected":false},"author":1,"featured_media":106371,"comment_status":"open","ping_status":"closed","sticky":false,"template":"","format":"standard","meta":{"amp_status":"","footnotes":""},"categories":[123,28848],"tags":[1077,194,134913,134912,38695,23885,134921,134918,134919,134920,88470,134916,134915,134914,134917],"class_list":["post-106370","post","type-post","status-publish","format-standard","has-post-thumbnail","hentry","category-gerais","category-mundo","tag-azul-linhas-aereas","tag-belo-horizonte","tag-belo-horizonte-tera-voos-diretos-para-buenos-aires","tag-belo-horizonte-tera-voos-diretos-para-buenos-aires-a-partir-de-marco","tag-bh-airport","tag-buenos-aires","tag-dany-h-l-oliveira","tag-diretor-da-azul","tag-marcelo-bento-ribeiro","tag-ronaldo-da-silva-veras","tag-secretaria-de-estado-de-turismo-de-minas-gerais","tag-setur-mg","tag-voos-de-belo-horizonte-para-buenos-aires","tag-voos-diretos-de-belo-horizonte-para-buenos-aires","tag-voos-diretos-saindo-de-belo-horizonte-com-destino-a-buenos-aires"],"_links":{"self":[{"href":"https:\/\/aconteceunovale.com.br\/portal\/index.php?rest_route=\/wp\/v2\/posts\/106370","targetHints":{"allow":["GET"]}}],"collection":[{"href":"https:\/\/aconteceunovale.com.br\/portal\/index.php?rest_route=\/wp\/v2\/posts"}],"about":[{"href":"https:\/\/aconteceunovale.com.br\/portal\/index.php?rest_route=\/wp\/v2\/types\/post"}],"author":[{"embeddable":true,"href":"https:\/\/aconteceunovale.com.br\/portal\/index.php?rest_route=\/wp\/v2\/users\/1"}],"replies":[{"embeddable":true,"href":"https:\/\/aconteceunovale.com.br\/portal\/index.php?rest_route=%2Fwp%2Fv2%2Fcomments&post=106370"}],"version-history":[{"count":0,"href":"https:\/\/aconteceunovale.com.br\/portal\/index.php?rest_route=\/wp\/v2\/posts\/106370\/revisions"}],"wp:featuredmedia":[{"embeddable":true,"href":"https:\/\/aconteceunovale.com.br\/portal\/index.php?rest_route=\/wp\/v2\/media\/106371"}],"wp:attachment":[{"href":"https:\/\/aconteceunovale.com.br\/portal\/index.php?rest_route=%2Fwp%2Fv2%2Fmedia&parent=106370"}],"wp:term":[{"taxonomy":"category","embeddable":true,"href":"https:\/\/aconteceunovale.com.br\/portal\/index.php?rest_route=%2Fwp%2Fv2%2Fcategories&post=106370"},{"taxonomy":"post_tag","embeddable":true,"href":"https:\/\/aconteceunovale.com.br\/portal\/index.php?rest_route=%2Fwp%2Fv2%2Ftags&post=106370"}],"curies":[{"name":"wp","href":"https:\/\/api.w.org\/{rel}","templated":true}]}}