{"id":106364,"date":"2017-01-07T20:49:03","date_gmt":"2017-01-07T22:49:03","guid":{"rendered":"http:\/\/aconteceunovale.com.br\/portal\/?p=106364"},"modified":"2017-01-07T20:49:03","modified_gmt":"2017-01-07T22:49:03","slug":"calendario-de-vacinacao-e-ampliado-para-uma-parcela-maior-da-populacao-para-2017","status":"publish","type":"post","link":"https:\/\/aconteceunovale.com.br\/portal\/?p=106364","title":{"rendered":"Calend\u00e1rio de Vacina\u00e7\u00e3o \u00e9 ampliado para uma parcela maior da popula\u00e7\u00e3o para 2017"},"content":{"rendered":"<p>O ano come\u00e7a com importantes altera\u00e7\u00f5es no Calend\u00e1rio Nacional de Vacina\u00e7\u00e3o, que t\u00eam como objetivo otimizar a cobertura vacinal no pa\u00eds. A amplia\u00e7\u00e3o de grupos e faixas et\u00e1rias fazem parte do Programa Nacional de Imuniza\u00e7\u00f5es (PNI), conduzido pelo Minist\u00e9rio da Sa\u00fade, para 2017.<\/p>\n<p>A partir de agora, uma maior parcela da popula\u00e7\u00e3o ficar\u00e1 mais protegida uma vez que ir\u00e3o receber vacinas como a HPV, meningoc\u00f3cica C, tr\u00edplice viral e varicela, al\u00e9m da hepatite A. Nos munic\u00edpios de Minas Gerais, os postos de sa\u00fade j\u00e1 se encontram abastecidos com as doses necess\u00e1rias para imunizar os grupos priorit\u00e1rios.<\/p>\n<p>A diretora de Vigil\u00e2ncia Epidemiol\u00f3gica da Secretaria de Estado de Sa\u00fade de Minas Gerais (SES-MG), Jana\u00edna Fonseca Almeida, faz um alerta \u00e0s m\u00e3es, pais e respons\u00e1veis pelos adolescentes para que eles levem suas filhas e, agora tamb\u00e9m, os filhos aos postos de sa\u00fade para receber a vacina contra o HPV.<\/p>\n<p>\u201cCada vez que uma nova vacina \u00e9 introduzida no Calend\u00e1rio Nacional, \u00e9 um avan\u00e7o para a sa\u00fade p\u00fablica. A vacina HPV para meninos ser\u00e1 inserida neste ano juntamente com a meningo C para adolescentes de 12 e 13 anos. Essas vacinas protegem contra doen\u00e7as graves, como os c\u00e2nceres causados pelos v\u00edrus HPV e a meningite por Neisseria. Por isso, \u00e9 preciso ficar atento \u00e0s faixas et\u00e1rias abrangidas pelas mudan\u00e7as e ter o cart\u00e3o de vacina\u00e7\u00e3o atualizado\u201d, afirma Jana\u00edna.<\/p>\n<p><img decoding=\"async\" src=\"http:\/\/aconteceunovale.com.br\/portal\/wp-content\/uploads\/2017\/01\/calendario_vacinacao_1.png\" alt=\"\" \/><img decoding=\"async\" src=\"http:\/\/aconteceunovale.com.br\/portal\/wp-content\/uploads\/2017\/01\/calendario_vacinacao_2.png\" alt=\"\" \/><img decoding=\"async\" src=\"http:\/\/aconteceunovale.com.br\/portal\/wp-content\/uploads\/2017\/01\/calendario_vacinacao_3.png\" alt=\"\" \/><br \/>\n<\/br><\/p>\n<p><strong>Vacina HPV<\/strong><\/p>\n<p>Uma das principais mudan\u00e7as do Calend\u00e1rio de Vacina\u00e7\u00e3o \u00e9 a que diz respeito \u00e0 vacina HPV quadrivalente que, a partir deste ano, passa a ser disponibilizada, em duas doses, para meninos entre 12 e 13 anos de idade.<\/p>\n<p>Segundo o Minist\u00e9rio da Sa\u00fade, a faixa et\u00e1ria do grupo de abrang\u00eancia ser\u00e1 ampliada gradativamente e, at\u00e9 2020, ir\u00e1 abranger meninos de 9 at\u00e9 13 anos de idade. As meninas de 9 a 14 anos de idade que ainda n\u00e3o tiveram a oportunidade de serem vacinadas, tamb\u00e9m podem receber as duas doses.<\/p>\n<p>H\u00e1 tamb\u00e9m novidades para a popula\u00e7\u00e3o que vive com HIV\/Aids. A vacina passa a abranger homens de 14 a 26 anos de idade vivendo com o v\u00edrus, que receber\u00e3o tr\u00eas doses da vacina. Com as mudan\u00e7as, a popula\u00e7\u00e3o alvo passa a ser de mulheres e homens vivendo com HIV\/Aids, de 9 a 26 anos de idade.<\/p>\n<p>A diretora de Vigil\u00e2ncia Epidemiol\u00f3gica da SES-MG refor\u00e7a, ainda, que os homens, quando imunizados contra a doen\u00e7a, al\u00e9m de deixar de transmitir o v\u00edrus HPV durante a rela\u00e7\u00e3o sexual, est\u00e3o protegidos contra o c\u00e2ncer de p\u00eanis, \u00e2nus, verrugas genitais, c\u00e2ncer bucal e de faringe.<\/p>\n<p>\u201cA inclus\u00e3o de meninos no calend\u00e1rio permanente da vacina HPV \u00e9 extremamente relevante. Tanto eles ficam protegidos, quanto as mulheres, porque o v\u00edrus \u00e9 transmitido pela via sexual, podendo causar nas mulheres diversos c\u00e2nceres, entre eles o mais recorrente que \u00e9 o de colo de \u00fatero. Vale ent\u00e3o destacar a import\u00e2ncia dos pais em levar os filhos \u00e0s unidades de sa\u00fade e ainda conversar sobre o uso do preservativo, mesmo antes dos jovens iniciarem a vida sexual, para evitar outras doen\u00e7as\u201d, orienta Jana\u00edna.<\/p>\n<p>As vacinas contra o HPV j\u00e1 est\u00e3o dispon\u00edveis nos postos de sa\u00fade e devem ser administradas em duas doses, com intervalo de 6 meses, tanto para meninos, como para as meninas. H\u00e1 vacinas remanescentes de 2016, com prazo de validade em dia, que podem ser administradas em ambos os sexos, n\u00e3o h\u00e1 diferencia\u00e7\u00e3o.<\/p>\n<p>Para o in\u00edcio deste ano, o Minist\u00e9rio da Sa\u00fade enviou para o estado de Minas Gerais cerca de 310 mil novas doses, que come\u00e7am a ser encaminhadas aos munic\u00edpios a partir da pr\u00f3xima semana. Ao longo do ano, novas doses ser\u00e3o encaminhadas de acordo com a demanda dos munic\u00edpios. Dados do IBGE mostram que no estado s\u00e3o 343.129 meninas e 354.932 meninos na faixa de vacina\u00e7\u00e3o. A expectativa \u00e9 imunizar toda essa popula\u00e7\u00e3o.<\/p>\n<p><strong>Vacina meningoc\u00f3cica C<\/strong><\/p>\n<p>O Minist\u00e9rio da Sa\u00fade passou tamb\u00e9m a disponibilizar a vacina meningoc\u00f3cica C conjugada para adolescentes de 12 e 13 anos. A faixa-et\u00e1ria tamb\u00e9m ser\u00e1 ampliada, gradativamente, at\u00e9 2020, quando ser\u00e3o inclu\u00eddas crian\u00e7as e adolescentes com 9 at\u00e9 13 anos. Essa medida foi adotada para proteger os adolescentes que ainda n\u00e3o tinham imunidade e estavam mais suscet\u00edveis a adquirir a doen\u00e7a. A vacina protege contra a meningite por Neisseria, bact\u00e9ria que mais causa \u00f3bitos.<\/p>\n<p>Minas Gerais tamb\u00e9m j\u00e1 est\u00e1 abastecida com a vacina, que pode ser encontrada nos postos de sa\u00fade municipais. A vacina \u00e9 a mesma utilizada anteriormente na rotina para crian\u00e7as e n\u00e3o houve mudan\u00e7as em sua composi\u00e7\u00e3o. Para o in\u00edcio deste ano, o Minist\u00e9rio da Sa\u00fade enviou para o estado cerca de 245 mil novas doses, que come\u00e7am a ser encaminhadas aos munic\u00edpios a partir da pr\u00f3xima semana.<\/p>\n<p><strong>Vacinas tr\u00edplice viral e varicela<\/strong><\/p>\n<p>A partir de agora, a vacina tr\u00edplice viral (sarampo, caxumba e rub\u00e9ola) passa a ser disponibilizada em duas doses para pessoas de 12 meses at\u00e9 29 anos de idade. J\u00e1 as crian\u00e7as at\u00e9 4 anos passar\u00e3o a receber uma dose da vacina varicela (atenuada). A introdu\u00e7\u00e3o da segunda dose da tr\u00edplice viral para a popula\u00e7\u00e3o de 20 a 29 anos de idade se d\u00e1 devido \u00e0 situa\u00e7\u00e3o epidemiol\u00f3gica da caxumba nos \u00faltimos anos, que vem apresentando surtos, principalmente em adolescentes e jovens dessa faixa et\u00e1ria.<\/p>\n<p><strong>Vacina dTpa<\/strong><\/p>\n<p>A vacina adsorvida difteria, t\u00e9tano e coqueluche (pertussis acelular) tipo adulto \u2013 dTpa passa a ser disponibilizada para as gestantes a partir da 20\u00aa semana de gesta\u00e7\u00e3o. As mulheres que porventura perderam a oportunidade de serem vacinadas durante a gesta\u00e7\u00e3o devem receber uma dose de dTpa no puerp\u00e9rio, per\u00edodo que vai at\u00e9 6 a 8 semanas ap\u00f3s o parto.<\/p>\n<p>Essa medida visa garantir que os beb\u00eas j\u00e1 nas\u00e7am com prote\u00e7\u00e3o contra a coqueluche, uma vez que os anticorpos s\u00e3o transferidos da m\u00e3e para o feto. A transmiss\u00e3o de anticorpos evita que os beb\u00eas contraiam a doen\u00e7a at\u00e9 que completem o esquema de vacina\u00e7\u00e3o com a vacina pentavalente, o que s\u00f3 ocorre aos seis meses de idade.<\/p>\n<p><strong>Vacina Hepatite A<\/strong><\/p>\n<p>A \u00faltima mudan\u00e7a no calend\u00e1rio diz respeito \u00e0 vacina hepatite A, que passa a ser disponibilizada para crian\u00e7as at\u00e9 4 anos de idade. O ideal \u00e9 que a crian\u00e7a tome a dose da vacina entre 15 e 23 meses. Se a crian\u00e7a perdeu a oportunidade de ser vacinada anteriormente, at\u00e9 os 4 anos ela pode ter o cart\u00e3o de vacina\u00e7\u00e3o atualizado.<\/p>\n<p><a href=\"http:\/\/www.saude.mg.gov.br\/vacinacao\" target=\"_blank\">Clique aqui para saber mais sobre as doen\u00e7as que fazem parte do Calend\u00e1rio Nacional de Imuniza\u00e7\u00e3o<\/a>.<\/p>\n<p><strong>VER PRIMEIRO<\/strong><\/p>\n<p><strong>Receba as not\u00edcias do Aconteceu no Vale em primeira m\u00e3o. Clique em curtir no endere\u00e7o <a href=\"https:\/\/www.facebook.com\/aconteceunovale\" target=\"_blank\"><font color=\"red\">www.facebook.com\/aconteceunovale<\/font><\/a> ou no box abaixo:<\/strong><\/p>\n<div class=\"fb-like\" data-href=\"https:\/\/www.facebook.com\/aconteceunovale\" data-width=\"120\" data-layout=\"standard\" data-action=\"like\" data-size=\"small\" data-show-faces=\"true\" data-share=\"true\"><\/div>\n<p><\/br><\/p>\n<p><em>(Ag\u00eancia Minas)<\/em><\/p>\n","protected":false},"excerpt":{"rendered":"<p>O ano come\u00e7a com importantes altera\u00e7\u00f5es no Calend\u00e1rio Nacional de Vacina\u00e7\u00e3o, que t\u00eam como objetivo otimizar a cobertura vacinal no pa\u00eds. A amplia\u00e7\u00e3o de grupos e faixas et\u00e1rias fazem parte do Programa Nacional de Imuniza\u00e7\u00f5es (PNI), conduzido pelo Minist\u00e9rio da Sa\u00fade, para 2017. A partir de agora, uma maior parcela da popula\u00e7\u00e3o ficar\u00e1 mais protegida [&hellip;]<\/p>\n","protected":false},"author":1,"featured_media":106368,"comment_status":"open","ping_status":"closed","sticky":false,"template":"","format":"standard","meta":{"amp_status":"","footnotes":""},"categories":[123,40242],"tags":[134902,134898,134897,134896,133749,134900,24306,134904,134906,19326,134901,134903,72552,52113,14821,134910,134911,134907,134908,22284,134899,134909,134905],"class_list":["post-106364","post","type-post","status-publish","format-standard","has-post-thumbnail","hentry","category-gerais","category-saude-2","tag-alteracoes-no-calendario-nacional-de-vacinacao","tag-calendario-de-vacinacao-2017","tag-calendario-de-vacinacao-e-ampliado","tag-calendario-de-vacinacao-e-ampliado-para-uma-parcela-maior-da-populacao-para-2017","tag-calendario-nacional-de-vacinacao","tag-calendario-nacional-de-vacinacao-2017","tag-hpv","tag-imunizacao-contra-hpv","tag-janaina-fonseca-almeida","tag-ministerio-da-saude","tag-mudancas-no-calendario-nacional-de-vacinacao","tag-pni","tag-programa-nacional-de-imunizacoes","tag-ses-mg","tag-vacina-contra-hpv","tag-vacina-dtpa","tag-vacina-hepatite-a","tag-vacina-hpv","tag-vacina-meningococica-c","tag-vacinacao","tag-vacinacao-2017","tag-vacinas-triplice-viral-e-varicela","tag-vigilancia-epidemiologica-da-secretaria-de-estado-de-saude-de-minas-gerais"],"_links":{"self":[{"href":"https:\/\/aconteceunovale.com.br\/portal\/index.php?rest_route=\/wp\/v2\/posts\/106364","targetHints":{"allow":["GET"]}}],"collection":[{"href":"https:\/\/aconteceunovale.com.br\/portal\/index.php?rest_route=\/wp\/v2\/posts"}],"about":[{"href":"https:\/\/aconteceunovale.com.br\/portal\/index.php?rest_route=\/wp\/v2\/types\/post"}],"author":[{"embeddable":true,"href":"https:\/\/aconteceunovale.com.br\/portal\/index.php?rest_route=\/wp\/v2\/users\/1"}],"replies":[{"embeddable":true,"href":"https:\/\/aconteceunovale.com.br\/portal\/index.php?rest_route=%2Fwp%2Fv2%2Fcomments&post=106364"}],"version-history":[{"count":0,"href":"https:\/\/aconteceunovale.com.br\/portal\/index.php?rest_route=\/wp\/v2\/posts\/106364\/revisions"}],"wp:featuredmedia":[{"embeddable":true,"href":"https:\/\/aconteceunovale.com.br\/portal\/index.php?rest_route=\/wp\/v2\/media\/106368"}],"wp:attachment":[{"href":"https:\/\/aconteceunovale.com.br\/portal\/index.php?rest_route=%2Fwp%2Fv2%2Fmedia&parent=106364"}],"wp:term":[{"taxonomy":"category","embeddable":true,"href":"https:\/\/aconteceunovale.com.br\/portal\/index.php?rest_route=%2Fwp%2Fv2%2Fcategories&post=106364"},{"taxonomy":"post_tag","embeddable":true,"href":"https:\/\/aconteceunovale.com.br\/portal\/index.php?rest_route=%2Fwp%2Fv2%2Ftags&post=106364"}],"curies":[{"name":"wp","href":"https:\/\/api.w.org\/{rel}","templated":true}]}}