{"id":106350,"date":"2017-01-07T11:43:27","date_gmt":"2017-01-07T13:43:27","guid":{"rendered":"http:\/\/aconteceunovale.com.br\/portal\/?p=106350"},"modified":"2017-01-07T11:43:39","modified_gmt":"2017-01-07T13:43:39","slug":"incendio-destroi-cerca-de-18-hectares-de-vegetacao-em-montes-claros","status":"publish","type":"post","link":"https:\/\/aconteceunovale.com.br\/portal\/?p=106350","title":{"rendered":"Inc\u00eandio destr\u00f3i cerca de 18 hectares de vegeta\u00e7\u00e3o no munic\u00edpio de Montes Claros"},"content":{"rendered":"<p>O Corpo de Bombeiros de Montes Claros tenta controlar um inc\u00eandio que atinge uma vegeta\u00e7\u00e3o no Distrito de Ermidinha h\u00e1 tr\u00eas dias. As chamas come\u00e7aram no final da tarde de quarta-feira (04\/01\/2017) e a equipe de militares permanece no local neste s\u00e1bado (07).<\/p>\n<p>De acordo com o sargento Maur\u00edcio Mauro Diniz, os bombeiros est\u00e3o fazendo aceiros e utilizando outras t\u00e9cnicas para impedir a propaga\u00e7\u00e3o das chamas. &#8220;\u00c9 dificultoso, porque \u00e9 um local de dif\u00edcil acesso, o terreno \u00e9 irregular de mata fechada. O inc\u00eandio est\u00e1 debaixo das folhagens e as vezes queima \u00e1rvores&#8221;, explica.<\/p>\n<p>Ainda segundo ele, cerca de 18 hectares j\u00e1 foram queimados. Testemunhas informaram que as chamas come\u00e7aram depois que um fio de alta tens\u00e3o caiu no local, mas as causas ainda est\u00e3o sendo apuradas pelo Corpo de Bombeiros.<\/p>\n<p><img decoding=\"async\" src=\"http:\/\/aconteceunovale.com.br\/portal\/wp-content\/uploads\/2017\/01\/incendio_moc_ermidinha.jpg\" alt=\"\" \/><em>Bombeiros tentam controlar as chamas h\u00e1 3 dias (Foto: Greisson Vieira\/Reprodu\u00e7\u00e3o G1)<\/em><br \/>\n<\/br><\/p>\n<p><strong>VER PRIMEIRO<\/strong><\/p>\n<p><strong>Receba as not\u00edcias do Aconteceu no Vale em primeira m\u00e3o. Clique em curtir no endere\u00e7o <a href=\"https:\/\/www.facebook.com\/aconteceunovale\" target=\"_blank\"><font color=\"red\">www.facebook.com\/aconteceunovale<\/font><\/a> ou no box abaixo:<\/strong><\/p>\n<div class=\"fb-like\" data-href=\"https:\/\/www.facebook.com\/aconteceunovale\" data-width=\"120\" data-layout=\"standard\" data-action=\"like\" data-size=\"small\" data-show-faces=\"true\" data-share=\"true\"><\/div>\n<p><\/br><\/p>\n<p><em>(Fonte: G1 Grande Minas)<\/em><\/p>\n","protected":false},"excerpt":{"rendered":"<p>O Corpo de Bombeiros de Montes Claros tenta controlar um inc\u00eandio que atinge uma vegeta\u00e7\u00e3o no Distrito de Ermidinha h\u00e1 tr\u00eas dias. As chamas come\u00e7aram no final da tarde de quarta-feira (04\/01\/2017) e a equipe de militares permanece no local neste s\u00e1bado (07). De acordo com o sargento Maur\u00edcio Mauro Diniz, os bombeiros est\u00e3o fazendo [&hellip;]<\/p>\n","protected":false},"author":1,"featured_media":106351,"comment_status":"open","ping_status":"closed","sticky":false,"template":"","format":"standard","meta":{"amp_status":"","footnotes":""},"categories":[1236],"tags":[37851,134855,134854,134859,60747,71004,134856,134858,210,134857],"class_list":["post-106350","post","type-post","status-publish","format-standard","has-post-thumbnail","hentry","category-norte_de_minas","tag-corpo-de-bombeiros-de-montes-claros","tag-distrito-de-ermidinha","tag-incendio-destroi-cerca-de-18-hectares-de-vegetacao-em-montes-claros","tag-incendio-destroi-cerca-de-18-hectares-de-vegetacao-no-municipio-de-montes-claros","tag-incendio-em-montes-claros","tag-incendio-montes-claros","tag-incendio-no-distrito-de-ermidinha","tag-mauricio-mauro-diniz","tag-montes-claros","tag-sargento-mauricio-mauro-diniz"],"_links":{"self":[{"href":"https:\/\/aconteceunovale.com.br\/portal\/index.php?rest_route=\/wp\/v2\/posts\/106350","targetHints":{"allow":["GET"]}}],"collection":[{"href":"https:\/\/aconteceunovale.com.br\/portal\/index.php?rest_route=\/wp\/v2\/posts"}],"about":[{"href":"https:\/\/aconteceunovale.com.br\/portal\/index.php?rest_route=\/wp\/v2\/types\/post"}],"author":[{"embeddable":true,"href":"https:\/\/aconteceunovale.com.br\/portal\/index.php?rest_route=\/wp\/v2\/users\/1"}],"replies":[{"embeddable":true,"href":"https:\/\/aconteceunovale.com.br\/portal\/index.php?rest_route=%2Fwp%2Fv2%2Fcomments&post=106350"}],"version-history":[{"count":0,"href":"https:\/\/aconteceunovale.com.br\/portal\/index.php?rest_route=\/wp\/v2\/posts\/106350\/revisions"}],"wp:featuredmedia":[{"embeddable":true,"href":"https:\/\/aconteceunovale.com.br\/portal\/index.php?rest_route=\/wp\/v2\/media\/106351"}],"wp:attachment":[{"href":"https:\/\/aconteceunovale.com.br\/portal\/index.php?rest_route=%2Fwp%2Fv2%2Fmedia&parent=106350"}],"wp:term":[{"taxonomy":"category","embeddable":true,"href":"https:\/\/aconteceunovale.com.br\/portal\/index.php?rest_route=%2Fwp%2Fv2%2Fcategories&post=106350"},{"taxonomy":"post_tag","embeddable":true,"href":"https:\/\/aconteceunovale.com.br\/portal\/index.php?rest_route=%2Fwp%2Fv2%2Ftags&post=106350"}],"curies":[{"name":"wp","href":"https:\/\/api.w.org\/{rel}","templated":true}]}}