{"id":106347,"date":"2017-01-07T11:39:04","date_gmt":"2017-01-07T13:39:04","guid":{"rendered":"http:\/\/aconteceunovale.com.br\/portal\/?p=106347"},"modified":"2017-01-07T11:39:04","modified_gmt":"2017-01-07T13:39:04","slug":"projeto-domingo-e-dia-de-museu-valoriza-cultura-do-norte-de-minas","status":"publish","type":"post","link":"https:\/\/aconteceunovale.com.br\/portal\/?p=106347","title":{"rendered":"Projeto \u201cDomingo \u00e9 Dia de Museu\u201d valoriza cultura do Norte de Minas"},"content":{"rendered":"<p>A Universidade Estadual de Montes Claros, respons\u00e1vel pelo Museu Regional do Norte de Minas, realiza, neste domingo (8\/1\/2017), a primeira edi\u00e7\u00e3o do projeto \u201cDomingo \u00e9 Dia de Museu\u201d de 2017. O espa\u00e7o tem visita\u00e7\u00e3o gratuita e \u00e9 aberto \u00e0 comunidade em geral.<\/p>\n<p>O \u201cDomingo \u00e9 Dia de Museu\u201d acontece pelo menos uma vez ao m\u00eas. Na primeira edi\u00e7\u00e3o do ano, os visitantes ter\u00e3o acesso a 17 trabalhos que concorreram ao Concurso de Pres\u00e9pios Natalinos. \u201cGeralmente realizamos nos \u00faltimos finais de semana do m\u00eas. Resolvemos adiantar o projeto agora em janeiro, porque as pessoas precisam conferir de perto o bel\u00edssimo trabalho feito pelos artes\u00e3os\u201d, conta a diretora do Museu Regional, Marina Queiroz. As pe\u00e7as ser\u00e3o desmontadas na pr\u00f3xima segunda (9), conforme a tradi\u00e7\u00e3o de festividades pelo Dia de Santos Reis.<\/p>\n<p>Al\u00e9m dos pres\u00e9pios, os visitantes tamb\u00e9m v\u00e3o conhecer exposi\u00e7\u00f5es de arte.  \u201cEsperamos pelo menos 150 pessoas, j\u00e1 que h\u00e1 a curiosidade de conferir de perto os vencedores do concurso de pres\u00e9pios e as fam\u00edlias, geralmente, saem das missas e passam por aqui, para conferir o que est\u00e1 sendo exposto\u201d, afirma Marina.<\/p>\n<p><strong>Terceiro ano de projeto<\/strong><\/p>\n<p>O &#8216;Domingo \u00e9 Dia de Museu&#8217; come\u00e7ou em 2015 e o objetivo \u00e9 abrir em hor\u00e1rios diferenciados, que n\u00e3o sejam comerciais, para que o maior n\u00famero de pessoas possa visitar.<\/p>\n<p>&#8220;O retorno \u00e9 muito bom, principalmente no domingo. J\u00e1 recebemos escolas de outras cidades, pessoas da zona rural, muitos grupos de amigos. \u00c9 um dia mais f\u00e1cil para visitar. \u00c9 um dia de receber fam\u00edlias&#8221;, diz Marina Queiroz.<\/p>\n<p>A diretora do espa\u00e7o comemora o sucesso dos domingos. Segundo ela, nos dias alternativos, quase 5 mil pessoas j\u00e1 foram conhecer obras de arte e se divertiram no espa\u00e7o. &#8220;\u00c9 um projeto vitorioso porque democratiza, facilita o acesso da popula\u00e7\u00e3o \u00e0s artes. Geralmente, v\u00eam pessoas que n\u00e3o viriam em hor\u00e1rio comercial. S\u00e3o mais ou menos 250 visitantes por m\u00eas no domingo&#8221;.<\/p>\n<p>Na pr\u00f3xima segunda-feira (9), as atra\u00e7\u00f5es dispon\u00edveis para este domingo ser\u00e3o desmontadas para exposi\u00e7\u00e3o de outras obras tempor\u00e1rias. Entram em cena telas de temas livres de professores da Unimontes, segundo a dire\u00e7\u00e3o do local. O museu, al\u00e9m das obras rotativas, conta com atra\u00e7\u00f5es fixas que s\u00e3o as salas de mem\u00f3ria e de acervo. Em dois anos de funcionamento, o local j\u00e1 recebeu mais de 23 mil visitantes de 25 estados brasileiros e de 18 pa\u00edses da Am\u00e9ricas do Norte, Sul e Central, Europa, \u00c1sia e Oceania.<\/p>\n<p>O Museu Regional do Norte de Minas fica na Rua Coronel Celestino, n\u00famero 75, no Centro Hist\u00f3rico de Montes Claros. Aos domingos, o espa\u00e7o funciona de 9 \u00e0s 13h. Mais informa\u00e7\u00f5es est\u00e3o dispon\u00edveis no telefone (38) 3229-8590.<\/p>\n<p><img decoding=\"async\" src=\"http:\/\/aconteceunovale.com.br\/portal\/wp-content\/uploads\/2017\/01\/museu_moc.jpg\" alt=\"\" \/><em>Projeto promete movimentar o Museu Regional do Norte de Minas (Foto: Divulga\u00e7\u00e3o)<\/em><br \/>\n<\/br><\/p>\n<p><strong>VER PRIMEIRO<\/strong><\/p>\n<p><strong>Receba as not\u00edcias do Aconteceu no Vale em primeira m\u00e3o. Clique em curtir no endere\u00e7o <a href=\"https:\/\/www.facebook.com\/aconteceunovale\" target=\"_blank\"><font color=\"red\">www.facebook.com\/aconteceunovale<\/font><\/a> ou no box abaixo:<\/strong><\/p>\n<div class=\"fb-like\" data-href=\"https:\/\/www.facebook.com\/aconteceunovale\" data-width=\"120\" data-layout=\"standard\" data-action=\"like\" data-size=\"small\" data-show-faces=\"true\" data-share=\"true\"><\/div>\n<p><\/br><\/p>\n<p><em>(Fonte: G1 Grande Minas)<\/em><\/p>\n","protected":false},"excerpt":{"rendered":"<p>A Universidade Estadual de Montes Claros, respons\u00e1vel pelo Museu Regional do Norte de Minas, realiza, neste domingo (8\/1\/2017), a primeira edi\u00e7\u00e3o do projeto \u201cDomingo \u00e9 Dia de Museu\u201d de 2017. O espa\u00e7o tem visita\u00e7\u00e3o gratuita e \u00e9 aberto \u00e0 comunidade em geral. O \u201cDomingo \u00e9 Dia de Museu\u201d acontece pelo menos uma vez ao m\u00eas. [&hellip;]<\/p>\n","protected":false},"author":1,"featured_media":106348,"comment_status":"open","ping_status":"closed","sticky":false,"template":"","format":"standard","meta":{"amp_status":"","footnotes":""},"categories":[125,1236],"tags":[134850,210,2768,134851,134852,134853,763,18174],"class_list":["post-106347","post","type-post","status-publish","format-standard","has-post-thumbnail","hentry","category-noticias","category-norte_de_minas","tag-domingo-e-dia-de-museu","tag-montes-claros","tag-museu-regional-do-norte-de-minas","tag-projeto-domingo-e-dia-de-museu","tag-projeto-domingo-e-dia-de-museu-promete-movimentar-o-museu-regional-do-norte-de-minas","tag-projeto-domingo-e-dia-de-museu-valoriza-cultura-do-norte-de-minas","tag-unimontes","tag-universidade-estadual-de-montes-claros"],"_links":{"self":[{"href":"https:\/\/aconteceunovale.com.br\/portal\/index.php?rest_route=\/wp\/v2\/posts\/106347","targetHints":{"allow":["GET"]}}],"collection":[{"href":"https:\/\/aconteceunovale.com.br\/portal\/index.php?rest_route=\/wp\/v2\/posts"}],"about":[{"href":"https:\/\/aconteceunovale.com.br\/portal\/index.php?rest_route=\/wp\/v2\/types\/post"}],"author":[{"embeddable":true,"href":"https:\/\/aconteceunovale.com.br\/portal\/index.php?rest_route=\/wp\/v2\/users\/1"}],"replies":[{"embeddable":true,"href":"https:\/\/aconteceunovale.com.br\/portal\/index.php?rest_route=%2Fwp%2Fv2%2Fcomments&post=106347"}],"version-history":[{"count":0,"href":"https:\/\/aconteceunovale.com.br\/portal\/index.php?rest_route=\/wp\/v2\/posts\/106347\/revisions"}],"wp:featuredmedia":[{"embeddable":true,"href":"https:\/\/aconteceunovale.com.br\/portal\/index.php?rest_route=\/wp\/v2\/media\/106348"}],"wp:attachment":[{"href":"https:\/\/aconteceunovale.com.br\/portal\/index.php?rest_route=%2Fwp%2Fv2%2Fmedia&parent=106347"}],"wp:term":[{"taxonomy":"category","embeddable":true,"href":"https:\/\/aconteceunovale.com.br\/portal\/index.php?rest_route=%2Fwp%2Fv2%2Fcategories&post=106347"},{"taxonomy":"post_tag","embeddable":true,"href":"https:\/\/aconteceunovale.com.br\/portal\/index.php?rest_route=%2Fwp%2Fv2%2Ftags&post=106347"}],"curies":[{"name":"wp","href":"https:\/\/api.w.org\/{rel}","templated":true}]}}