{"id":106344,"date":"2017-01-07T11:32:41","date_gmt":"2017-01-07T13:32:41","guid":{"rendered":"http:\/\/aconteceunovale.com.br\/portal\/?p=106344"},"modified":"2017-01-07T11:32:41","modified_gmt":"2017-01-07T13:32:41","slug":"prefeitura-de-caratinga-investiga-cinco-mortes-por-suspeita-de-febre-amarela","status":"publish","type":"post","link":"https:\/\/aconteceunovale.com.br\/portal\/?p=106344","title":{"rendered":"Prefeitura de Caratinga investiga cinco mortes por suspeita de febre amarela"},"content":{"rendered":"<p>A Prefeitura Municipal de Caratinga, por meio da Secretaria de Sa\u00fade, investiga cinco mortes ocorridas na regi\u00e3o com sintomas semelhantes a febre amarela silvestre. Segundo o \u00f3rg\u00e3o, entre 19 de dezembro e 5 de janeiro, cinco pessoas morreram ap\u00f3s serem internadas no Pronto Atendimento Microrregional.<\/p>\n<p>Em coletiva de imprensa na tarde desta sexta-feira (6\/1\/2017), o secret\u00e1rio de sa\u00fade, Giovanni Corr\u00eaa, afirmou que as investiga\u00e7\u00f5es devem durar cerca de 60 dias, mas os resultados dos exames cl\u00ednicos realizados com amostras de sangue de pacientes mortos ficar\u00e3o prontos em cinco dias. At\u00e9 o momento j\u00e1 foi descartada a suspeita de leptospirose. Ele refor\u00e7ou a necessidade de manter o cart\u00e3o de vacina\u00e7\u00e3o em dia.<\/p>\n<p>T\u00e9cnicos da Ger\u00eancia Regional de Sa\u00fade de Coronel Fabriciano est\u00e3o auxiliando nas investiga\u00e7\u00f5es. Eles encontraram tr\u00eas macacos mortos na regi\u00e3o onde os pacientes trabalhavam. Foram colhidas amostras de material biol\u00f3gico destes animais para fazer a an\u00e1lise.<\/p>\n<p>Os pacientes que morreram residiam entre as cidades de Caratinga, Imb\u00e9 de Minas e Ubaporanga. Eles apresentaram sintomas como febre, dores pelo corpo, n\u00e1useas, v\u00f4mitos e hemorragias. Atualmente ainda h\u00e1 11 pessoas internadas com quadro de sa\u00fade semelhante aos outros pacientes, elas est\u00e3o em hospitais de Caratinga, Ipatinga, Governador Valadares e Belo Horizonte.<\/p>\n<p><img decoding=\"async\" src=\"http:\/\/aconteceunovale.com.br\/portal\/wp-content\/uploads\/2017\/01\/hospital_caratinga.jpg\" alt=\"\" \/><em>Pacientes internados apresentaram sintomas semelhantes (Foto: Reprodu\u00e7\u00e3o\/R\u00e1dio Cidade)<\/em><br \/>\n<\/br><\/p>\n<p><strong>VER PRIMEIRO<\/strong><\/p>\n<p><strong>Receba as not\u00edcias do Aconteceu no Vale em primeira m\u00e3o. Clique em curtir no endere\u00e7o <a href=\"https:\/\/www.facebook.com\/aconteceunovale\" target=\"_blank\"><font color=\"red\">www.facebook.com\/aconteceunovale<\/font><\/a> ou no box abaixo:<\/strong><\/p>\n<div class=\"fb-like\" data-href=\"https:\/\/www.facebook.com\/aconteceunovale\" data-width=\"120\" data-layout=\"standard\" data-action=\"like\" data-size=\"small\" data-show-faces=\"true\" data-share=\"true\"><\/div>\n<p><\/br><\/p>\n<p><em>(Fonte: G1 dos Vales)<\/em><\/p>\n","protected":false},"excerpt":{"rendered":"<p>A Prefeitura Municipal de Caratinga, por meio da Secretaria de Sa\u00fade, investiga cinco mortes ocorridas na regi\u00e3o com sintomas semelhantes a febre amarela silvestre. Segundo o \u00f3rg\u00e3o, entre 19 de dezembro e 5 de janeiro, cinco pessoas morreram ap\u00f3s serem internadas no Pronto Atendimento Microrregional. Em coletiva de imprensa na tarde desta sexta-feira (6\/1\/2017), o [&hellip;]<\/p>\n","protected":false},"author":1,"featured_media":106345,"comment_status":"open","ping_status":"closed","sticky":false,"template":"","format":"standard","meta":{"amp_status":"","footnotes":""},"categories":[121,40242],"tags":[194,237,134843,134847,47713,134842,134846,134849,247,295,201,134844,134848,134841,134845,331],"class_list":["post-106344","post","type-post","status-publish","format-standard","has-post-thumbnail","hentry","category-leste","category-saude-2","tag-belo-horizonte","tag-caratinga","tag-casos-de-febre-amarela-em-caratinga","tag-casos-de-febre-amarela-silvestre-em-caratinga","tag-febre-amarela","tag-febre-amarela-em-caratinga","tag-febre-amarela-silvestre","tag-gerencia-regional-de-saude-de-coronel-fabriciano","tag-governador-valadares","tag-imbe-de-minas","tag-ipatinga","tag-mortes-por-febre-amarela-em-caratinga","tag-mortes-por-febre-amarela-silvestre-em-caratinga","tag-prefeitura-de-caratinga-investiga-cinco-mortes-por-suspeita-de-febre-amarela","tag-prefeitura-municipal-de-caratinga","tag-ubaporanga"],"_links":{"self":[{"href":"https:\/\/aconteceunovale.com.br\/portal\/index.php?rest_route=\/wp\/v2\/posts\/106344","targetHints":{"allow":["GET"]}}],"collection":[{"href":"https:\/\/aconteceunovale.com.br\/portal\/index.php?rest_route=\/wp\/v2\/posts"}],"about":[{"href":"https:\/\/aconteceunovale.com.br\/portal\/index.php?rest_route=\/wp\/v2\/types\/post"}],"author":[{"embeddable":true,"href":"https:\/\/aconteceunovale.com.br\/portal\/index.php?rest_route=\/wp\/v2\/users\/1"}],"replies":[{"embeddable":true,"href":"https:\/\/aconteceunovale.com.br\/portal\/index.php?rest_route=%2Fwp%2Fv2%2Fcomments&post=106344"}],"version-history":[{"count":0,"href":"https:\/\/aconteceunovale.com.br\/portal\/index.php?rest_route=\/wp\/v2\/posts\/106344\/revisions"}],"wp:featuredmedia":[{"embeddable":true,"href":"https:\/\/aconteceunovale.com.br\/portal\/index.php?rest_route=\/wp\/v2\/media\/106345"}],"wp:attachment":[{"href":"https:\/\/aconteceunovale.com.br\/portal\/index.php?rest_route=%2Fwp%2Fv2%2Fmedia&parent=106344"}],"wp:term":[{"taxonomy":"category","embeddable":true,"href":"https:\/\/aconteceunovale.com.br\/portal\/index.php?rest_route=%2Fwp%2Fv2%2Fcategories&post=106344"},{"taxonomy":"post_tag","embeddable":true,"href":"https:\/\/aconteceunovale.com.br\/portal\/index.php?rest_route=%2Fwp%2Fv2%2Ftags&post=106344"}],"curies":[{"name":"wp","href":"https:\/\/api.w.org\/{rel}","templated":true}]}}