{"id":106341,"date":"2017-01-07T11:07:20","date_gmt":"2017-01-07T13:07:20","guid":{"rendered":"http:\/\/aconteceunovale.com.br\/portal\/?p=106341"},"modified":"2017-01-07T11:07:20","modified_gmt":"2017-01-07T13:07:20","slug":"apos-declaracao-sobre-chacina-secretario-do-governo-temer-pede-demissao","status":"publish","type":"post","link":"https:\/\/aconteceunovale.com.br\/portal\/?p=106341","title":{"rendered":"Ap\u00f3s declara\u00e7\u00e3o sobre chacina, secret\u00e1rio do governo Temer pede demiss\u00e3o"},"content":{"rendered":"<p>O secret\u00e1rio nacional de Juventude, Bruno J\u00falio, pediu demiss\u00e3o nesta sexta-feira (6\/1\/2017). O pedido ocorreu ap\u00f3s a repercuss\u00e3o de uma declara\u00e7\u00e3o sobre a chacina de presos em Roraima. Em entrevista a um colunista do jornal O Globo, J\u00falio disse que \u201ctinha que matar mais [presos], tinha que fazer uma chacina por semana\u201d.<\/p>\n<p>Nomeado para a Secretaria Nacional de Juventude em junho, Bruno J\u00falio apresentou o pedido de demiss\u00e3o ao presidente Michel Temer. Segundo a assessoria do Pal\u00e1cio do Planalto, o pedido j\u00e1 foi aceito e a demiss\u00e3o dever\u00e1 ser publicada no Di\u00e1rio Oficial da Uni\u00e3o nos pr\u00f3ximos dias. A secretaria \u00e9 diretamente vinculada \u00e0 Presid\u00eancia da Rep\u00fablica.<\/p>\n<p>Bruno J\u00falio tamb\u00e9m \u00e9 presidente licenciado da Juventude Nacional do PMDB. Em nota, ele disse ter falado \u201cem car\u00e1ter pessoal\u201d ao jornalista, ap\u00f3s a entrevista. De acordo com ele, est\u00e1 havendo \u201cuma valoriza\u00e7\u00e3o muito grande da morte de condenados, muito maior do que quando um bandido mata um pai de fam\u00edlia que est\u00e1 saindo ou voltando do trabalho\u201d.<\/p>\n<p>\u201cO que eu quis dizer foi que, embora o presidi\u00e1rio tamb\u00e9m mere\u00e7a respeito e considera\u00e7\u00e3o, temos que valorizar mais o combate \u00e0 viol\u00eancia com mecanismos que o Estado n\u00e3o tem conseguido colocar a disposi\u00e7\u00e3o da popula\u00e7\u00e3o plenamente\u201d, completou o secret\u00e1rio na nota.<\/p>\n<p><strong>Chacinas<\/strong><\/p>\n<p>A morte de mais de 30 presos em Roraima, na Penitenci\u00e1ria Agr\u00edcola de Monte Cristo, ocorreu poucos dias depois da morte de 56 presos no Complexo Penitenci\u00e1rio An\u00edsio Jobim (Compaj), em Manaus. O complexo abriga fac\u00e7\u00f5es criminosas rivais, assim como em Roraima. A penitenci\u00e1ria de Monte Cristo havia sido cen\u00e1rio de confrontos entre presos em outubro do ano passado, quando integrantes da fac\u00e7\u00e3o PCC invadiram a \u00e1rea destinada a integrantes do Comando Vermelho e mataram dezenas de detentos.<\/p>\n<p><img decoding=\"async\" src=\"http:\/\/aconteceunovale.com.br\/portal\/wp-content\/uploads\/2017\/01\/bruno_julio.jpg\" alt=\"\" \/><em>Bruno \u00e9 filho do deputado mineiro Cabo J\u00falio (Divulga\u00e7\u00e3o)<\/em><br \/>\n<\/br><\/p>\n<p><strong>VER PRIMEIRO<\/strong><\/p>\n<p><strong>Receba as not\u00edcias do Aconteceu no Vale em primeira m\u00e3o. Clique em curtir no endere\u00e7o <a href=\"https:\/\/www.facebook.com\/aconteceunovale\" target=\"_blank\"><font color=\"red\">www.facebook.com\/aconteceunovale<\/font><\/a> ou no box abaixo:<\/strong><\/p>\n<div class=\"fb-like\" data-href=\"https:\/\/www.facebook.com\/aconteceunovale\" data-width=\"120\" data-layout=\"standard\" data-action=\"like\" data-size=\"small\" data-show-faces=\"true\" data-share=\"true\"><\/div>\n<p><\/br><\/p>\n<p><em>(Ag\u00eancia Brasil)<\/em><\/p>\n","protected":false},"excerpt":{"rendered":"<p>O secret\u00e1rio nacional de Juventude, Bruno J\u00falio, pediu demiss\u00e3o nesta sexta-feira (6\/1\/2017). O pedido ocorreu ap\u00f3s a repercuss\u00e3o de uma declara\u00e7\u00e3o sobre a chacina de presos em Roraima. Em entrevista a um colunista do jornal O Globo, J\u00falio disse que \u201ctinha que matar mais [presos], tinha que fazer uma chacina por semana\u201d. Nomeado para a [&hellip;]<\/p>\n","protected":false},"author":1,"featured_media":106342,"comment_status":"open","ping_status":"closed","sticky":false,"template":"","format":"standard","meta":{"amp_status":"","footnotes":""},"categories":[6,40240],"tags":[134839,134832,134834,134032,134026,134837,81561,134836,134835,62201,134833,20593,134838,87517,134840,44073],"class_list":["post-106341","post","type-post","status-publish","format-standard","has-post-thumbnail","hentry","category-br","category-politica-2","tag-apos-declaracao-sobre-chacina","tag-bruno-julio","tag-chacina-de-presos-em-roraima","tag-compaj","tag-complexo-penitenciario-anisio-jobim","tag-crise-prisional","tag-demissao","tag-demissao-de-bruno-julio","tag-penitenciaria-agricola-de-monte-cristo","tag-presos","tag-repercussao-de-uma-declaracao-sobre-a-chacina-de-presos-em-roraima","tag-roraima","tag-secretaria-nacional-de-juventude","tag-secretario","tag-secretario-do-governo-temer-pede-demissao","tag-secretario-nacional-de-juventude"],"_links":{"self":[{"href":"https:\/\/aconteceunovale.com.br\/portal\/index.php?rest_route=\/wp\/v2\/posts\/106341","targetHints":{"allow":["GET"]}}],"collection":[{"href":"https:\/\/aconteceunovale.com.br\/portal\/index.php?rest_route=\/wp\/v2\/posts"}],"about":[{"href":"https:\/\/aconteceunovale.com.br\/portal\/index.php?rest_route=\/wp\/v2\/types\/post"}],"author":[{"embeddable":true,"href":"https:\/\/aconteceunovale.com.br\/portal\/index.php?rest_route=\/wp\/v2\/users\/1"}],"replies":[{"embeddable":true,"href":"https:\/\/aconteceunovale.com.br\/portal\/index.php?rest_route=%2Fwp%2Fv2%2Fcomments&post=106341"}],"version-history":[{"count":0,"href":"https:\/\/aconteceunovale.com.br\/portal\/index.php?rest_route=\/wp\/v2\/posts\/106341\/revisions"}],"wp:featuredmedia":[{"embeddable":true,"href":"https:\/\/aconteceunovale.com.br\/portal\/index.php?rest_route=\/wp\/v2\/media\/106342"}],"wp:attachment":[{"href":"https:\/\/aconteceunovale.com.br\/portal\/index.php?rest_route=%2Fwp%2Fv2%2Fmedia&parent=106341"}],"wp:term":[{"taxonomy":"category","embeddable":true,"href":"https:\/\/aconteceunovale.com.br\/portal\/index.php?rest_route=%2Fwp%2Fv2%2Fcategories&post=106341"},{"taxonomy":"post_tag","embeddable":true,"href":"https:\/\/aconteceunovale.com.br\/portal\/index.php?rest_route=%2Fwp%2Fv2%2Ftags&post=106341"}],"curies":[{"name":"wp","href":"https:\/\/api.w.org\/{rel}","templated":true}]}}