{"id":106326,"date":"2017-01-07T10:21:14","date_gmt":"2017-01-07T12:21:14","guid":{"rendered":"http:\/\/aconteceunovale.com.br\/portal\/?p=106326"},"modified":"2017-01-07T10:21:15","modified_gmt":"2017-01-07T12:21:15","slug":"garimpeiro-que-contraiu-malaria-em-diamantina-relata-sofrimento","status":"publish","type":"post","link":"https:\/\/aconteceunovale.com.br\/portal\/?p=106326","title":{"rendered":"Garimpeiro que contraiu mal\u00e1ria em Diamantina relata sofrimento"},"content":{"rendered":"<p>\u201cMo\u00e7o, achei que ia morrer. Depois de alguns dias, n\u00e3o aguentava nem andar. As pessoas que trabalham comigo \u00e9 que me salvaram, me levaram para o hospital.\u201d O drama \u00e9 do garimpeiro Marco Ant\u00f4nio Soares, de 39 anos, uma das seis pessoas que contra\u00edram mal\u00e1ria do garimpo de Areinha, no munic\u00edpio de Diamantina (Vale do Jequitinhonha). O surto, confirmado em 19 de dezembro por autoridades sanit\u00e1rias e revelado ontem, levou a Secretaria de Estado de Sa\u00fade (SES) a tomar medidas preventivas e a emitir alerta para 10 cidades da regi\u00e3o.<\/p>\n<p>Marco Ant\u00f4nio, que afirma ter sofrido com dores, espasmos e sensa\u00e7\u00e3o de fraqueza, era uma das poucas pessoas que permaneciam ontem no garimpo de Areinha, local de trabalho de quase dois mil garimpeiros em busca de ouro e diamantes. Ontem, a reportagem do EM encontrou a \u00e1rea praticamente vazia. \u201cEssa \u00e9poca de chuvas j\u00e1 n\u00e3o \u00e9 muito boa e, depois de ter aparecido essa doen\u00e7a, n\u00e3o ficou mais quase ningu\u00e9m aqui\u201d, conta o garimpeiro.<\/p>\n<p>O caso de Marco Ant\u00f4nio, tratado pela SES como aut\u00f3ctone (infec\u00e7\u00e3o no local de manifesta\u00e7\u00e3o da doen\u00e7a), refor\u00e7a que a transmiss\u00e3o ocorreu em Areinha: o garimpeiro afirma n\u00e3o ter sa\u00eddo de l\u00e1. \u201cEstou aqui em Areinha vai fazer cinco anos e nunca sa\u00ed daqui. Nunca sa\u00ed de Minas\u201d diz. E completa: \u201cEssa doen\u00e7a \u00e9 do mato mesmo. Estamos entrando no mato demais e encontrando as coisas que existem l\u00e1\u201d, opina.<\/p>\n<p>Al\u00e9m das pessoas que tiveram confirma\u00e7\u00e3o de mal\u00e1ria \u2013 todos os doentes est\u00e3o sendo tratados e j\u00e1 receberam alta da Santa Casa de Miseric\u00f3rdia de Diamantina \u2013, a Secretaria de Estado de Sa\u00fade afirma que faz \u201cbusca ativa\u201d por mais pessoas picadas pelo mosquito Anopheles darlingi e infectadas pelo protozo\u00e1rio Plasmodium vivax, mas at\u00e9 ontem n\u00e3o havia confirmado outros casos suspeitos. No garimpo de Areinha, por\u00e9m,  a informa\u00e7\u00e3o \u00e9 de que v\u00e1rias pessoas passaram dias com os sintomas parecidos aos da mal\u00e1ria. Elas recebem tr\u00eas tipos de medicamento contra a doen\u00e7a como forma de precau\u00e7\u00e3o.<\/p>\n<p>Uma delas \u00e9 a garimpeira Ant\u00f4nia Soares, de 29 anos, que vive com o marido em um barrac\u00e3o \u00e0 beira do rio. \u201cSenti febre, dor de cabe\u00e7a, dor de garganta, falta de for\u00e7as. Estava muito desanimada, querendo s\u00f3 cama, sentindo muitos calafrios e sem conseguir fazer nada\u201d, conta Ant\u00f4nia. Ela vive h\u00e1 um ano e seis meses no local e, a exemplo de Marco Ant\u00f4nio, afirma que n\u00e3o deixou a \u00e1rea. \u201cNunca sa\u00ed daqui n\u00e3o. Sou de Diamantina mesmo\u201d, diz.<\/p>\n<p>Al\u00e9m da busca por casos, t\u00e9cnicos da SES borrifam as casas da regi\u00e3o para evitar que o mosquito Anopheles se reproduza. \u201cO problema \u00e9 que n\u00e3o podem fazer muito mais. Nas catas (lavras abertas no leito e nas margens do Jequitinhonha para a garimpagem de ouro e diamantes) n\u00e3o podem borrifar o veneno por causa dos peixes\u201d, avalia a garimpeira Ant\u00f4nia Soares. Al\u00e9m da borrifa\u00e7\u00e3o, a Secretaria de Estado de Sa\u00fade informou que profissionais de sa\u00fade dos munic\u00edpios vizinhos est\u00e3o sendo capacitados para o diagn\u00f3stico da mal\u00e1ria. Medicamentos, kits diagn\u00f3stico e insumos para o tratamento est\u00e3o sendo enviados, bem como material informativo.<\/p>\n<p><img decoding=\"async\" src=\"http:\/\/aconteceunovale.com.br\/portal\/wp-content\/uploads\/2017\/01\/garimpeiro_dtna.jpeg\" alt=\"\" \/><em>Garimpeiro Marco Ant\u00f4nio Soares achou que ia morrer (foto: Leandro Couri\/EM\/D.A PRESS)<\/em><br \/>\n<\/br><\/p>\n<p><strong>Carnaval<\/strong><\/p>\n<p>A Prefeitura de Diamantina refor\u00e7ou que os casos de mal\u00e1ria identificados no garimpo de Areinhas, a cerca de 70 quil\u00f4metros do Centro da cidade, n\u00e3o p\u00f5em turistas em risco \u2013 a cidade se prepara para receber muitos visitantes durante o carnaval. Ap\u00f3s reuni\u00e3o na manh\u00e3 de ontem, em que foram apresentados resultados de estudos feitos pelo Minist\u00e9rio da Sa\u00fade, o secret\u00e1rio municipal de Sa\u00fade, Rog\u00e9rio Geraldo Pontes, afirmou, por meio de nota, que os casos confirmados s\u00e3o \u201cocorr\u00eancias pontuais\u201d. Ele ressaltou, por\u00e9m, a \u201cnecessidade de vigil\u00e2ncia cont\u00ednua e a\u00e7\u00f5es de controle que j\u00e1 est\u00e3o sendo desenvolvidas\u201d.<\/p>\n<p>Tamb\u00e9m por meio de nota, o prefeito de Diamantina, Juscelino Brasiliano Roque (PMDB), afirma que \u201ca prioridade \u00e9 focar no combate, acompanhamento e preven\u00e7\u00e3o da doen\u00e7a e n\u00e3o nas especula\u00e7\u00f5es que podem trazer mais preju\u00edzos para Diamantina e regi\u00e3o, j\u00e1 que a cidade depende e muito da manuten\u00e7\u00e3o da atividade garimpeira e do turismo\u201d.<\/p>\n<p>Antes dos seis casos de Areinhas, Minas havia registrado apenas um caso aut\u00f3ctone da doen\u00e7a em 2016, em Simon\u00e9sia, na Zona da Mata. Em 2015, um paciente ficou doente em Lima Duarte, tamb\u00e9m na Zona da Mata. O \u00faltimo caso tratado em Diamantina foi em 2012, de um paciente n\u00e3o contaminado no estado, segundo o Datasus. No ano passado, Minas registrou ainda 46 casos importados de mal\u00e1ria. Em 2015, foram 38.<\/p>\n<p><strong>N\u00e3o \u00e9 preciso deixar de ir a Diamantina<\/strong><\/p>\n<p>\u201cN\u00e3o \u00e9 preciso deixar de ir a Diamantina. O momento \u00e9 de manter o alerta, a vigil\u00e2ncia e de tomar provid\u00eancias para evitar que a regi\u00e3o de Diamantina se torne end\u00eamica para a mal\u00e1ria, o que seria uma preocupa\u00e7\u00e3o a mais de sa\u00fade p\u00fablica para Minas. A ocorr\u00eancia desses seis casos \u00e9 uma situa\u00e7\u00e3o que exige extrema aten\u00e7\u00e3o. As autoridades de sa\u00fade devem continuar com as medidas de controle que v\u00eam sendo tomadas, mapear bem a \u00e1rea de infec\u00e7\u00e3o para evitar novos casos e eliminar completamente o vetor. Nos centros urbanos \u00e9 mais dif\u00edcil que haja transmiss\u00e3o porque o parasita que causa mal\u00e1ria se concentra em \u00e1reas rurais, de mata. N\u00e3o \u00e9 preciso deixar de ir a Diamantina, mas o alerta deve ser mantido porque o parasita tamb\u00e9m consegue se manter em ambientes urbanos. At\u00e9 o momento, n\u00e3o h\u00e1 elementos que exijam alarde, mas devemos acompanhar a evolu\u00e7\u00e3o dos pacientes j\u00e1 medicados e se vai ou n\u00e3o haver novos casos\u201d, diz o especialista Estev\u00e3o Urbano, presidente da Sociedade Mineira de Infectologia.<\/p>\n<p><strong>VER PRIMEIRO<\/strong><\/p>\n<p><strong>Receba as not\u00edcias do Aconteceu no Vale em primeira m\u00e3o. Clique em curtir no endere\u00e7o <a href=\"https:\/\/www.facebook.com\/aconteceunovale\" target=\"_blank\"><font color=\"red\">www.facebook.com\/aconteceunovale<\/font><\/a> ou no box abaixo:<\/strong><\/p>\n<div class=\"fb-like\" data-href=\"https:\/\/www.facebook.com\/aconteceunovale\" data-width=\"120\" data-layout=\"standard\" data-action=\"like\" data-size=\"small\" data-show-faces=\"true\" data-share=\"true\"><\/div>\n<p><\/br><\/p>\n<p><em>(Fonte: Estado de Minas)<\/em><\/p>\n","protected":false},"excerpt":{"rendered":"<p>\u201cMo\u00e7o, achei que ia morrer. Depois de alguns dias, n\u00e3o aguentava nem andar. As pessoas que trabalham comigo \u00e9 que me salvaram, me levaram para o hospital.\u201d O drama \u00e9 do garimpeiro Marco Ant\u00f4nio Soares, de 39 anos, uma das seis pessoas que contra\u00edram mal\u00e1ria do garimpo de Areinha, no munic\u00edpio de Diamantina (Vale do [&hellip;]<\/p>\n","protected":false},"author":1,"featured_media":106327,"comment_status":"open","ping_status":"closed","sticky":false,"template":"","format":"standard","meta":{"amp_status":"","footnotes":""},"categories":[120],"tags":[972,49437,645,960,134443,134670,134450,4115,5618,3279,1018,198,134799,134798,134797,49624,2998,134446,134802,134444,134801,134800,973,134447,134448,81276,42865,134671,134449,439,154,81286,134441,134442,134445],"class_list":["post-106326","post","type-post","status-publish","format-standard","has-post-thumbnail","hentry","category-jequi","tag-alvorada-de-minas","tag-areinha","tag-bocaiuva","tag-buenopolis","tag-casos-de-malaria-em-diamantina","tag-casos-de-malaria-nao-colocam-turistas-em-risco","tag-casos-de-malaria-preocupam-populacao-de-diamantina-e-municipios-vizinhos","tag-couto-de-magalhaes-de-minas","tag-couto-magalhaes-de-minas","tag-datas","tag-destaque","tag-diamantina","tag-garimpeiro-marco-antonio-soares","tag-garimpeiro-que-contraiu-malaria-em-diamantina","tag-garimpeiro-que-contraiu-malaria-em-diamantina-relata-sofrimento","tag-garimpo-de-areinha","tag-gouveia","tag-infectados-com-malaria-em-diamantina","tag-juscelino-brasiliano-roque","tag-malaria-diamantina","tag-malaria-no-garimpo-de-areinha","tag-marco-antonio-soares","tag-olhos-dagua","tag-pessoas-infectadas-pelo-plasmodium-vivax","tag-pessoas-infectadas-pelo-plasmodium-vivax-em-diamantina","tag-plasmodium-vivax","tag-prefeito-de-diamantina","tag-reforca-prefeitura-de-diamantina","tag-santa-casa-de-misericordia-de-diamantina","tag-senador-modestino-goncalves","tag-serro","tag-sintomas-da-malaria","tag-surto-de-malaria","tag-surto-de-malaria-em-diamantina","tag-vitimas-de-malaria-em-diamantina"],"_links":{"self":[{"href":"https:\/\/aconteceunovale.com.br\/portal\/index.php?rest_route=\/wp\/v2\/posts\/106326","targetHints":{"allow":["GET"]}}],"collection":[{"href":"https:\/\/aconteceunovale.com.br\/portal\/index.php?rest_route=\/wp\/v2\/posts"}],"about":[{"href":"https:\/\/aconteceunovale.com.br\/portal\/index.php?rest_route=\/wp\/v2\/types\/post"}],"author":[{"embeddable":true,"href":"https:\/\/aconteceunovale.com.br\/portal\/index.php?rest_route=\/wp\/v2\/users\/1"}],"replies":[{"embeddable":true,"href":"https:\/\/aconteceunovale.com.br\/portal\/index.php?rest_route=%2Fwp%2Fv2%2Fcomments&post=106326"}],"version-history":[{"count":0,"href":"https:\/\/aconteceunovale.com.br\/portal\/index.php?rest_route=\/wp\/v2\/posts\/106326\/revisions"}],"wp:featuredmedia":[{"embeddable":true,"href":"https:\/\/aconteceunovale.com.br\/portal\/index.php?rest_route=\/wp\/v2\/media\/106327"}],"wp:attachment":[{"href":"https:\/\/aconteceunovale.com.br\/portal\/index.php?rest_route=%2Fwp%2Fv2%2Fmedia&parent=106326"}],"wp:term":[{"taxonomy":"category","embeddable":true,"href":"https:\/\/aconteceunovale.com.br\/portal\/index.php?rest_route=%2Fwp%2Fv2%2Fcategories&post=106326"},{"taxonomy":"post_tag","embeddable":true,"href":"https:\/\/aconteceunovale.com.br\/portal\/index.php?rest_route=%2Fwp%2Fv2%2Ftags&post=106326"}],"curies":[{"name":"wp","href":"https:\/\/api.w.org\/{rel}","templated":true}]}}