{"id":106300,"date":"2017-01-06T12:15:26","date_gmt":"2017-01-06T14:15:26","guid":{"rendered":"http:\/\/aconteceunovale.com.br\/portal\/?p=106300"},"modified":"2017-01-06T12:15:26","modified_gmt":"2017-01-06T14:15:26","slug":"safra-mineira-de-cafe-alcanca-volume-recorde-em-2016-com-mais-de-30-milhoes-de-sacas","status":"publish","type":"post","link":"https:\/\/aconteceunovale.com.br\/portal\/?p=106300","title":{"rendered":"Safra mineira de caf\u00e9 alcan\u00e7a volume recorde em 2016 com mais de 30 milh\u00f5es de sacas"},"content":{"rendered":"<p>A safra mineira de caf\u00e9 em 2016 registrou volume recorde de 30,7 milh\u00f5es de sacas. O aumento \u00e9 de 37,8% em rela\u00e7\u00e3o \u00e0 safra anterior e corresponde a quase 60% da produ\u00e7\u00e3o nacional que ficou em 51,3 milh\u00f5es de sacas.<\/p>\n<p>Os n\u00fameros fazem parte do quarto e \u00faltimo levantamento anual de safra da Conab, divulgado em dezembro (ap\u00f3s o per\u00edodo de p\u00f3s-colheita), confirmando as expectativas de safra recorde mineira que vinham sendo sinalizadas nos levantamentos anteriores.<\/p>\n<p>Em Minas Gerais a \u00e1rea total de caf\u00e9 em produ\u00e7\u00e3o ultrapassou um milh\u00e3o de hectares, com aumento de 4,2% em rela\u00e7\u00e3o \u00e0 safra anterior e a produtividade m\u00e9dia ficou em 30,4 sacas por hectare, \u00edndice 32,2% acima do resultado obtido na safra 2015.<\/p>\n<p>Na avalia\u00e7\u00e3o do analista especial de Cafeicultura da\u00a0Secretaria de Agricultura, Pecu\u00e1ria e Abastecimento (Seapa), Niwton Castro Moraes, a safra mineira atinge um volume expressivo ap\u00f3s dois danos de baixa.<\/p>\n<p>\u201cA cultura do caf\u00e9 \u00e9 caracterizada pela bienalidade, que \u00e9 a altern\u00e2ncia entre safras altas e baixas. Nos dois anos anteriores (safras 2014 e 2015), esse ciclo foi rompido e tivemos dois anos de baixa produ\u00e7\u00e3o devido \u00e0 seca prolongada. O volume expressivo da produ\u00e7\u00e3o no ano passado recupera o ciclo de bienalidade da cultura\u201d, explica.<\/p>\n<p>Ainda segundo o analista da Seapa, tanto a safra estadual quanto a nacional, mesmo sendo recordes, o volume n\u00e3o chega a interferir na cota\u00e7\u00e3o do produto, uma vez que os estoques mundiais se mantinham num n\u00edvel muito baixo e ainda precisam de recomposi\u00e7\u00e3o.<\/p>\n<p><img decoding=\"async\" src=\"http:\/\/aconteceunovale.com.br\/portal\/wp-content\/uploads\/2017\/01\/cafe_mg.jpg\" alt=\"\" \/><em>Os n\u00fameros de Minas correspondem a quase 60% da produ\u00e7\u00e3o nacional (Divulga\u00e7\u00e3o\/Seapa)<\/em><br \/>\n<\/br><\/p>\n<p><strong>Mapeamento<\/strong><\/p>\n<p>O mapeamento do parque cafeeiro, demanda antiga dos produtores mineiros, j\u00e1 est\u00e1 sendo realizado pela\u00a0Emater-MG\u00a0e\u00a0Epamig, \u00f3rg\u00e3os vinculados \u00e0 Seapa, com o apoio da Embrapa e da Conab.<\/p>\n<p>\u201cCom este estudo estamos fazendo o levantamento de todo o parque cafeeiro no estado por meio de georreferenciamento, aliado \u00e0 valida\u00e7\u00e3o de campo. O trabalho vai possibilitar determinar com precis\u00e3o o tamanho da \u00e1rea produtora de caf\u00e9 e isso vai contribuir para melhorar as estimativas anuais de safra\u201d, explica o Niwton Moraes. A previs\u00e3o \u00e9 de que este estudo esteja conclu\u00eddo no primeiro semestre de 2018.<\/p>\n<p><strong>Caf\u00e9 de Qualidade<\/strong><\/p>\n<p>A produ\u00e7\u00e3o mineira de caf\u00e9 n\u00e3o se destaca apenas no volume de produ\u00e7\u00e3o. Com caf\u00e9s plantados desde 300 at\u00e9 1.600 metros de altitude, o estado possui uma infinidade de condi\u00e7\u00f5es microclim\u00e1ticas, produzindo caf\u00e9s com uma diversidade de nuances de sabor e aroma. Essa particularidade torna Minas um fornecedor natural de verdadeiras raridades para o mundo dos caf\u00e9s especiais.<\/p>\n<p>O Programa Certifica Minas Caf\u00e9, coordenado pela Seapa, tem como objetivo principal assegurar a produ\u00e7\u00e3o dentro de crit\u00e9rios de sustentabilidade econ\u00f4mica, social e ambiental, al\u00e9m de trabalhar melhorias na produtividade e na qualidade do gr\u00e3o. A iniciativa abrange o Concurso de Qualidade dos Caf\u00e9s de Minas, o Circuito Mineiro do Caf\u00e9 e o projeto de Mapeamento e Monitoramento do Parque Cafeeiro do estado. Atualmente, mais de 1,2 mil propriedades cafeeiras j\u00e1 foram certificadas pelo programa.<\/p>\n<p><strong>VER PRIMEIRO<\/strong><\/p>\n<p><strong>Receba as not\u00edcias do Aconteceu no Vale em primeira m\u00e3o. Clique em curtir no endere\u00e7o <a href=\"https:\/\/www.facebook.com\/aconteceunovale\" target=\"_blank\"><font color=\"red\">www.facebook.com\/aconteceunovale<\/font><\/a> ou no box abaixo:<\/strong><\/p>\n<div class=\"fb-like\" data-href=\"https:\/\/www.facebook.com\/aconteceunovale\" data-width=\"120\" data-layout=\"standard\" data-action=\"like\" data-size=\"small\" data-show-faces=\"true\" data-share=\"true\"><\/div>\n<p><\/br><\/p>\n<p><em>(Ag\u00eancia Minas)<\/em><\/p>\n","protected":false},"excerpt":{"rendered":"<p>A safra mineira de caf\u00e9 em 2016 registrou volume recorde de 30,7 milh\u00f5es de sacas. O aumento \u00e9 de 37,8% em rela\u00e7\u00e3o \u00e0 safra anterior e corresponde a quase 60% da produ\u00e7\u00e3o nacional que ficou em 51,3 milh\u00f5es de sacas. Os n\u00fameros fazem parte do quarto e \u00faltimo levantamento anual de safra da Conab, divulgado [&hellip;]<\/p>\n","protected":false},"author":1,"featured_media":106301,"comment_status":"open","ping_status":"closed","sticky":false,"template":"","format":"standard","meta":{"amp_status":"","footnotes":""},"categories":[123],"tags":[134750,26382,29828,106343,26492,134749,26778,134752,134748,29823,134747,134746,134751],"class_list":["post-106300","post","type-post","status-publish","format-standard","has-post-thumbnail","hentry","category-gerais","tag-cafe-de-minas-gerais","tag-cafe-mineiro","tag-niwton-castro-moraes","tag-parque-cafeeiro-de-minas-gerais","tag-producao-de-cafe-em-minas-gerais","tag-producao-mineira-de-cafe","tag-programa-certifica-minas-cafe","tag-safra-da-conab","tag-safra-de-cafe-em-minas-gerais","tag-safra-mineira-de-cafe","tag-safra-mineira-de-cafe-2016","tag-safra-mineira-de-cafe-alcanca-volume-recorde-em-2016-com-mais-de-30-milhoes-de-sacas","tag-safra-mineira-de-cafe-em-2016"],"_links":{"self":[{"href":"https:\/\/aconteceunovale.com.br\/portal\/index.php?rest_route=\/wp\/v2\/posts\/106300","targetHints":{"allow":["GET"]}}],"collection":[{"href":"https:\/\/aconteceunovale.com.br\/portal\/index.php?rest_route=\/wp\/v2\/posts"}],"about":[{"href":"https:\/\/aconteceunovale.com.br\/portal\/index.php?rest_route=\/wp\/v2\/types\/post"}],"author":[{"embeddable":true,"href":"https:\/\/aconteceunovale.com.br\/portal\/index.php?rest_route=\/wp\/v2\/users\/1"}],"replies":[{"embeddable":true,"href":"https:\/\/aconteceunovale.com.br\/portal\/index.php?rest_route=%2Fwp%2Fv2%2Fcomments&post=106300"}],"version-history":[{"count":0,"href":"https:\/\/aconteceunovale.com.br\/portal\/index.php?rest_route=\/wp\/v2\/posts\/106300\/revisions"}],"wp:featuredmedia":[{"embeddable":true,"href":"https:\/\/aconteceunovale.com.br\/portal\/index.php?rest_route=\/wp\/v2\/media\/106301"}],"wp:attachment":[{"href":"https:\/\/aconteceunovale.com.br\/portal\/index.php?rest_route=%2Fwp%2Fv2%2Fmedia&parent=106300"}],"wp:term":[{"taxonomy":"category","embeddable":true,"href":"https:\/\/aconteceunovale.com.br\/portal\/index.php?rest_route=%2Fwp%2Fv2%2Fcategories&post=106300"},{"taxonomy":"post_tag","embeddable":true,"href":"https:\/\/aconteceunovale.com.br\/portal\/index.php?rest_route=%2Fwp%2Fv2%2Ftags&post=106300"}],"curies":[{"name":"wp","href":"https:\/\/api.w.org\/{rel}","templated":true}]}}