{"id":106290,"date":"2017-01-06T11:50:42","date_gmt":"2017-01-06T13:50:42","guid":{"rendered":"http:\/\/aconteceunovale.com.br\/portal\/?p=106290"},"modified":"2017-01-06T12:09:20","modified_gmt":"2017-01-06T14:09:20","slug":"prefeito-tadeuzinho-abreu-anuncia-inauguracao-de-clinica-de-fisioterapia-em-capelinha","status":"publish","type":"post","link":"https:\/\/aconteceunovale.com.br\/portal\/?p=106290","title":{"rendered":"Prefeito Tadeuzinho Abreu anuncia inaugura\u00e7\u00e3o de cl\u00ednica de fisioterapia em Capelinha"},"content":{"rendered":"<p>Os capelinhenses j\u00e1 podem comemorar: em apenas uma semana da nova administra\u00e7\u00e3o municipal ser\u00e1 inaugurada a Cl\u00ednica de Fisioterapia de Capelinha. O espa\u00e7o de atendimento vai funcionar a partir desta segunda-feira, 9 de janeiro, na Academia de Sa\u00fade, que fica na rua das Azal\u00e9ias, 14, no bairro Bouganville.<\/p>\n<p>A instala\u00e7\u00e3o da Cl\u00ednica de Fisioterapia cumpre uma promessa de campanha do prefeito Tadeuzinho Abreu, que comemora: \u201c\u00c9 motivo de muita alegria para mim a inaugura\u00e7\u00e3o da Cl\u00ednica de Fisioterapia, que vai atender com muito mais qualidade e agilidade a popula\u00e7\u00e3o de Capelinha, acabando assim com a gigantesca fila de espera que vem se acumulando ao longo de diversas administra\u00e7\u00f5es municipais\u201d.<\/p>\n<p><img decoding=\"async\" src=\"http:\/\/aconteceunovale.com.br\/portal\/wp-content\/uploads\/2017\/01\/clinica_fisioterapia_cap_1.jpeg\" alt=\"\" \/><em>Cl\u00ednica de fisioterapia ser\u00e1 inaugurada na pr\u00f3xima segunda-feira (Foto: Ascom Prefeitura de Capelinha)<\/em><br \/>\n<\/br><\/p>\n<p><strong>Qualidade e agilidade<\/strong><\/p>\n<p>At\u00e9 o ano de 2016, o servi\u00e7o de fisioterapia ofertado pelo munic\u00edpio era terceirizado, acontecia a partir da contrata\u00e7\u00e3o de cl\u00ednicas particulares. O sistema de atendimento consistia em poucas horas di\u00e1rias, sendo cada hor\u00e1rio de apenas 30 minutos.<\/p>\n<p>Agora, com a Cl\u00ednica de Fisioterapia, os capelinhenses ter\u00e3o atendimento de 8 horas por dia e tr\u00eas fisioterapeutas qualificados \u00e0 disposi\u00e7\u00e3o da popula\u00e7\u00e3o: Dr. Samuel Jardim, Dra. Ana Paula Macedo e Dra. T\u00e1cia Vieira.<\/p>\n<p><strong>Mais de 400 nomes na fila de espera<\/strong><\/p>\n<p>A lista de espera dos pacientes que necessitam de fisioterapia no munic\u00edpio de Capelinha conta com mais de 400 nomes, sendo que alguns desses aguardam h\u00e1 mais de dois anos. Com a Cl\u00ednica de Fisioterapia, ser\u00e3o criados grupos de pacientes com necessidades afins, o que vai gerar maior qualidade e tamb\u00e9m maior agilidade no atendimento.<\/p>\n<p>O fisioterapeuta Samuel Jardim, criador do projeto aprovado pelo prefeito Tadeuzinho e pela secret\u00e1ria municipal de Sa\u00fade, C\u00e9lia Pe\u00e7anha, ser\u00e1 o coordenador da Cl\u00ednica de Fisioterapia. Ele explica: \u201cNo projeto iremos desenvolver a preven\u00e7\u00e3o, o tratamento e a promo\u00e7\u00e3o da sa\u00fade. Al\u00e9m dos atendimentos de fisioterapia espec\u00edficos para cada caso, vamos organizar grupos de pacientes com necessidades semelhantes para desafogar a lista de espera. Ser\u00e3o criados grupos de gestantes, de idosos, hipertensos, diab\u00e9ticos e portadores de dores de coluna, dentre outros. Esta medida ser\u00e1 tomada para que possamos resolver os casos em andamento, dar altas aos pacientes com o tratamento j\u00e1 conclu\u00eddo e receber os novos pacientes. Pois, quem procura pela fisioterapia tem uma necessidade urgente, e n\u00e3o pode ficar anos esperando\u201d.<\/p>\n<p><strong>Hor\u00e1rio de atendimento<\/strong><\/p>\n<p>Quem j\u00e1 tiver o pedido de fisioterapia, pode procurar a Cl\u00ednica de Fisioterapia de Capelinha para marcar o atendimento. O hor\u00e1rio de funcionamento \u00e9 das 7h \u00e0s 11h e das 13h \u00e0s 17h.<\/p>\n<p><img decoding=\"async\" src=\"http:\/\/aconteceunovale.com.br\/portal\/wp-content\/uploads\/2017\/01\/clinica_fisioterapia_cap_2.jpeg\" alt=\"\" \/><em>Cl\u00ednica de fisioterapia ser\u00e1 inaugurada na pr\u00f3xima segunda-feira (Foto: Ascom Prefeitura de Capelinha)<\/em><br \/>\n<\/br><\/p>\n<p><img decoding=\"async\" src=\"http:\/\/aconteceunovale.com.br\/portal\/wp-content\/uploads\/2017\/01\/clinica_fisioterapia_cap_3.jpeg\" alt=\"\" \/><em>Cl\u00ednica de fisioterapia ser\u00e1 inaugurada na pr\u00f3xima segunda-feira (Foto: Ascom Prefeitura de Capelinha)<\/em><br \/>\n<\/br><\/p>\n<p><strong>VER PRIMEIRO<\/strong><\/p>\n<p><strong>Receba as not\u00edcias do Aconteceu no Vale em primeira m\u00e3o. Clique em curtir no endere\u00e7o <a href=\"https:\/\/www.facebook.com\/aconteceunovale\" target=\"_blank\"><font color=\"red\">www.facebook.com\/aconteceunovale<\/font><\/a> ou no box abaixo:<\/strong><\/p>\n<div class=\"fb-like\" data-href=\"https:\/\/www.facebook.com\/aconteceunovale\" data-width=\"120\" data-layout=\"standard\" data-action=\"like\" data-size=\"small\" data-show-faces=\"true\" data-share=\"true\"><\/div>\n<p><\/br><\/p>\n<p><em>(Fonte: Ascom Prefeitura de Capelinha)<\/em><\/p>\n","protected":false},"excerpt":{"rendered":"<p>Os capelinhenses j\u00e1 podem comemorar: em apenas uma semana da nova administra\u00e7\u00e3o municipal ser\u00e1 inaugurada a Cl\u00ednica de Fisioterapia de Capelinha. O espa\u00e7o de atendimento vai funcionar a partir desta segunda-feira, 9 de janeiro, na Academia de Sa\u00fade, que fica na rua das Azal\u00e9ias, 14, no bairro Bouganville. A instala\u00e7\u00e3o da Cl\u00ednica de Fisioterapia cumpre [&hellip;]<\/p>\n","protected":false},"author":1,"featured_media":106291,"comment_status":"open","ping_status":"closed","sticky":false,"template":"","format":"standard","meta":{"amp_status":"","footnotes":""},"categories":[40242,120],"tags":[134727,132,134726,134733,134725,134724,134729,134730,134731,134732,134728,134216,134734,134735,133800],"class_list":["post-106290","post","type-post","status-publish","format-standard","has-post-thumbnail","hentry","category-saude-2","category-jequi","tag-academia-de-saude","tag-capelinha","tag-capelinha-ganha-clinica-de-fisioterapia","tag-celia-pecanha","tag-clinica-de-fisioterapia","tag-clinica-de-fisioterapia-de-capelinha","tag-dr-samuel-jardim","tag-dra-ana-paula-macedo","tag-dra-tacia-vieira","tag-fisioterapeuta-samuel-jardim","tag-instalacao-da-clinica-de-fisioterapia-em-capelinha","tag-prefeito-tadeuzinho-abreu","tag-prefeito-tadeuzinho-abreu-anuncia-clinica-de-fisioterapia-em-capelinha","tag-prefeito-tadeuzinho-abreu-anuncia-inauguracao-de-clinica-de-fisioterapia-em-capelinha","tag-tadeuzinho-abreu"],"_links":{"self":[{"href":"https:\/\/aconteceunovale.com.br\/portal\/index.php?rest_route=\/wp\/v2\/posts\/106290","targetHints":{"allow":["GET"]}}],"collection":[{"href":"https:\/\/aconteceunovale.com.br\/portal\/index.php?rest_route=\/wp\/v2\/posts"}],"about":[{"href":"https:\/\/aconteceunovale.com.br\/portal\/index.php?rest_route=\/wp\/v2\/types\/post"}],"author":[{"embeddable":true,"href":"https:\/\/aconteceunovale.com.br\/portal\/index.php?rest_route=\/wp\/v2\/users\/1"}],"replies":[{"embeddable":true,"href":"https:\/\/aconteceunovale.com.br\/portal\/index.php?rest_route=%2Fwp%2Fv2%2Fcomments&post=106290"}],"version-history":[{"count":0,"href":"https:\/\/aconteceunovale.com.br\/portal\/index.php?rest_route=\/wp\/v2\/posts\/106290\/revisions"}],"wp:featuredmedia":[{"embeddable":true,"href":"https:\/\/aconteceunovale.com.br\/portal\/index.php?rest_route=\/wp\/v2\/media\/106291"}],"wp:attachment":[{"href":"https:\/\/aconteceunovale.com.br\/portal\/index.php?rest_route=%2Fwp%2Fv2%2Fmedia&parent=106290"}],"wp:term":[{"taxonomy":"category","embeddable":true,"href":"https:\/\/aconteceunovale.com.br\/portal\/index.php?rest_route=%2Fwp%2Fv2%2Fcategories&post=106290"},{"taxonomy":"post_tag","embeddable":true,"href":"https:\/\/aconteceunovale.com.br\/portal\/index.php?rest_route=%2Fwp%2Fv2%2Ftags&post=106290"}],"curies":[{"name":"wp","href":"https:\/\/api.w.org\/{rel}","templated":true}]}}