{"id":106203,"date":"2017-01-04T19:38:30","date_gmt":"2017-01-04T21:38:30","guid":{"rendered":"http:\/\/aconteceunovale.com.br\/portal\/?p=106203"},"modified":"2017-01-04T19:38:30","modified_gmt":"2017-01-04T21:38:30","slug":"apos-denuncias-policia-ambiental-apreende-passaros-em-montes-claros-e-mirabela","status":"publish","type":"post","link":"https:\/\/aconteceunovale.com.br\/portal\/?p=106203","title":{"rendered":"Ap\u00f3s den\u00fancias, Pol\u00edcia Ambiental apreende p\u00e1ssaros em Montes Claros e Mirabela"},"content":{"rendered":"<p>A Pol\u00edcia Militar de Meio Ambiente apreendeu sete can\u00e1rios-da-terra, dois p\u00e1ssaros sofr\u00eas e um periquito, na manh\u00e3 desta quarta-feira (4\/1\/2017), em uma casa no Bairro Esplanada, em Montes Claros. Os militares chegaram at\u00e9 o im\u00f3vel depois de uma den\u00fancia an\u00f4nima.<\/p>\n<p>O propriet\u00e1rio dos p\u00e1ssaros foi identificado, mas n\u00e3o foi preso porque n\u00e3o estava no local. Os animais foram entregues ao Instituto Estadual de Florestas (IEF), onde passar\u00e3o por avalia\u00e7\u00e3o. De acordo com a PM, dependendo das condi\u00e7\u00f5es dos passarinhos, eles poder\u00e3o ser devolvidos \u00e0 natureza.<\/p>\n<p><strong>Mirabela<\/strong><\/p>\n<p>Na zona rural de Mirabela, tamb\u00e9m depois de uma den\u00fancia sobre vendas de p\u00e1ssaros, um idoso, de 73 anos, foi conduzido \u00e0 delegacia, nesta ter\u00e7a-feira (3). Os militares apreenderam um can\u00e1rio-da-terra, gaiolas, cartuchos e materiais para recarga. O p\u00e1ssaro foi entregue ao IEF.<\/p>\n<p><img decoding=\"async\" src=\"http:\/\/aconteceunovale.com.br\/portal\/wp-content\/uploads\/2017\/01\/passaros_moc.jpg\" alt=\"\" \/><em>P\u00e1ssaros apreendidos na Rua Imperial, no Bairro Esplanada (Foto: PM\/Divulga\u00e7\u00e3o)<\/em><br \/>\n<\/br><\/p>\n<p><strong>VER PRIMEIRO<\/strong><\/p>\n<p><strong>Receba as not\u00edcias do Aconteceu no Vale em primeira m\u00e3o. Clique em curtir no endere\u00e7o <a href=\"https:\/\/www.facebook.com\/aconteceunovale\" target=\"_blank\"><font color=\"red\">www.facebook.com\/aconteceunovale<\/font><\/a> ou no box abaixo:<\/strong><\/p>\n<div class=\"fb-like\" data-href=\"https:\/\/www.facebook.com\/aconteceunovale\" data-width=\"120\" data-layout=\"standard\" data-action=\"like\" data-size=\"small\" data-show-faces=\"true\" data-share=\"true\"><\/div>\n<p><\/br><\/p>\n<p><em>(Fonte: G1 Grande Minas)<\/em><\/p>\n","protected":false},"excerpt":{"rendered":"<p>A Pol\u00edcia Militar de Meio Ambiente apreendeu sete can\u00e1rios-da-terra, dois p\u00e1ssaros sofr\u00eas e um periquito, na manh\u00e3 desta quarta-feira (4\/1\/2017), em uma casa no Bairro Esplanada, em Montes Claros. Os militares chegaram at\u00e9 o im\u00f3vel depois de uma den\u00fancia an\u00f4nima. O propriet\u00e1rio dos p\u00e1ssaros foi identificado, mas n\u00e3o foi preso porque n\u00e3o estava no local. [&hellip;]<\/p>\n","protected":false},"author":1,"featured_media":106204,"comment_status":"open","ping_status":"closed","sticky":false,"template":"","format":"standard","meta":{"amp_status":"","footnotes":""},"categories":[1236],"tags":[134495,134497,94293,1699,210,134498,94294,134496],"class_list":["post-106203","post","type-post","status-publish","format-standard","has-post-thumbnail","hentry","category-norte_de_minas","tag-apos-denuncias","tag-apreensao-de-passaros-em-mirabela","tag-apreensao-de-passaros-em-montes-claros","tag-mirabela","tag-montes-claros","tag-passaros-apreendidos-em-mirabela","tag-passaros-apreendidos-em-montes-claros","tag-policia-ambiental-apreende-passaros-em-montes-claros-e-mirabela"],"_links":{"self":[{"href":"https:\/\/aconteceunovale.com.br\/portal\/index.php?rest_route=\/wp\/v2\/posts\/106203","targetHints":{"allow":["GET"]}}],"collection":[{"href":"https:\/\/aconteceunovale.com.br\/portal\/index.php?rest_route=\/wp\/v2\/posts"}],"about":[{"href":"https:\/\/aconteceunovale.com.br\/portal\/index.php?rest_route=\/wp\/v2\/types\/post"}],"author":[{"embeddable":true,"href":"https:\/\/aconteceunovale.com.br\/portal\/index.php?rest_route=\/wp\/v2\/users\/1"}],"replies":[{"embeddable":true,"href":"https:\/\/aconteceunovale.com.br\/portal\/index.php?rest_route=%2Fwp%2Fv2%2Fcomments&post=106203"}],"version-history":[{"count":0,"href":"https:\/\/aconteceunovale.com.br\/portal\/index.php?rest_route=\/wp\/v2\/posts\/106203\/revisions"}],"wp:featuredmedia":[{"embeddable":true,"href":"https:\/\/aconteceunovale.com.br\/portal\/index.php?rest_route=\/wp\/v2\/media\/106204"}],"wp:attachment":[{"href":"https:\/\/aconteceunovale.com.br\/portal\/index.php?rest_route=%2Fwp%2Fv2%2Fmedia&parent=106203"}],"wp:term":[{"taxonomy":"category","embeddable":true,"href":"https:\/\/aconteceunovale.com.br\/portal\/index.php?rest_route=%2Fwp%2Fv2%2Fcategories&post=106203"},{"taxonomy":"post_tag","embeddable":true,"href":"https:\/\/aconteceunovale.com.br\/portal\/index.php?rest_route=%2Fwp%2Fv2%2Ftags&post=106203"}],"curies":[{"name":"wp","href":"https:\/\/api.w.org\/{rel}","templated":true}]}}